{"id":4140,"date":"2021-05-06T14:05:36","date_gmt":"2021-05-06T14:05:36","guid":{"rendered":"http:\/\/nuevacordoba.net\/index.php\/2021\/05\/06\/fallecio-carlos-griguol-maestro-del-futbol-argentino\/"},"modified":"2021-05-06T14:05:36","modified_gmt":"2021-05-06T14:05:36","slug":"fallecio-carlos-griguol-maestro-del-futbol-argentino","status":"publish","type":"post","link":"http:\/\/nuevacordoba.net\/index.php\/2021\/05\/06\/fallecio-carlos-griguol-maestro-del-futbol-argentino\/","title":{"rendered":"Falleci\u00f3 Carlos Griguol, maestro del f\u00fatbol argentino"},"content":{"rendered":"<div class=\"image\" id=\"image\" readability=\"8\"> <img src=\"http:\/\/nuevacordoba.net\/wp-content\/uploads\/2021\/05\/fallecio-carlos-griguol-maestro-del-futbol-argentino.jpg\" alt=\"Carlos Timoteo Griguol, maestro del f\u00fatbol argentino y exDT campe\u00f3n.\" title=\"Carlos Timoteo Griguol, maestro del f\u00fatbol argentino y exDT campe\u00f3n.\"><\/p>\n<p>Carlos Timoteo Griguol, maestro del f\u00fatbol argentino y exDT campe\u00f3n.<\/p>\n<\/div>\n<p>Carlos Timoteo Griguol, maestro del f\u00fatbol argentino y exDT campe\u00f3n con Rosario Central, Ferro Carril Oeste y River Plate, falleci\u00f3 a los 86 a\u00f1os, confirm\u00f3 su yerno, el exfutbolista V\u00edctor Hugo Marchesini.<\/p>\n<p><strong>Griguol se encontraba internado por dificultades respiratorias en el Sanatorio Los Arcos<\/strong>, del barrio porte\u00f1o de Palermo.<\/p>\n<p>La semana pasada una informaci\u00f3n period\u00edstica equivocada y sin chequear hab\u00eda anunciado la muerte, que finalmente se produjo este jueves.<\/p>\n<p><strong>El encargado de confirmar el deceso fue su yerno Marchesini<\/strong>, quien a trav\u00e9s de Twiter escribi\u00f3: \u00abSe nos fu\u00e9 Timo. Gracias por todo Viejito, imposible no tenerte presente minuto a minuto. Te voy a extra\u00f1ar. QEPD\u00bb.<\/p>\n<div class=\"js-code\" readability=\"6.5276073619632\">\n<blockquote class=\"twitter-tweet\" readability=\"6.5276073619632\">\n<p lang=\"es\" dir=\"ltr\">Se nos fu\u00e9 Timo.<br \/>Gracias por todo Viejito, imposible no tenerte presente minuto a minuto.<br \/>Te voy a extra\u00f1ar.<br \/>QEPD.<\/p>\n<p>\u2014 V\u00edctor Marchesini (@VMarchesini6) <a href=\"https:\/\/twitter.com\/VMarchesini6\/status\/1390253737038467077?ref_src=twsrc%5Etfw\">May 6, 2021<\/a><\/p><\/blockquote><\/div>\n<p>La despedida de Ferro<\/p>\n<p>Ferrol Carril Oeste despidi\u00f3 a su m\u00e1xima leyenda, con la convicci\u00f3n de que su \u00ablegado\u00bb ser\u00e1 \u00abla bandera\u00bb que gu\u00ede a la instituci\u00f3n.<\/p>\n<p>\u00abTu legado es y ser\u00e1 nuestra bandera. Tus valores son y ser\u00e1n nuestros horizontes. Tus campeonatos fueron, son y ser\u00e1n nuestra gloria eterna. Tu nombre es y ser\u00e1 leyenda. Ser\u00e1s #EternoTimoteo. Ayer, hoy y siempre\u00bb, public\u00f3 el club en su cuenta de Twitter.<\/p>\n<div class=\"js-code\" readability=\"7.5145631067961\">\n<blockquote class=\"twitter-tweet\" readability=\"9.1844660194175\">\n<p lang=\"es\" dir=\"ltr\">Tu legado es y ser\u00e1 nuestra bandera. Tus valores son y ser\u00e1n nuestros horizontes. Tus campeonatos fueron, son y ser\u00e1n nuestra gloria eterna. <\/p>\n<p>Tu nombre es y ser\u00e1 leyenda. <\/p>\n<p>Ser\u00e1s <a href=\"https:\/\/twitter.com\/hashtag\/EternoTimoteo?src=hash&amp;ref_src=twsrc%5Etfw\">#EternoTimoteo<\/a>. <\/p>\n<p>Ayer, hoy y siempre \ud83d\udc9a<\/p>\n<p>1934-\u267e\ufe0f <a href=\"https:\/\/t.co\/eHoiAN4xcu\">pic.twitter.com\/eHoiAN4xcu<\/a><\/p>\n<p>\u2014 Ferro Carril Oeste (@FerroOficial) <a href=\"https:\/\/twitter.com\/FerroOficial\/status\/1390260105166434306?ref_src=twsrc%5Etfw\">May 6, 2021<\/a><\/p><\/blockquote><\/div>\n<p>Griguol, nacido en C\u00f3rdoba el 4 de septiembre de 1934, dirigi\u00f3 a Ferro Carril Oeste en dos etapas (1979-1987 y 1988-1993) y en la primera le dio al club los \u00fanicos t\u00edtulos de primera divisi\u00f3n en la historia del f\u00fatbol argentino.<\/p>\n<p>Bajo su direcci\u00f3n, Ferro coron\u00f3 los torneos Nacionales 1982 y 1984 con grandes figuras como H\u00e9ctor C\u00faper, Oscar Garr\u00e9, Adolfino Ca\u00f1ete y Alberto M\u00e1rcico en el equipo.<\/p>\n<p>Dolor en las redes<\/p>\n<p>El presidente de la Asociaci\u00f3n del F\u00fatbol Argentino (AFA), Claudio \u00abChiqui\u00bb Tapia, expres\u00f3 su \u00abtristeza\u00bb por el fallecimiento del exentrenador Carlos Timoteo Griguol, considerado un maestro de generaciones en el f\u00fatbol nacional.<\/p>\n<p>\u00abQue tristeza con esta noticia, del querido Timoteo, mis condolencias y cari\u00f1o m\u00e1s profundo a su familia y amigos\u00bb, tuite\u00f3 el dirigente al conocerse la noticia esta ma\u00f1ana a trav\u00e9s de un mensaje de uno de sus yernos, el exfutbolista V\u00edctor Hugo Marchesini.<\/p>\n<p>&nbsp;<br \/>\nEl intendente de La Plata, Julio Garro, lament\u00f3 el fallecimiento de Carlos Timoteo Griguol, a quien consider\u00f3 como \u00abuna leyenda del deporte y un maestro de la vida\u00bb, que dej\u00f3 \u00absu huella para siempre\u00bb en la capital provincial.<\/p>\n<p>En un posteo en la red social Twitter, el jefe comunal manifest\u00f3 su acompa\u00f1amiento a la familia y seres queridos de Griguol, as\u00ed como a \u00abtodo el pueblo Tripero\u00bb.<\/p>\n<div class=\"js-code\" readability=\"6.5234042553191\">\n<blockquote class=\"twitter-tweet\" readability=\"6.5234042553191\">\n<p lang=\"es\" dir=\"ltr\">Carlos Timoteo Griguol fue una leyenda del deporte y un maestro de la vida. Su huella en nuestra Ciudad queda para siempre. Acompa\u00f1o a su familia, seres queridos y todo el pueblo Tripero. <a href=\"https:\/\/twitter.com\/hashtag\/QEPD?src=hash&amp;ref_src=twsrc%5Etfw\">#QEPD<\/a><\/p>\n<p>\u2014 Julio Garro (@JulioGarro) <a href=\"https:\/\/twitter.com\/JulioGarro\/status\/1390260362549899264?ref_src=twsrc%5Etfw\">May 6, 2021<\/a><\/p><\/blockquote><\/div>\n","protected":false},"excerpt":{"rendered":"<p>Carlos Timoteo Griguol, maestro del f\u00fatbol argentino y exDT campe\u00f3n. Carlos Timoteo Griguol, maestro del f\u00fatbol argentino y exDT campe\u00f3n con Rosario Central, Ferro Carril Oeste y River Plate, falleci\u00f3 a los 86 a\u00f1os, confirm\u00f3 su yerno, el exfutbolista V\u00edctor Hugo Marchesini. Griguol se encontraba internado por dificultades respiratorias en el Sanatorio Los Arcos, del [&hellip;]<\/p>\n","protected":false},"author":1,"featured_media":4141,"comment_status":"closed","ping_status":"closed","sticky":false,"template":"","format":"standard","meta":[],"categories":[10],"tags":[],"_links":{"self":[{"href":"http:\/\/nuevacordoba.net\/index.php\/wp-json\/wp\/v2\/posts\/4140"}],"collection":[{"href":"http:\/\/nuevacordoba.net\/index.php\/wp-json\/wp\/v2\/posts"}],"about":[{"href":"http:\/\/nuevacordoba.net\/index.php\/wp-json\/wp\/v2\/types\/post"}],"author":[{"embeddable":true,"href":"http:\/\/nuevacordoba.net\/index.php\/wp-json\/wp\/v2\/users\/1"}],"replies":[{"embeddable":true,"href":"http:\/\/nuevacordoba.net\/index.php\/wp-json\/wp\/v2\/comments?post=4140"}],"version-history":[{"count":0,"href":"http:\/\/nuevacordoba.net\/index.php\/wp-json\/wp\/v2\/posts\/4140\/revisions"}],"wp:featuredmedia":[{"embeddable":true,"href":"http:\/\/nuevacordoba.net\/index.php\/wp-json\/wp\/v2\/media\/4141"}],"wp:attachment":[{"href":"http:\/\/nuevacordoba.net\/index.php\/wp-json\/wp\/v2\/media?parent=4140"}],"wp:term":[{"taxonomy":"category","embeddable":true,"href":"http:\/\/nuevacordoba.net\/index.php\/wp-json\/wp\/v2\/categories?post=4140"},{"taxonomy":"post_tag","embeddable":true,"href":"http:\/\/nuevacordoba.net\/index.php\/wp-json\/wp\/v2\/tags?post=4140"}],"curies":[{"name":"wp","href":"https:\/\/api.w.org\/{rel}","templated":true}]}}