{"id":41407,"date":"2024-02-15T18:56:17","date_gmt":"2024-02-15T18:56:17","guid":{"rendered":"https:\/\/puntoapunto.com.ar\/?p=357172"},"modified":"2024-02-15T18:56:17","modified_gmt":"2024-02-15T18:56:17","slug":"milei-anuncio-vouchers-para-pagar-comprar-utiles-y-pagar-los-colegios-privados","status":"publish","type":"post","link":"http:\/\/nuevacordoba.net\/index.php\/2024\/02\/15\/milei-anuncio-vouchers-para-pagar-comprar-utiles-y-pagar-los-colegios-privados\/","title":{"rendered":"Milei anunci\u00f3 \u00abvouchers\u00bb para pagar comprar \u00fatiles y pagar los colegios privados"},"content":{"rendered":"\n<p>El presidente Javier <strong>Milei<\/strong>&nbsp;anunci\u00f3 este jueves que en los pr\u00f3ximos d\u00edas se lanzar\u00e1n \u00ab<strong>vouchers&nbsp;<\/strong>para poder comprar&nbsp;<strong>\u00fatiles escolares<\/strong>, como una forma de contenci\u00f3n a la clase media\u00bb as\u00ed como una ayuda para hacer frente al&nbsp;<strong>pago de los colegios privados<\/strong>.<\/p>\n<p>\u201cVa a haber vouchers y financiamiento para alumnos. Est\u00e1n trabajando los ministros (Sandra) Pettovello y (Luis) Caputo. Estamos muy cerca de anunciar eso\u00bb, dijo Milei en declaraciones formuladas esta ma\u00f1ana a la radio La Red.<\/p>\n<p>Sobre esta medida, el mandatario dijo que busca evitar que las familias cambien a sus hijos de escuela: \u00ab<strong>Estamos desarrollando un mecanismo de asistencia para la clase media en busca de que los chicos no pierdan el colegio, porque la situaci\u00f3n hoy es que se caen los ingresos. Eso no solo es traumatizante para los padres, tambi\u00e9n lo es para los chicos<\/strong>\u00ab.<\/p>\n<p>Sobre el plan de vouchers para la compra de \u00fatiles escolares, el presidente dio pocos detalles y se limit\u00f3 a expresar que \u00aben los pr\u00f3ximos d\u00edas\u00bb ser\u00e1 anunciado por la ministra de Capital Humano, Sandra Pettovello.<\/p>\n<footer class=\"author-bio-section\">\n<p class=\"author-name\">Punto a Punto<\/p>\n<p class=\"author-image\"><img loading=\"lazy\" alt height=\"90\" width=\"90\" class=\"avatar avatar-90 photo lazyload\" src=\"http:\/\/nuevacordoba.net\/wp-content\/uploads\/2024\/02\/milei-anuncio-vouchers-para-pagar-comprar-utiles-y-pagar-los-colegios-privados.jpg\" srcset=\"http:\/\/nuevacordoba.net\/wp-content\/uploads\/2024\/02\/milei-anuncio-vouchers-para-pagar-comprar-utiles-y-pagar-los-colegios-privados.jpg 2x\"><\/p>\n<p> <a href=\"https:\/\/puntoapunto.com.ar\/cdn-cgi\/l\/email-protection#a1d2cec7c8c0e1d1c0d18fc2cecc8fc0d3\" target=\"_blank\" rel=\"nofollow noopener\" title=\"E-mail\" class=\"tooltip\"><i class=\"fa fa-envelope-square fa-2x\"><\/i> <\/a><\/footer>\n","protected":false},"excerpt":{"rendered":"<p>El presidente Javier Milei&nbsp;anunci\u00f3 este jueves que en los pr\u00f3ximos d\u00edas se lanzar\u00e1n \u00abvouchers&nbsp;para poder comprar&nbsp;\u00fatiles escolares, como una forma de contenci\u00f3n a la clase media\u00bb as\u00ed como una ayuda para hacer frente al&nbsp;pago de los colegios privados. \u201cVa a haber vouchers y financiamiento para alumnos. Est\u00e1n trabajando los ministros (Sandra) Pettovello y (Luis) Caputo. [&hellip;]<\/p>\n","protected":false},"author":1,"featured_media":41408,"comment_status":"open","ping_status":"closed","sticky":false,"template":"","format":"standard","meta":[],"categories":[14],"tags":[],"_links":{"self":[{"href":"http:\/\/nuevacordoba.net\/index.php\/wp-json\/wp\/v2\/posts\/41407"}],"collection":[{"href":"http:\/\/nuevacordoba.net\/index.php\/wp-json\/wp\/v2\/posts"}],"about":[{"href":"http:\/\/nuevacordoba.net\/index.php\/wp-json\/wp\/v2\/types\/post"}],"author":[{"embeddable":true,"href":"http:\/\/nuevacordoba.net\/index.php\/wp-json\/wp\/v2\/users\/1"}],"replies":[{"embeddable":true,"href":"http:\/\/nuevacordoba.net\/index.php\/wp-json\/wp\/v2\/comments?post=41407"}],"version-history":[{"count":0,"href":"http:\/\/nuevacordoba.net\/index.php\/wp-json\/wp\/v2\/posts\/41407\/revisions"}],"wp:featuredmedia":[{"embeddable":true,"href":"http:\/\/nuevacordoba.net\/index.php\/wp-json\/wp\/v2\/media\/41408"}],"wp:attachment":[{"href":"http:\/\/nuevacordoba.net\/index.php\/wp-json\/wp\/v2\/media?parent=41407"}],"wp:term":[{"taxonomy":"category","embeddable":true,"href":"http:\/\/nuevacordoba.net\/index.php\/wp-json\/wp\/v2\/categories?post=41407"},{"taxonomy":"post_tag","embeddable":true,"href":"http:\/\/nuevacordoba.net\/index.php\/wp-json\/wp\/v2\/tags?post=41407"}],"curies":[{"name":"wp","href":"https:\/\/api.w.org\/{rel}","templated":true}]}}