{"id":41443,"date":"2024-02-15T21:34:58","date_gmt":"2024-02-15T21:34:58","guid":{"rendered":"https:\/\/cordoba.gob.ar\/?p=55433"},"modified":"2024-02-15T21:34:58","modified_gmt":"2024-02-15T21:34:58","slug":"reunion-red-federal-de-intendentes","status":"publish","type":"post","link":"http:\/\/nuevacordoba.net\/index.php\/2024\/02\/15\/reunion-red-federal-de-intendentes\/","title":{"rendered":"Reuni\u00f3n Red Federal de Intendentes"},"content":{"rendered":"<div><img src=\"http:\/\/nuevacordoba.net\/wp-content\/uploads\/2024\/02\/reunion-red-federal-de-intendentes.jpg\" class=\"ff-og-image-inserted\"><\/div>\n<p align=\"justify\"><span><span lang=\"es-ES-u-co-trad\">La red ha nacido como organizaci\u00f3n horizontal. Este esquema tiene como objetivo \u00fanico la b\u00fasqueda y realizaci\u00f3n de soluciones para los vecinos de nuestras ciudades. No tiene autoridades ni formalidad, al menos por ahora. <\/span><\/span><\/p>\n<p align=\"justify\"><span><span lang=\"es-ES-u-co-trad\">Nos ocuparemos de resolver los temas de nuestras poblaciones. Este espacio se nutre de distintas fuerzas pol\u00edticas, la prioridad son las ciudades que gobernamos, lejos de pertenencias partidarias que cada uno leg\u00edtimamente sostiene en los \u00e1mbitos correspondientes. <\/span><\/span><\/p>\n<p align=\"justify\"><span><span lang=\"es-ES-u-co-trad\">Nuestra fortaleza justamente se centra en la concentraci\u00f3n hacia la gesti\u00f3n, como parte esencial de lo que implica gobernar una ciudad. Somos la puerta inicial a la que l\u00f3gica y correctamente recurren los vecinos para encontrar respuestas, y respuestas y soluciones son las que damos y buscamos.<\/span><\/span><\/p>\n<p align=\"justify\"><span><span lang=\"es-ES-u-co-trad\"><em>Hoy nos une la necesidad imperiosa de encontrar soluciones para solventar el funcionamiento del sistema de transporte p\u00fablico urbano en nuestras ciudades<\/em>. Es un problema que tiene historia de a\u00f1os de administraci\u00f3n errada e injusta desde los distintos gobiernos nacionales, que parte de una clara discriminaci\u00f3n en la distribuci\u00f3n de los subsidios tarifarios. <\/span><\/span><\/p>\n<p align=\"justify\"><span><span lang=\"es-ES-u-co-trad\">Los estados subnacionales, provincias y municipios a trav\u00e9s del esfuerzo de sus ciudadanos, aportamos a un fondo com\u00fan nacional. Pero luego la determinaci\u00f3n que realizan los gobiernos nacionales de la distribuci\u00f3n de estos recursos se ha tornado absolutamente inequitativa desde hace a\u00f1os, perjudicando fuertemente al interior.<\/span><\/span><\/p>\n<p align=\"justify\"><span><span lang=\"es-ES-u-co-trad\">Mientras est\u00e1bamos debatiendo c\u00f3mo afrontar esta inequidad, nos encontramos con una nueva decisi\u00f3n del Gobierno Nacional actual que termina por derrumbar las posibilidades de funcionamiento normal del transporte p\u00fablico en las ciudades. Una decisi\u00f3n inconsulta, equivocada y de consecuencias nefastas para el interior de nuestro pa\u00eds.<\/span><\/span><\/p>\n<p align=\"justify\"><span><span lang=\"es-ES-u-co-trad\">Y profundiza la injusticia y la inequidad: se elimina totalmente el fondo destinado a subsidiar parte de la tarifa del transporte, que ya era injusta y discriminadora, pero solo para el interior, manteniendo la prerrogativa para el AMBA. <\/span><\/span><\/p>\n<p align=\"justify\"><span><span lang=\"es-ES-u-co-trad\">Doble mazazo para los municipios argentinos, con excepciones que irritan a\u00fan m\u00e1s.<\/span><\/span><\/p>\n<p align=\"justify\"><span><span lang=\"es-ES-u-co-trad\"><em>\u00bfA qui\u00e9nes afectan estas medidas del Gobierno Nacional? A nuestros vecinos, a los trabajadores de todas las actividades, a los estudiantes, a jubilados, a quienes deben realizar estudios de salud, a familias enteras que utilizan el transporte p\u00fablico para movilizarse. A docentes, polic\u00edas, trabajadores de la salud, que llegan a sus trabajos por este medio<\/em>.<\/span><\/span><\/p>\n<p align=\"justify\"><span><span lang=\"es-ES-u-co-trad\">Afecta a los municipios desde todo punto de vista, ya que se pone en riesgo la din\u00e1mica y la actividad cotidiana de las ciudades, lo econ\u00f3mico, social, productivo. Todos nos vemos afectados, millones de argentinos del interior. Millones de contribuyentes que cada vez que cargamos combustible pagamos un impuesto del que luego no recibimos absolutamente nada.<\/span><\/span><\/p>\n<p align=\"justify\"><span><span lang=\"es-ES-u-co-trad\">Nos hemos reunido en esta oportunidad para el tratamiento de seis puntos concretos, vinculados al tema que hoy nos convoca con profunda preocupaci\u00f3n:<\/span><\/span><\/p>\n<ol readability=\"1\">\n<li readability=\"5\">\n<p align=\"justify\"><span><span lang=\"es-ES-u-co-trad\">Exhortar a los Diputados y Senadores Nacionales de nuestras provincias a plantear un Proyecto de Ley que, en lo inmediato, exija el cumplimiento del Pacto Fiscal del a\u00f1o 2017 que incluye la distribuci\u00f3n de este fondo que hoy unilateralmente se ha dispuesto desde el Poder Ejecutivo Nacional, que se quit\u00f3 unilateralmente a todo el interior del Pa\u00eds.<\/span><\/span><\/p>\n<\/li>\n<\/ol>\n<p align=\"justify\"><span><span lang=\"es-ES-u-co-trad\">Asimismo, que el Proyecto de Ley tambi\u00e9n incorpore de manera equitativa y justa, que los fondos que todos los argentinos aportamos sean distribuidos a las 23 provincias y la Ciudad Aut\u00f3noma de Buenos Aires. <\/span><\/span><\/p>\n<p align=\"justify\"><span><span lang=\"es-ES-u-co-trad\">A su vez solicitaremos a las Legislaturas Provinciales y Concejos Deliberantes que se manifiesten en id\u00e9ntico sentido.<\/span><\/span><\/p>\n<ol start=\"2\" readability=\"1\">\n<li readability=\"5\">\n<p align=\"justify\"><span><span lang=\"es-ES-u-co-trad\">Promover ante los legisladores nacionales de nuestras provincias un proyecto de ley que modifique la estructura actual de distribuci\u00f3n de la recaudaci\u00f3n <\/span><\/span><span>del \u201cImpuesto a los combustibles l\u00edquidos y al di\u00f3xido de carbono\u201d de tal forma que el 28,58% originalmente destinado al Fideicomiso de Infraestructura de Transporte, se redistribuya de la siguiente manera: un 50% al SISVIAL y un 50% para las compensaciones de los sistemas de transporte p\u00fablico de pasajeros del interior del pa\u00eds, distribuidas en base a los colectivos habilitados en cada sistema.<\/span><\/p>\n<\/li>\n<\/ol>\n<ol start=\"3\" readability=\"1.5\">\n<li readability=\"6\">\n<p align=\"justify\"><span><span lang=\"es-ES-u-co-trad\">Generar herramientas de compensaci\u00f3n en com\u00fan, similar o una franja con par\u00e1metros m\u00ednimos entre los municipios de la Red Federal de Intendentes, para la adecuaci\u00f3n tarifaria, con el objeto de brindar certezas a nuestros vecinos, empresas concesionarias y dem\u00e1s integrantes de los sistemas de transporte p\u00fablico en nuestras ciudades. <\/span><\/span><\/p>\n<\/li>\n<\/ol>\n<ol start=\"4\" readability=\"-1.5\">\n<li readability=\"0\">\n<p align=\"justify\"><span><span lang=\"es-ES-u-co-trad\">Estamos comprometidos todos los intendentes para avanzar en los mecanismos que lleven a orientar el destino del subsidio a la demanda en el transporte.<\/span><\/span><\/p>\n<\/li>\n<\/ol>\n<ol start=\"5\" readability=\"0\">\n<li readability=\"3\">\n<p align=\"justify\"><span><span lang=\"es-ES-u-co-trad\">Solicitar con car\u00e1cter de urgencia, audiencia al se\u00f1or Ministro del Interior Guillermo Francos, para ponerlo en conocimiento de la gravedad de la situaci\u00f3n que atravesamos las comunidades y municipios del interior de nuestra Argentina.<\/span><\/span><\/p>\n<\/li>\n<\/ol>\n<ol start=\"6\" readability=\"-1\">\n<li readability=\"1\">\n<p align=\"justify\"><span><span lang=\"es-ES-u-co-trad\">Analizar con urgencia la presentaci\u00f3n de recursos formales administrativos y judiciales ante el incumplimiento de la ley de Presupuesto y la retenci\u00f3n de los subsidios que se adeudan. Lo mismo ante la anunciada pero nunca publicada resoluci\u00f3n de eliminaci\u00f3n del aporte nacional anterior.<\/span><\/span><\/p>\n<\/li>\n<\/ol>\n<p align=\"justify\"><span><span lang=\"es-ES-u-co-trad\">Por \u00faltimo, instamos al Poder Ejecutivo Nacional a revertir esta medida injusta, inconsulta, potencialmente ilegal y de afectaci\u00f3n directa a los ciudadanos que representamos directamente. A la vez que requerimos se suprima de manera concreta y definitiva la pol\u00edtica de discriminaci\u00f3n en la distribuci\u00f3n de fondos nacionales que corresponden a todos los argentinos. <\/span><\/span><\/p>\n<p align=\"justify\"><span><span lang=\"es-ES-u-co-trad\">Defenderemos con firmeza a nuestros vecinos en todas las instancias, hemos sido elegidos para gobernar nuestras ciudades y la responsabilidad que conlleva esta confianza delegada no ser\u00e1 abandonada. <\/span><\/span><\/p>\n<p align=\"justify\"><span><span lang=\"es-ES-u-co-trad\">Presentes en la reuni\u00f3n:<\/span><\/span><\/p>\n<p align=\"justify\"><span><span lang=\"es-ES-u-co-trad\">Dami\u00e1n Bernarte, Intendente de San Francisco (C\u00f3rdoba).<\/span><\/span><\/p>\n<p align=\"justify\"><span><span lang=\"es-ES-u-co-trad\">Daniel Passerini, Intendente de C\u00f3rdoba (C\u00f3rdoba)<\/span><\/span><\/p>\n<p align=\"justify\"><span><span lang=\"es-ES-u-co-trad\">Jorge Jofr\u00e9, Intendente de Formosa (Formosa). <\/span><\/span><\/p>\n<p align=\"justify\"><span><span lang=\"es-ES-u-co-trad\">Juan Manuel Llamosas, Intendente de Rio Cuarto (C\u00f3rdoba)<\/span><\/span><\/p>\n<p align=\"justify\"><span><span lang=\"es-ES-u-co-trad\">Juan Pablo Poletti, Intendente de Santa Fe (Santa Fe).<\/span><\/span><\/p>\n<p align=\"justify\"><span><span lang=\"es-ES-u-co-trad\">Leonardo Viotti, Intendente de Rafaela (Santa Fe).<\/span><\/span><\/p>\n<p align=\"justify\"><span><span lang=\"es-ES-u-co-trad\">Marcos Castro, Intendente de Viedma (R\u00edo Negro).<\/span><\/span><\/p>\n<p align=\"justify\"> <span><span lang=\"es-ES-u-co-trad\">Mar\u00eda Pasqualini, Jefa de Gabinete de Neuqu\u00e9n (Neuqu\u00e9n).<\/span><\/span><\/p>\n<p align=\"justify\"><span><span lang=\"es-ES-u-co-trad\">Maximiliano Frontera, Intendente de Villa Mercedes (San Luis).<\/span><\/span><\/p>\n<p align=\"justify\"><span><span lang=\"es-ES-u-co-trad\">Norma Fuentes, Santiago del Estero, ( Santiago del Estero).<\/span><\/span><\/p>\n<p align=\"justify\"><span><span lang=\"es-ES-u-co-trad\">Othar Macharashvili, Intendente de Comodoro Rivadavia (Chubut).<\/span><\/span><\/p>\n<p align=\"justify\"><span><span lang=\"es-ES-u-co-trad\">Pablo Javkin, Intendente de Rosario (Santa Fe)<\/span><\/span><\/p>\n<p align=\"justify\"><span><span lang=\"es-ES-u-co-trad\">Ra\u00fal Jorge, Intendente de San Salvador de Jujuy (Jujuy)<\/span><\/span><\/p>\n<p align=\"justify\"><span><span lang=\"es-ES-u-co-trad\">Rodrigo Buteler, Intendente de Cipoletti (R\u00edo Negro).<\/span><\/span><\/p>\n<p align=\"justify\"><span><span lang=\"es-ES-u-co-trad\">Rosario Romero, Intendente de Paran\u00e1 (Entre R\u00edos).<\/span><\/span><\/p>\n<p align=\"justify\"><span><span lang=\"es-ES-u-co-trad\">Walter Cort\u00e9s, Intendente de Bariloche (R\u00edo Negro).<\/span><\/span><\/p>\n<p align=\"justify\"><span><span lang=\"es-ES-u-co-trad\">Adem\u00e1s, adhieren:<\/span><\/span><\/p>\n<p align=\"justify\"><span><span lang=\"es-ES-u-co-trad\">Emiliano Durand, Intendente de Salta (Salta)<\/span><\/span><\/p>\n<p align=\"justify\"><span><span lang=\"es-ES-u-co-trad\">Guillermo Montenegro, Intendente de Mar del Plata (Buenos Aires)<\/span><\/span><\/p>\n","protected":false},"excerpt":{"rendered":"<p>La red ha nacido como organizaci\u00f3n horizontal. Este esquema tiene como objetivo \u00fanico la b\u00fasqueda y realizaci\u00f3n de soluciones para los vecinos de nuestras ciudades. No tiene autoridades ni formalidad, al menos por ahora. Nos ocuparemos de resolver los temas de nuestras poblaciones. Este espacio se nutre de distintas fuerzas pol\u00edticas, la prioridad son las [&hellip;]<\/p>\n","protected":false},"author":1,"featured_media":41444,"comment_status":"closed","ping_status":"closed","sticky":false,"template":"","format":"standard","meta":[],"categories":[14],"tags":[],"_links":{"self":[{"href":"http:\/\/nuevacordoba.net\/index.php\/wp-json\/wp\/v2\/posts\/41443"}],"collection":[{"href":"http:\/\/nuevacordoba.net\/index.php\/wp-json\/wp\/v2\/posts"}],"about":[{"href":"http:\/\/nuevacordoba.net\/index.php\/wp-json\/wp\/v2\/types\/post"}],"author":[{"embeddable":true,"href":"http:\/\/nuevacordoba.net\/index.php\/wp-json\/wp\/v2\/users\/1"}],"replies":[{"embeddable":true,"href":"http:\/\/nuevacordoba.net\/index.php\/wp-json\/wp\/v2\/comments?post=41443"}],"version-history":[{"count":0,"href":"http:\/\/nuevacordoba.net\/index.php\/wp-json\/wp\/v2\/posts\/41443\/revisions"}],"wp:featuredmedia":[{"embeddable":true,"href":"http:\/\/nuevacordoba.net\/index.php\/wp-json\/wp\/v2\/media\/41444"}],"wp:attachment":[{"href":"http:\/\/nuevacordoba.net\/index.php\/wp-json\/wp\/v2\/media?parent=41443"}],"wp:term":[{"taxonomy":"category","embeddable":true,"href":"http:\/\/nuevacordoba.net\/index.php\/wp-json\/wp\/v2\/categories?post=41443"},{"taxonomy":"post_tag","embeddable":true,"href":"http:\/\/nuevacordoba.net\/index.php\/wp-json\/wp\/v2\/tags?post=41443"}],"curies":[{"name":"wp","href":"https:\/\/api.w.org\/{rel}","templated":true}]}}