{"id":41481,"date":"2024-02-16T03:01:52","date_gmt":"2024-02-16T03:01:52","guid":{"rendered":"https:\/\/puntoapunto.com.ar\/?p=357146"},"modified":"2024-02-16T03:01:52","modified_gmt":"2024-02-16T03:01:52","slug":"edicion-semanal-maxima-tension-entre-llaryora-y-milei","status":"publish","type":"post","link":"http:\/\/nuevacordoba.net\/index.php\/2024\/02\/16\/edicion-semanal-maxima-tension-entre-llaryora-y-milei\/","title":{"rendered":"Edici\u00f3n semanal: M\u00e1xima tensi\u00f3n entre Llaryora y Milei"},"content":{"rendered":"<div class=\"g g-36\">\n<div class=\"g-dyn a-102 c-1\"><a class=\"gofollow\" data-track=\"MTAyLDM2LDEsNjA=\" href=\"https:\/\/puntoapunto.com.ar\/cdn-cgi\/l\/email-protection#ee8f808f8c8b82ae9e8f9ec08d8183c08f9cd19d9b8c848b8d9ad3a7a0a8a1bca3afada7cbadddcbd7dda0cbdcdebda1acbcabcbdcdebebca7a3abbccbdcdeaaa1bdbda7abbccbdcdedcdedcdac88c818a97d3a681828fcbdcadcbdcde8c9b8b80cbdcde8acbadddcbafaa8fc0cbdcdebf9b879d878b9c8fcbdcde9d8f8c8b9ccbdcde83cbadddcbafdf9dcbdcde9d818c9c8bcbdcde8b82cbdcde9e9c87838b9ccbdcde8a819d9d878b9ccbdcdedcdedcdac0c0c0\" target=\"_blank\" rel=\"noopener\"><img class=\"lazyload\" src=\"http:\/\/nuevacordoba.net\/wp-content\/uploads\/2024\/02\/edicion-semanal-maxima-tension-entre-llaryora-y-milei.jpg\"><\/a><\/div>\n<\/div>\n<p>&nbsp;\n<\/p>\n<p><span><strong>La edici\u00f3n interactiva digital de Punto a Punto ya est\u00e1 disponible.<\/strong> El tema central se basa en la pelea (que sigue escalando) entre el presidente <a href=\"https:\/\/puntoapunto.com.ar\/casi-el-53-de-los-argentinos-cree-que-milei-va-en-la-direccion-incorrecta\/\">Javier Milei<\/a> y el gobernador<a href=\"https:\/\/puntoapunto.com.ar\/pese-a-su-apoyo-a-milei-llaryora-cuestiono-la-suba-de-retenciones-no-vamos-a-acompanar-ese-impuesto\/\"> Mart\u00edn Llaryora,<\/a> que se origin\u00f3 cuando se cay\u00f3 en el Congreso la <a href=\"https:\/\/puntoapunto.com.ar\/el-proyecto-de-ley-bases-vuelve-a-comision\/\">ley \u00f3mnibus<\/a>.&nbsp;<\/span>\n<\/p>\n<p><span>Tras las acusaciones y descalificaciones del presidente, lleg\u00f3 la respuesta de Llaryora y desde el Centro C\u00edvico esperan m\u00e1s ataques del libertario.&nbsp;<\/span>\n<\/p>\n<p><span>Adem\u00e1s, en esta edici\u00f3n, los planes de <a href=\"https:\/\/www.ecipsa.com\/\">Ecipsa<\/a> para el 2024 y c\u00f3mo \u201cse rearma\u201d C\u00f3rdoba para volver a captar shows nacionales e internacionales sin el Orfeo como estandarte. La Provincia tiene en carpeta un Arena y el nuevo estadio de Atenas se convierte en un escenario \u201cde transici\u00f3n\u201d.&nbsp;<\/span>\n<\/p>\n<p><span>Tambi\u00e9n en este n\u00famero, uno de los socios del Movistar Arena se suma a<a href=\"https:\/\/puntoapunto.com.ar\/asi-sera-infinito-open-parque-acuatico-shopping-y-estadio-cubierto\/\"> Infinto Open,<\/a> el mega proyecto que se desarrolla en Av. Circunvalaci\u00f3n y la Autopista C\u00f3rdoba-Rosario.&nbsp;<\/span>\n<\/p>\n<p><strong>Le\u00e9 la edici\u00f3n semanal haciendo click ac\u00e1:<\/strong>\n<\/p>\n<p><a href=\"https:\/\/indd.adobe.com\/view\/c626f6e2-952f-4099-8f7e-a95bb4f88b82\" target=\"_blank\" rel=\"noopener\"><img loading=\"lazy\" decoding=\"async\" alt width=\"300\" height=\"80\" class=\"alignnone wp-image-357159 size-full lazyload\" src=\"http:\/\/nuevacordoba.net\/wp-content\/uploads\/2024\/02\/edicion-semanal-maxima-tension-entre-llaryora-y-milei-1.jpg\"> &nbsp;<\/a>&nbsp; &nbsp; &nbsp;<a href=\"https:\/\/indd.adobe.com\/view\/90cefe62-f968-4c3d-8b81-4bf360dafe09\" target=\"_blank\" rel=\"noopener\"><img loading=\"lazy\" decoding=\"async\" alt width=\"300\" height=\"80\" class=\"alignnone wp-image-357160 size-full lazyload\" src=\"http:\/\/nuevacordoba.net\/wp-content\/uploads\/2024\/02\/edicion-semanal-maxima-tension-entre-llaryora-y-milei-2.jpg\"><\/a>\n<\/p>\n<p>&nbsp;\n<\/p>\n<footer class=\"author-bio-section\">\n<p class=\"author-name\">Punto a Punto<\/p>\n<p class=\"author-image\"><img loading=\"lazy\" alt height=\"90\" width=\"90\" class=\"avatar avatar-90 photo lazyload\" src=\"http:\/\/nuevacordoba.net\/wp-content\/uploads\/2024\/02\/edicion-semanal-maxima-tension-entre-llaryora-y-milei-3.jpg\" srcset=\"http:\/\/nuevacordoba.net\/wp-content\/uploads\/2024\/02\/edicion-semanal-maxima-tension-entre-llaryora-y-milei-3.jpg 2x\"><\/p>\n<\/footer>\n<div class=\"g g-38\">\n<div class=\"g-dyn a-12 c-1\"><a class=\"gofollow\" data-track=\"MTIsMzgsMSw2MA==\" href=\"https:\/\/hospitalprivado.com.ar\/landing-trasplante.html\" target=\"_blank\" rel=\"noopener\"><img class=\"lazyload\" src=\"http:\/\/nuevacordoba.net\/wp-content\/uploads\/2024\/02\/edicion-semanal-maxima-tension-entre-llaryora-y-milei.gif\"><\/a><\/div>\n<\/div>\n","protected":false},"excerpt":{"rendered":"<p>&nbsp; La edici\u00f3n interactiva digital de Punto a Punto ya est\u00e1 disponible. El tema central se basa en la pelea (que sigue escalando) entre el presidente Javier Milei y el gobernador Mart\u00edn Llaryora, que se origin\u00f3 cuando se cay\u00f3 en el Congreso la ley \u00f3mnibus.&nbsp; Tras las acusaciones y descalificaciones del presidente, lleg\u00f3 la respuesta [&hellip;]<\/p>\n","protected":false},"author":1,"featured_media":41482,"comment_status":"open","ping_status":"closed","sticky":false,"template":"","format":"standard","meta":[],"categories":[14],"tags":[],"_links":{"self":[{"href":"http:\/\/nuevacordoba.net\/index.php\/wp-json\/wp\/v2\/posts\/41481"}],"collection":[{"href":"http:\/\/nuevacordoba.net\/index.php\/wp-json\/wp\/v2\/posts"}],"about":[{"href":"http:\/\/nuevacordoba.net\/index.php\/wp-json\/wp\/v2\/types\/post"}],"author":[{"embeddable":true,"href":"http:\/\/nuevacordoba.net\/index.php\/wp-json\/wp\/v2\/users\/1"}],"replies":[{"embeddable":true,"href":"http:\/\/nuevacordoba.net\/index.php\/wp-json\/wp\/v2\/comments?post=41481"}],"version-history":[{"count":0,"href":"http:\/\/nuevacordoba.net\/index.php\/wp-json\/wp\/v2\/posts\/41481\/revisions"}],"wp:featuredmedia":[{"embeddable":true,"href":"http:\/\/nuevacordoba.net\/index.php\/wp-json\/wp\/v2\/media\/41482"}],"wp:attachment":[{"href":"http:\/\/nuevacordoba.net\/index.php\/wp-json\/wp\/v2\/media?parent=41481"}],"wp:term":[{"taxonomy":"category","embeddable":true,"href":"http:\/\/nuevacordoba.net\/index.php\/wp-json\/wp\/v2\/categories?post=41481"},{"taxonomy":"post_tag","embeddable":true,"href":"http:\/\/nuevacordoba.net\/index.php\/wp-json\/wp\/v2\/tags?post=41481"}],"curies":[{"name":"wp","href":"https:\/\/api.w.org\/{rel}","templated":true}]}}