{"id":41507,"date":"2024-02-16T03:00:52","date_gmt":"2024-02-16T03:00:52","guid":{"rendered":"https:\/\/puntoapunto.com.ar\/?p=357179"},"modified":"2024-02-16T03:00:52","modified_gmt":"2024-02-16T03:00:52","slug":"el-gobierno-de-cordoba-espera-nuevas-embestidas-del-presidente-contra-las-provincias","status":"publish","type":"post","link":"http:\/\/nuevacordoba.net\/index.php\/2024\/02\/16\/el-gobierno-de-cordoba-espera-nuevas-embestidas-del-presidente-contra-las-provincias\/","title":{"rendered":"El gobierno de C\u00f3rdoba espera nuevas embestidas del presidente contra las provincias"},"content":{"rendered":"<div class=\"g g-36\">\n<div class=\"g-dyn a-102 c-1\"><a class=\"gofollow\" data-track=\"MTAyLDM2LDEsNjA=\" href=\"https:\/\/puntoapunto.com.ar\/cdn-cgi\/l\/email-protection#096867686b6c6549796879276a666427687b367a7c6b636c6a7d3440474f465b44484a402c4a3a2c303a472c3b395a464b5b4c2c3b39595b40444c5b2c3b394d465a5a404c5b2c3b393b393b3d2f6b666d7034416665682c3b4a2c3b396b7c6c672c3b396d2c4a3a2c484d68272c3b39587c607a606c7b682c3b397a686b6c7b2c3b39642c4a3a2c48387a2c3b397a666b7b6c2c3b396c652c3b39797b60646c7b2c3b396d667a7a606c7b2c3b393b393b3d272727\" target=\"_blank\" rel=\"noopener\"><img class=\"lazyload\" src=\"http:\/\/nuevacordoba.net\/wp-content\/uploads\/2024\/02\/el-gobierno-de-cordoba-espera-nuevas-embestidas-del-presidente-contra-las-provincias.jpg\"><\/a><\/div>\n<\/div>\n<p>&nbsp;\n<\/p>\n<p><em><span>Por Eduardo Bocco&nbsp;<\/span><\/em>\n<\/p>\n<p><span>Con la<a href=\"https:\/\/puntoapunto.com.ar\/edicion-semanal-maxima-tension-entre-llaryora-y-milei\/\"><strong> tensi\u00f3n al m\u00e1ximo por los cruces medi\u00e1ticos<\/strong><\/a> que mantuvieron en los \u00faltimos d\u00edas Javier Milei y Mart\u00edn Llaryora, en el Centro C\u00edvico esperan que la embestida del Presidente contra las provincias (y contra C\u00f3rdoba en particular) contin\u00fae.&nbsp;<\/span>\n<\/p>\n<p><span><a href=\"https:\/\/puntoapunto.com.ar\/casi-el-53-de-los-argentinos-cree-que-milei-va-en-la-direccion-incorrecta\/\">Javier Milei<\/a> volvi\u00f3 de Italia con la sonrisa de oreja a oreja. Festejaba el trato que le brind\u00f3 el papa Francisco, en ese prolongado encuentro que tuvieron en El Vaticano y que debe interpretarse como la reconciliaci\u00f3n entre el jefe de la iglesia cat\u00f3lica y el presidente argentino.<\/span>\n<\/p>\n<p><span>Adem\u00e1s, se trajeron \u201cla yapa\u201d, <strong>seg\u00fan fuentes de la Casa Rosada<\/strong>, porque <strong>Francisco vendr\u00eda al pa\u00eds antes de fin de a\u00f1o para festejar su cumplea\u00f1os 88<\/strong>, que los cumple el 17 de diciembre. En La Libertad Avanza se sintieron reconfortados y aclararon que esto es un envi\u00f3n para duplicar la ofensiva de Milei para cerrar el d\u00e9ficit. De todos modos, algunas voces de ese sector admiten que el jefe de Estado \u201cse ha convertido en el rey de la grieta\u201d con sus actitudes de confrontaci\u00f3n para con los que no se suman a sus puntos de vista y a sus programas de gobierno.<\/span>\n<\/p>\n<p><span>En ese grupo a los que algunos voceros de Milei llaman \u201copositores bestiales\u201d, se encuentran los <a href=\"https:\/\/puntoapunto.com.ar\/los-voy-a-dejar-sin-un-peso-la-frase-de-milei-a-gobernadores-que-genero-la-salida-de-ferraro\/\">gobernadores<\/a> y, entre ellos, Mart\u00edn Llaryora, a quien el poder central le cerr\u00f3 los grifos: chau al subsidio al transporte y demora en el pago del incentivo docente, lo cual genera severos problemas al Tesoro provincial.&nbsp;<\/span>\n<\/p>\n<p><span>Sin embargo, no se han dinamitado todos los puentes, aunque <strong>existe el convencimiento de que la embestida presidencial contra las provincias no cesar\u00e1.<\/strong> Sin embargo, hay contactos discretos pero fluidos con el ministro del Interior, Guillermo Francos, y otros funcionarios. Adem\u00e1s, en el Centro C\u00edvico aspiran a que si se termina de abrochar la alianza de gobierno entre el oficialismo y Mauricio Macri, \u201cla tensi\u00f3n posiblemente afloje\u201d.<\/span>\n<\/p>\n<p><span>El desembarco del fundador del PRO vendr\u00eda acompa\u00f1ado por la designaci\u00f3n de varios referentes de ese espacio pol\u00edtico en cargos importantes, aunque el propio Milei dijo que <em>\u201cFrancos est\u00e1 firme como rulo de estatua\u201d.<\/em> De esa forma, desalent\u00f3 las versiones que dec\u00edan que el ministro del Interior ser\u00eda reemplazado por Diego Santilli, ex larretista devenido en macrista.<\/span>\n<\/p>\n<p><span>Tambi\u00e9n <strong>se habl\u00f3 de que Mar\u00eda Eugenia Vidal ocupar\u00eda la vacante en el Anses,<\/strong> tras la abrupta salida de Osvaldo Giordano, quien fue despedido porque su pareja, la diputada Alejandra Torres, vot\u00f3 en contra de determinados art\u00edculos de la ley \u00d3mnibus en la C\u00e1mara de Diputados.<\/span>\n<\/p>\n<p><span>Sin embargo, Vidal tambi\u00e9n acot\u00f3 esta posibilidad al decir que una alianza no debe ce\u00f1irse a cargos en la gesti\u00f3n. Tambi\u00e9n desde La Libertad Avanza pusieron alg\u00fan reparo a esta eventual designaci\u00f3n por la falta de experiencia en temas previsionales por parte de la exgobernadora de Buenos Aires.<\/span>\n<\/p>\n<h4><b>C\u00f3rdoba no para<\/b><\/h4>\n<p><span>Llaryora sigue con sus cuestionamientos y dijo varias veces en los \u00faltimos d\u00edas que C\u00f3rdoba no se arrodilla ante nadie. Pero su vicegobernadora Myrian Prunotto no firm\u00f3 un duro documento contra Milei, ratificado por vices de provincias administradas por el peronismo y que fue fogoneado por el kirchnerismo.<\/span>\n<\/p>\n<p><span>Ese comunicado precedi\u00f3 al cr\u00edtico documento contra Milei que firm\u00f3 la expresidenta Cristina Kirchner y que puede servirle a los gobernadores para abandonar el nivel de exposici\u00f3n ya que el presidente se ocupar\u00e1 de responder esto, liberando a los mandatarios provinciales, al menos por un tiempo.<\/span>\n<\/p>\n<p><span>El gobernador recuerda, cada vez que puede, que C\u00f3rdoba estuvo aislada en los \u00faltimos 20 a\u00f1os, ya que durante las administraciones de Jos\u00e9 Manuel de la Sota y Juan Schiaretti existieron fuertes enfrentamientos con el poder central, que terminaron con presentaciones ante la Corte Suprema de Justicia.<\/span>\n<\/p>\n<p><span>Por esa raz\u00f3n, en las inmediaciones del despacho de Llaryora no son pocos los que afirman de manera tajante que si las cosas no cambian \u201cC\u00f3rdoba volver\u00e1 a hacer una presentaci\u00f3n judicial para reclamar lo que se corresponde\u201d. \u00bfSer\u00e1 justicia?<\/span>\n<\/p>\n<footer class=\"author-bio-section\">\n<p class=\"author-name\">Punto a Punto<\/p>\n<p class=\"author-image\"><img loading=\"lazy\" alt height=\"90\" width=\"90\" class=\"avatar avatar-90 photo lazyload\" src=\"http:\/\/nuevacordoba.net\/wp-content\/uploads\/2024\/02\/el-gobierno-de-cordoba-espera-nuevas-embestidas-del-presidente-contra-las-provincias-1.jpg\" srcset=\"http:\/\/nuevacordoba.net\/wp-content\/uploads\/2024\/02\/el-gobierno-de-cordoba-espera-nuevas-embestidas-del-presidente-contra-las-provincias-1.jpg 2x\"><\/p>\n<\/footer>\n<div class=\"g g-38\">\n<div class=\"g-dyn a-12 c-1\"><a class=\"gofollow\" data-track=\"MTIsMzgsMSw2MA==\" href=\"https:\/\/hospitalprivado.com.ar\/landing-trasplante.html\" target=\"_blank\" rel=\"noopener\"><img class=\"lazyload\" src=\"http:\/\/nuevacordoba.net\/wp-content\/uploads\/2024\/02\/el-gobierno-de-cordoba-espera-nuevas-embestidas-del-presidente-contra-las-provincias.gif\"><\/a><\/div>\n<\/div>\n","protected":false},"excerpt":{"rendered":"<p>&nbsp; Por Eduardo Bocco&nbsp; Con la tensi\u00f3n al m\u00e1ximo por los cruces medi\u00e1ticos que mantuvieron en los \u00faltimos d\u00edas Javier Milei y Mart\u00edn Llaryora, en el Centro C\u00edvico esperan que la embestida del Presidente contra las provincias (y contra C\u00f3rdoba en particular) contin\u00fae.&nbsp; Javier Milei volvi\u00f3 de Italia con la sonrisa de oreja a oreja. [&hellip;]<\/p>\n","protected":false},"author":1,"featured_media":41508,"comment_status":"open","ping_status":"closed","sticky":false,"template":"","format":"standard","meta":[],"categories":[12,14],"tags":[],"_links":{"self":[{"href":"http:\/\/nuevacordoba.net\/index.php\/wp-json\/wp\/v2\/posts\/41507"}],"collection":[{"href":"http:\/\/nuevacordoba.net\/index.php\/wp-json\/wp\/v2\/posts"}],"about":[{"href":"http:\/\/nuevacordoba.net\/index.php\/wp-json\/wp\/v2\/types\/post"}],"author":[{"embeddable":true,"href":"http:\/\/nuevacordoba.net\/index.php\/wp-json\/wp\/v2\/users\/1"}],"replies":[{"embeddable":true,"href":"http:\/\/nuevacordoba.net\/index.php\/wp-json\/wp\/v2\/comments?post=41507"}],"version-history":[{"count":0,"href":"http:\/\/nuevacordoba.net\/index.php\/wp-json\/wp\/v2\/posts\/41507\/revisions"}],"wp:featuredmedia":[{"embeddable":true,"href":"http:\/\/nuevacordoba.net\/index.php\/wp-json\/wp\/v2\/media\/41508"}],"wp:attachment":[{"href":"http:\/\/nuevacordoba.net\/index.php\/wp-json\/wp\/v2\/media?parent=41507"}],"wp:term":[{"taxonomy":"category","embeddable":true,"href":"http:\/\/nuevacordoba.net\/index.php\/wp-json\/wp\/v2\/categories?post=41507"},{"taxonomy":"post_tag","embeddable":true,"href":"http:\/\/nuevacordoba.net\/index.php\/wp-json\/wp\/v2\/tags?post=41507"}],"curies":[{"name":"wp","href":"https:\/\/api.w.org\/{rel}","templated":true}]}}