{"id":41511,"date":"2024-02-19T01:47:57","date_gmt":"2024-02-19T01:47:57","guid":{"rendered":"http:\/\/nuevacordoba.net\/index.php\/2024\/02\/19\/gustavo-santaolalla-retoma-ronroco-que-puso-al-instrumento-en-el-mapa\/"},"modified":"2024-02-19T01:47:57","modified_gmt":"2024-02-19T01:47:57","slug":"gustavo-santaolalla-retoma-ronroco-que-puso-al-instrumento-en-el-mapa","status":"publish","type":"post","link":"http:\/\/nuevacordoba.net\/index.php\/2024\/02\/19\/gustavo-santaolalla-retoma-ronroco-que-puso-al-instrumento-en-el-mapa\/","title":{"rendered":"Gustavo Santaolalla retoma \u00abRonroco\u00bb que puso al instrumento \u00aben el mapa\u00bb"},"content":{"rendered":"<figure class=\"mb-3\"><img loading=\"lazy\" data-src=\"http:\/\/nuevacordoba.net\/wp-content\/uploads\/2024\/02\/gustavo-santaolalla-retoma-ronroco-que-puso-al-instrumento-en-el-mapa.jpg\" src=\"https:\/\/www.telam.com.ar\/assets\/img\/not_image.png\" class=\" lazy \" width=\"100%\" height=\"100%\" alt=\"Telam SE\"><figcaption><\/figcaption><\/figure>\n<p>El m\u00fasico, compositor y productor <strong>Gustavo Santaolalla<\/strong> \u00faltima detalles del relanzamiento y puesta en vivo mundial de su influyente \u00e1lbum <strong>\u00abRonroco\u00bb<\/strong> a m\u00e1s de un cuarto de siglo de su salida, como para celebrar que al instrumento andino que protagoniz\u00f3 y dio nombre al \u00e1lbum \u00abpude ponerlo en el mapa de la m\u00fasica\u00bb, seg\u00fan destaca.<\/p>\n<p><strong>\u00abAl ronroco no lo conoc\u00eda nadie y hoy, 25 a\u00f1os despu\u00e9s, por un lado, en YouTube encontr\u00e1s tutoriales sobre c\u00f3mo tocarlo y, por el otro, pude abrirlo, que adquiriera otra dimensi\u00f3n y se convirtiera en instrumento para orquestas\u00bb<\/strong>, subraya Santaolalla durante una entrevista con T\u00e9lam.<\/p>\n<p>Desde la ciudad estadounidense de Los \u00c1ngeles donde se radic\u00f3 en 1978 y construy\u00f3 una notable actividad como productor y creador de m\u00fasica para cine y series en una tarea que le vali\u00f3 dos premios Oscar, el artista, de 72 a\u00f1os, pondera el legado del charanguista Jaime Torres (1938-2018) quien lo impuls\u00f3 a animarse a grabar \u00abRonroco\u00bb.<\/p>\n<p>El m\u00fasico que fuera fundador de los grupos Arco Iris y Soluna revela que despu\u00e9s de haber producido \u00abAmauta\u00bb (1995), un monumental trabajo sobre la obra de Torres que habilit\u00f3 una relaci\u00f3n devenida en amistad, se anim\u00f3 a mostrarle al eximio int\u00e9rprete lo que hac\u00eda con el ronroco.<\/p>\n<p><strong>\u00abJaime me anim\u00f3 a publicar las m\u00fasicas que yo ven\u00eda haciendo con el ronroco desde hac\u00eda 13 a\u00f1os y que no ten\u00edan resabios de m\u00fasica andina sino que sonaban al este de Europa, o a \u00c1frica o a Jap\u00f3n. \u00c9l me dijo<\/strong> &#8211; recuerda- <strong>&#8216;no hay reglas para tocar el ronroco pero vos le encontraste el esp\u00edritu al instrumento y ten\u00e9s que hacer que eso se conozca'\u00bb.<\/strong><\/p>\n<p>Con aquel impulso bendito como disparador, el camino de \u00abRonroco\u00bb super\u00f3 incluso los buenos augurios de Torres e impact\u00f3 en el cine ya que una de sus piezas, \u00abIguaz\u00fa\u00bb, fue usado en 1999 por el estadounidense Michael Mann para el filme \u00abEl Dilema\u00bb.<\/p>\n<p>Tambi\u00e9n de ese \u00e1lbum, el realizador mexicano <strong>Alejandro Gonz\u00e1lez I\u00f1\u00e1rritu<\/strong> escogi\u00f3 \u00abAtacama\u00bb para \u00abAmores perros\u00bb (2000) en el inicio de un v\u00ednculo creativo que se extendi\u00f3 a \u00ab21 gramos\u00bb y que en 2006 le vali\u00f3 un segundo Oscar al argentino por la m\u00fasica compuesta para \u00abBabel\u00bb, apenas un a\u00f1o despu\u00e9s de llevarse su primera estatuilla de la mano de las melod\u00edas destinadas a \u00abSecreto en la monta\u00f1a\u00bb.<\/p>\n<p>Esa conjunci\u00f3n de artes tambi\u00e9n adeud\u00f3 otro t\u00edtulo de \u00abRonroco\u00bb como \u00abDe Ushuaia a La Quiaca\u00bb para ser parte de la banda sonora de \u00abDiarios de Motocicleta\u00bb (2004), del brasile\u00f1o Walter Salles.<\/p>\n<p>Pero, adem\u00e1s, el artista, de 72 a\u00f1os, sigui\u00f3 hilvanando colaboraciones audiovisuales que muestra su m\u00e1s reciente factura en la segunda temporada de la serie \u00abThe Last of Us\u00bb.<\/p>\n<p>T\u00e9lam accedi\u00f3 a reflexiones generadas por este 25\u00b0 aniversario del \u00e1lbum como las del cineasta Gonz\u00e1lez I\u00f1\u00e1rritu quien sostiene que \u00abRonroco\u00bb <strong>\u00abevoca im\u00e1genes y sentimientos buc\u00f3licos para m\u00ed. Siempre hay una nota que sorprende, rompe el patr\u00f3n de la tormenta, convirti\u00e9ndose en silencio, en una suave llovizna o escalando hasta convertirse en tempestad\u00bb.<\/strong><\/p>\n<p>Su colega Salles, en tanto, arriesga que la placa <strong>\u00abnos transporta a un territorio desconocido, nos ofrece tambi\u00e9n un profundo sentido de pertenencia. Gracias a \u00e9l se arraig\u00f3 en m\u00ed la percepci\u00f3n de pertenencia a un lugar, Sudam\u00e9rica. Sin embargo, al extender las fronteras de la latinidad, su car\u00e1cter universal hace m\u00e1s complejo y multifac\u00e9tico este sentido de identidad\u00bb<\/strong>.<\/p>\n<p>Mientras que el compositor <strong>Nicholas Britell<\/strong> (autor de bandas sonoras como las de la serie \u00abSuccession\u00bb y el filme \u00abUna historia de amor y oscuridad\u00bb) consigna: <strong>\u00abEl sonido de Gustavo es verdaderamente \u00fanico, una mezcla extraordinaria entre lo \u00edntimo y lo \u00e9pico, lo real y lo m\u00edtico\u00bb.<\/strong><\/p>\n<p>En paralelo con esas labores para pantallas, Santaolalla se posicion\u00f3 como una batuta rectora del rock latinoamericano al desempe\u00f1arse como productor de Le\u00f3n Gieco, Julieta Venegas, Molotov, Divididos, Caf\u00e9 Tacvba, Bersuit Vergarabat, Maldita Vecindad, La Vela Puerca, Juanes, Control Machete y Ely Guerra, por citar apenas una parte de la frondosa n\u00f3mina.<\/p>\n<p>Por esas labores audiovisuales y para la producci\u00f3n musical, el artista que en 2001 conform\u00f3 la banda rioplatense de tango electr\u00f3nico Bajofondo, nunca lleg\u00f3 a poder tocar en vivo \u00abRonroco\u00bb, una deuda que empezar\u00e1 a saldar desde septiembre pr\u00f3ximo con una gira mundial.<\/p>\n<p><strong>\u00abPor ahora voy a arrancar en Dubai, pero ya hay fechas confirmadas en Utrech, en Oporto, en Madrid, en Helsinki y en Estambul y se van a agregar m\u00e1s\u00bb,<\/strong> repasa entusiasmado sobre una aventura en la que tendr\u00e1 colegas y compatriotas con quienes trabaja habitualmente: <strong>Javier Casalla, Barbarita Palacios, Nicol\u00e1s Rainone <\/strong>y<strong> Juan Luqui<\/strong>, entre m\u00e1s.<\/p>\n<p>Y aunque Argentina a\u00fan no figura en esa agenda, Santaoalla asegura: <strong>\u00abSiempre todo lo que lo que hago est\u00e1 pensado de alguna manera para llevarlo a Argentina y &#8216;Ronroco&#8217; por supuesta que no ser\u00e1 la excepci\u00f3n\u00bb.<\/strong><\/p>\n<p>El reencuentro del m\u00fasico con el tercero y m\u00e1s determinante disco solista de los cuatro publicados hasta ahora, incluir\u00e1 otros condimentos.<\/p>\n<p><strong>\u00abAlrededor de este aniversario &#8211;<\/strong> cuenta- <strong>hay muchas cosas: Por lo pronto la salida del \u00e1lbum en un vinilo de 180 gramos, el lanzamiento de dos ronrocos (uno con cuerdas de acero y otro con cuerdas de nylon) con mi nombre y de los que particip\u00e9 en el dise\u00f1o pero que hizo el luthier Julio Malarino y tambi\u00e9n una l\u00ednea de cuerdas para esos instrumentos\u00bb.<\/strong><\/p>\n<p>El merchandising en torno a \u00abRonroco\u00bb sumar\u00e1, adem\u00e1s, un perfume elaborado por Fuegu\u00eda 1833 <strong>\u00abporque el olfato es uno de los sentidos primarios que siempre me interes\u00f3 explorar\u00bb<\/strong>, advierte Gustavo, y por \u00faltimo agrega: <strong>\u00abJunto a Adolfo Santos estoy desarrollando un instrumento que se llama guitarroco, que es un invento m\u00edo y que es una mezcla entre guitarra el\u00e9ctrica y ronroco\u00bb.<\/strong><\/p>\n<p><strong>-\u00bfTe produce mucha adrenalina salir a tocar \u00abRonroco\u00bb en vivo por primera vez?<\/strong><\/p>\n<p>&#8211; Adrenalina no ser\u00eda el caso porque lo que tiene esta m\u00fasica y este instrumento es una conexi\u00f3n muy profunda con otros niveles de conciencia y aunque ahora sea una palabra muy bastardeada, estoy convencido que se trata de una m\u00fasica que tiene una componente muy espiritual. Por poner algunos ejemplos ligados a mi m\u00fasica dir\u00eda que un concierto de Bajofondo es una cosa muy l\u00fadica y muy de expresarse, f\u00edsicamente, mientras que los de Desandando el camino (donde repasa su historia) es una cosa mucho m\u00e1s introspectiva, pero \u00abRonroco\u00bb tiene una cosa hasta medio terap\u00e9utica que es algo que nunca he hecho y me parece una experiencia maravillosa.<\/p>\n<div class=\"video_repositive\"> <a class=\"video_sticky\" href=\"javascript:void();\" onclick=\"removeStuckVideo(true);\"><i class=\"far fa-window-close\"><\/i><\/a> <\/p>\n<div id=\"gcQM8i7MXOs\" class=\"video_telam\" readability=\"6\">\n<div class=\"feature_article_inner\" readability=\"32\">\n<p><h2 class=\"text-center\">Gustavo Santaolalla presenta el ronroco el\u00e9ctrico.<\/h2>\n<\/p><\/div>\n<p>VER VIDEO <i class=\"fas fa-play\"><\/i><\/p>\n<\/p><\/div><\/div>\n<p><strong>-\u00bfC\u00f3mo sent\u00eds que impactar\u00e1 una apuesta de este tipo en la escena musical actual?<\/strong><\/p>\n<p>-No lo s\u00e9 y no me importa aunque percibo que hoy la innovaci\u00f3n pasa m\u00e1s por una cuesti\u00f3n tecnol\u00f3gica que por la invenci\u00f3n y por eso estamos viviendo una etapa que para m\u00ed es de transici\u00f3n.<\/p>\n<p><strong>-\u00bfTe inquieta el rol de la inteligencia artificial en este campo?<\/strong><\/p>\n<p>-Yo creo que la inteligencia artificial o la estupidez natural existieron siempre. Cuando antes, por ejemplo, aparec\u00eda un \u00e9xito inmediatamente sal\u00edan 20 cosas iguales o muy parecidas. Es muy probable que la inteligencia artificial pueda reproducir cosas pero no me parece que sea capaz de generar novedades o empatar nuestro nivel de emotividad. Es algo parecido a la utilizaci\u00f3n de los samplers que son muy lindos y c\u00f3modos pero cuando ten\u00e9s que hacer m\u00fasica para pel\u00edcula no hay como una orquesta y nada reemplaza a los 60 tipos que levantan el arco; se nota que no es lo mismo y por eso las orquesta siguen existiendo aunque ser\u00eda m\u00e1s barato usar otros dispositivos. En definitiva, sigo creyendo much\u00edsimo en el poder de transformaci\u00f3n que tiene la m\u00fasica. <\/p>\n","protected":false},"excerpt":{"rendered":"<p>El m\u00fasico, compositor y productor Gustavo Santaolalla \u00faltima detalles del relanzamiento y puesta en vivo mundial de su influyente \u00e1lbum \u00abRonroco\u00bb a m\u00e1s de un cuarto de siglo de su salida, como para celebrar que al instrumento andino que protagoniz\u00f3 y dio nombre al \u00e1lbum \u00abpude ponerlo en el mapa de la m\u00fasica\u00bb, seg\u00fan destaca. [&hellip;]<\/p>\n","protected":false},"author":1,"featured_media":41512,"comment_status":"closed","ping_status":"closed","sticky":false,"template":"","format":"standard","meta":[],"categories":[9],"tags":[],"_links":{"self":[{"href":"http:\/\/nuevacordoba.net\/index.php\/wp-json\/wp\/v2\/posts\/41511"}],"collection":[{"href":"http:\/\/nuevacordoba.net\/index.php\/wp-json\/wp\/v2\/posts"}],"about":[{"href":"http:\/\/nuevacordoba.net\/index.php\/wp-json\/wp\/v2\/types\/post"}],"author":[{"embeddable":true,"href":"http:\/\/nuevacordoba.net\/index.php\/wp-json\/wp\/v2\/users\/1"}],"replies":[{"embeddable":true,"href":"http:\/\/nuevacordoba.net\/index.php\/wp-json\/wp\/v2\/comments?post=41511"}],"version-history":[{"count":0,"href":"http:\/\/nuevacordoba.net\/index.php\/wp-json\/wp\/v2\/posts\/41511\/revisions"}],"wp:featuredmedia":[{"embeddable":true,"href":"http:\/\/nuevacordoba.net\/index.php\/wp-json\/wp\/v2\/media\/41512"}],"wp:attachment":[{"href":"http:\/\/nuevacordoba.net\/index.php\/wp-json\/wp\/v2\/media?parent=41511"}],"wp:term":[{"taxonomy":"category","embeddable":true,"href":"http:\/\/nuevacordoba.net\/index.php\/wp-json\/wp\/v2\/categories?post=41511"},{"taxonomy":"post_tag","embeddable":true,"href":"http:\/\/nuevacordoba.net\/index.php\/wp-json\/wp\/v2\/tags?post=41511"}],"curies":[{"name":"wp","href":"https:\/\/api.w.org\/{rel}","templated":true}]}}