{"id":41517,"date":"2024-02-19T03:31:29","date_gmt":"2024-02-19T03:31:29","guid":{"rendered":"http:\/\/nuevacordoba.net\/index.php\/2024\/02\/19\/el-partido-popular-espanol-retuvo-el-gobierno-regional-de-galicia\/"},"modified":"2024-02-19T03:31:29","modified_gmt":"2024-02-19T03:31:29","slug":"el-partido-popular-espanol-retuvo-el-gobierno-regional-de-galicia","status":"publish","type":"post","link":"http:\/\/nuevacordoba.net\/index.php\/2024\/02\/19\/el-partido-popular-espanol-retuvo-el-gobierno-regional-de-galicia\/","title":{"rendered":"El Partido Popular espa\u00f1ol retuvo el gobierno regional de Galicia"},"content":{"rendered":"<figure class=\"mb-3\"><img loading=\"lazy\" data-src=\"http:\/\/nuevacordoba.net\/wp-content\/uploads\/2024\/02\/el-partido-popular-espanol-retuvo-el-gobierno-regional-de-galicia.jpg\" src=\"https:\/\/www.telam.com.ar\/assets\/img\/not_image.png\" class=\" lazy \" width=\"100%\" height=\"100%\" alt=\"El candidato del PP a la Presidencia de la Xunta de Galicia Alfonso Rueda Foto AFP\"><figcaption> El candidato del PP a la Presidencia de la Xunta de Galicia, Alfonso Rueda. Foto: AFP <\/figcaption><\/figure>\n<p>El Partido Popular (PP, conservador) de Espa\u00f1a retuvo el poder en su basti\u00f3n de la regi\u00f3n de Galicia, seg\u00fan resultados casi definitivos de las elecciones de este domingo, en una victoria que refuerza la figura de su l\u00edder nacional, Alberto N\u00fa\u00f1ez Feij\u00f3o, tras recientes tropiezos.<\/p>\n<p><strong>El PP, al frente de la regi\u00f3n desde 2009 y principal fuerza opositora a nivel nacional, consigui\u00f3 40 de las 75 bancas en el Parlamento gallego, con 98% de los votos escrutados<\/strong>, una mayor\u00eda suficiente para seguir en el poder.<\/p>\n<p>Se confirm\u00f3 as\u00ed el \u00e9xito de la estrategia del PP, que hab\u00eda decidido adelantar a hoy los comicios previstos para mediados de a\u00f1o, con la esperanza de que un triunfo en su basti\u00f3n tradicional le diera un impulso hacia las elecciones de junio al Parlamento Europeo.<\/p>\n<p>El resultado se opone a lo se\u00f1alado por las encuestas, que si bien hasta hace unas semanas favorec\u00edan al PP, se hab\u00edan ido moviendo hasta indicar antes de los comicios que la formaci\u00f3n estaba lejos de repetir el resultado de 2020, cuando obtuvo 42 de los 75 esca\u00f1os del Parlamento regional.<\/p>\n<blockquote class=\"twitter-tweet\" readability=\"7.1666666666667\">\n<p lang=\"es\" dir=\"ltr\">\ud83d\udd35 Es un gran d\u00eda para nuestro pa\u00eds. Galicia ha respondido a favor de Espa\u00f1a.<\/p>\n<p>Galicia ha elegido tener el mejor Gobierno posible frente a la posibilidad de tener el peor.<\/p>\n<p>\ud83d\udde3\ufe0f <a href=\"https:\/\/twitter.com\/cucagamarra?ref_src=twsrc%5Etfw\">@cucagamarra<\/a> <a href=\"https:\/\/t.co\/FSUpPFyEG9\">pic.twitter.com\/FSUpPFyEG9<\/a><\/p>\n<p>\u2014 Partido Popular (@ppopular) <a href=\"https:\/\/twitter.com\/ppopular\/status\/1759351491335237719?ref_src=twsrc%5Etfw\">February 18, 2024<\/a><\/p><\/blockquote>\n<p>Esas mediciones advert\u00edan la posibilidad de que la izquierda le arrebatara el poder al presidente de dicha regi\u00f3n, el conservador Alfonso Rueda, pero al final esto no ocurri\u00f3.<\/p>\n<p>\u00abRueda presidente\u00bb, felicit\u00f3 en la red social X el gallego N\u00fa\u00f1ez Feij\u00f3o, junto a una foto en la que se lo ve aplaudiendo junto a otros dirigentes del partido en la oficina central en Madrid.<\/p>\n<p>Con este resultado,<strong> N\u00fa\u00f1ez Feij\u00f3o, quien fue por 13 a\u00f1os el presidente regional, y que se involucr\u00f3 con fuerza en la reciente campa\u00f1a, evit\u00f3 un golpe que hubiese sido especialmente duro.<\/strong><\/p>\n<p>La imagen de N\u00fa\u00f1ez Feij\u00f3o ya sufri\u00f3 cuando en julio pasado su partido gan\u00f3 las elecciones generales pero no consigui\u00f3 los apoyos necesarios en el Parlamento espa\u00f1ol para gobernar, lo que s\u00ed hizo Pedro S\u00e1nchez, del Partido Socialista Obrero Espa\u00f1ol (PSOE), al ser reelegido en noviembre como presidente del Gobierno, con el apoyo de partidos independentistas catalanes.<\/p>\n<p>Una derrota del PP en Galicia, donde gobern\u00f3 36 a\u00f1os desde las primeras elecciones regionales de 1981, hubiese tenido \u00abimplicaciones claras y evidentes\u00bb en su liderazgo, hab\u00eda advertido esta semana a la televisora p\u00fablica TVE Jos\u00e9 Pablo Ferr\u00e1ndiz, de la firma de encuestas Ipsos.<\/p>\n<figure class=\"mb-3\"><img loading=\"lazy\" data-src=\"http:\/\/nuevacordoba.net\/wp-content\/uploads\/2024\/02\/el-partido-popular-espanol-retuvo-el-gobierno-regional-de-galicia-1.jpg\" src=\"https:\/\/www.telam.com.ar\/assets\/img\/not_image.png\" class=\" lazy \" width=\"100%\" height=\"100%\" alt=\"Ana Pontn candidata del Bloque Nacionalista Galego Foto X\"><figcaption> Ana Pont\u00f3n, candidata del Bloque Nacionalista Galego. Foto: X <\/figcaption><\/figure>\n<p><strong>El principal rival del PP en la regi\u00f3n es un partido nacionalista de izquierda, el Bloque Nacionalista Gallego (BNG), dirigido por la carism\u00e1tica Ana Pont\u00f3n<\/strong>, que intent\u00f3 alcanzar la mayor\u00eda con el apoyo de los socialistas, pero no logr\u00f3 convertirse en la primera mujer que gobierne Galicia.<\/p>\n<p>De todos modos, Pont\u00f3n mejor\u00f3 sus resultados con respecto a los comicios de 2020, y lleg\u00f3 a las 25 bancas, pero a costa de los socialistas, que solo obtuvieron nueve esca\u00f1os.<\/p>\n<p>Como muestra del inter\u00e9s que despertaron estas elecciones, la participaci\u00f3n fue de 67,27%, muy por encima del 48,96% de 2020, seg\u00fan datos oficiales citados por la agencia de noticias AFP.<\/p>\n<p><strong>Este domingo pod\u00edan votar m\u00e1s de 2,7 millones de gallegos, casi medio mill\u00f3n de ellos, un 17,7%, en el extranjero. De estos \u00faltimos, gran parte reside en Argentina, Cuba, Brasil, Uruguay y Venezuela.<\/strong><\/p>\n<blockquote class=\"twitter-tweet\" readability=\"5.5807860262009\">\n<p lang=\"es\" dir=\"ltr\">\u00a1Gracias, Galicia!<\/p>\n<p>Felicidades, <a href=\"https:\/\/twitter.com\/AlfonsoRuedaGal?ref_src=twsrc%5Etfw\">@AlfonsoRuedaGal<\/a>. <br \/>Felicidades, <a href=\"https:\/\/twitter.com\/ppdegalicia?ref_src=twsrc%5Etfw\">@ppdegalicia<\/a>. <\/p>\n<p>Gana Galicia.<br \/>Gana la estabilidad y el sentidi\u00f1o.<a href=\"https:\/\/twitter.com\/hashtag\/RuedaPresidente?src=hash&amp;ref_src=twsrc%5Etfw\">#RuedaPresidente<\/a> <a href=\"https:\/\/t.co\/X58RJPurYr\">pic.twitter.com\/X58RJPurYr<\/a><\/p>\n<p>\u2014 Alberto N\u00fa\u00f1ez Feij\u00f3o (@NunezFeijoo) <a href=\"https:\/\/twitter.com\/NunezFeijoo\/status\/1759337993687421033?ref_src=twsrc%5Etfw\">February 18, 2024<\/a><\/p><\/blockquote>\n<p>Los resultados mostraron que no tuvo mayor impacto en el PP unas declaraciones de N\u00fa\u00f1ez Feij\u00f3o, que el fin de semana pasado dio un inesperado giro sobre el tema que concentr\u00f3 el debate pol\u00edtico en Espa\u00f1a en los \u00faltimos meses: una ley para amnistiar a independentistas catalanes que estudia el Parlamento.<\/p>\n<p>La iniciativa, muy pol\u00e9mica en Espa\u00f1a porque prev\u00e9 retirar los cargos a cientos de independentistas por su implicaci\u00f3n en el intento de secesi\u00f3n de Catalu\u00f1a en 2017, fue la condici\u00f3n innegociable impuesta por el partido del independentista Carles Puigdemont a S\u00e1nchez para darle su apoyo, esencial para su reelecci\u00f3n.<\/p>\n<p>Desde que S\u00e1nchez, en el poder desde 2018, acept\u00f3 esa imposici\u00f3n, N\u00fa\u00f1ez Feij\u00f3o no pas\u00f3 un d\u00eda sin criticar la \u00abhumillaci\u00f3n\u00bb del jefe del gobierno ante los independentistas por dicha ley, que considera inconstitucional y contra la cual ha llamado a sus seguidores a manifestarse repetidamente.<\/p>\n<figure class=\"mb-3\"><img loading=\"lazy\" data-src=\"http:\/\/nuevacordoba.net\/wp-content\/uploads\/2024\/02\/el-partido-popular-espanol-retuvo-el-gobierno-regional-de-galicia-2.jpg\" src=\"https:\/\/www.telam.com.ar\/assets\/img\/not_image.png\" class=\" lazy \" width=\"100%\" height=\"100%\" alt=\"Foto AFP\"><figcaption> Foto: AFP <\/figcaption><\/figure>\n<p>Pero en un giro, N\u00fa\u00f1ez Feij\u00f3o reconoci\u00f3 la semana pasada que hab\u00eda estudiado durante \u00ab24 horas\u00bb la amnist\u00eda tras las elecciones generales a cambio de un posible apoyo de Juntos por Catalu\u00f1a para hacerlo presidente, aunque finalmente la descart\u00f3.<\/p>\n<p>Asimismo, defendi\u00f3 un \u00abplan de reconciliaci\u00f3n\u00bb para Catalu\u00f1a y un posible indulto para Puigdemont, instalado en B\u00e9lgica para evadir a la justicia espa\u00f1ola desde 2017, bajo condiciones.<\/p>\n<p>A diferencia de otras elecciones, en las que la mayor\u00eda de los j\u00f3venes se absten\u00eda de votar, seg\u00fan encuestas preelectorales del Centro de Estudios Sociol\u00f3gicos espa\u00f1ol, un 85% de la poblaci\u00f3n menor a los 30 a\u00f1os afirm\u00f3 que acudir\u00eda a las urnas.<\/p>\n<p>La gran cantidad de electorado joven que participar\u00eda de los comicios manifestaba su oposici\u00f3n al conservador PP, favorito de los mayores de 65 a\u00f1os, seg\u00fan encuestas publicadas en medios espa\u00f1oles.<\/p>\n<div class=\"jumbotron pt-4 mt-3\" readability=\"17\">\n<h3 class=\"module-title\">Casi medio mill\u00f3n de votantes en el extranjero, gran parte en la Argentina<\/h3>\n<p>M\u00e1s de 2,7 millones de gallegos pod\u00edan votar, casi medio mill\u00f3n de ellos, un 17,7%, en el extranjero. De estos \u00faltimos, gran parte reside en Argentina, Cuba, Brasil, Uruguay y Venezuela.<\/p>\n<\/p><\/div>\n","protected":false},"excerpt":{"rendered":"<p>El candidato del PP a la Presidencia de la Xunta de Galicia, Alfonso Rueda. Foto: AFP El Partido Popular (PP, conservador) de Espa\u00f1a retuvo el poder en su basti\u00f3n de la regi\u00f3n de Galicia, seg\u00fan resultados casi definitivos de las elecciones de este domingo, en una victoria que refuerza la figura de su l\u00edder nacional, [&hellip;]<\/p>\n","protected":false},"author":1,"featured_media":41518,"comment_status":"closed","ping_status":"closed","sticky":false,"template":"","format":"standard","meta":[],"categories":[13],"tags":[],"_links":{"self":[{"href":"http:\/\/nuevacordoba.net\/index.php\/wp-json\/wp\/v2\/posts\/41517"}],"collection":[{"href":"http:\/\/nuevacordoba.net\/index.php\/wp-json\/wp\/v2\/posts"}],"about":[{"href":"http:\/\/nuevacordoba.net\/index.php\/wp-json\/wp\/v2\/types\/post"}],"author":[{"embeddable":true,"href":"http:\/\/nuevacordoba.net\/index.php\/wp-json\/wp\/v2\/users\/1"}],"replies":[{"embeddable":true,"href":"http:\/\/nuevacordoba.net\/index.php\/wp-json\/wp\/v2\/comments?post=41517"}],"version-history":[{"count":0,"href":"http:\/\/nuevacordoba.net\/index.php\/wp-json\/wp\/v2\/posts\/41517\/revisions"}],"wp:featuredmedia":[{"embeddable":true,"href":"http:\/\/nuevacordoba.net\/index.php\/wp-json\/wp\/v2\/media\/41518"}],"wp:attachment":[{"href":"http:\/\/nuevacordoba.net\/index.php\/wp-json\/wp\/v2\/media?parent=41517"}],"wp:term":[{"taxonomy":"category","embeddable":true,"href":"http:\/\/nuevacordoba.net\/index.php\/wp-json\/wp\/v2\/categories?post=41517"},{"taxonomy":"post_tag","embeddable":true,"href":"http:\/\/nuevacordoba.net\/index.php\/wp-json\/wp\/v2\/tags?post=41517"}],"curies":[{"name":"wp","href":"https:\/\/api.w.org\/{rel}","templated":true}]}}