{"id":4160,"date":"2021-05-06T15:51:40","date_gmt":"2021-05-06T15:51:40","guid":{"rendered":"http:\/\/www.bbc.com\/mundo\/noticias-america-latina-57004734"},"modified":"2021-05-06T15:51:40","modified_gmt":"2021-05-06T15:51:40","slug":"accidente-en-linea-12-la-historia-del-pequeno-brandon-giovanny-y-de-otras-de-las-25-victimas-del-accidente-de-metro-en-ciudad-de-mexico","status":"publish","type":"post","link":"http:\/\/nuevacordoba.net\/index.php\/2021\/05\/06\/accidente-en-linea-12-la-historia-del-pequeno-brandon-giovanny-y-de-otras-de-las-25-victimas-del-accidente-de-metro-en-ciudad-de-mexico\/","title":{"rendered":"Accidente en L\u00ednea 12: la historia del peque\u00f1o Brandon Giovanny y de otras de las 25 v\u00edctimas del accidente de metro en Ciudad de M\u00e9xico"},"content":{"rendered":"<div dir=\"ltr\" class=\"e1j2237y6 bbc-q4ibpr e57qer20\">\n<div class=\"bbc-1atl7vu e1c9i7u14\">\n<ul role=\"list\" class=\"bbc-cdrraw e1c9i7u12\">\n<li role=\"listitem\" class=\"bbc-1a3w4ok e1c9i7u11\">Marcos Gonz\u00e1lez D\u00edaz<\/li>\n<li role=\"listitem\" class=\"bbc-1p92jtu e1c9i7u10\">Corresponsal de BBC News Mundo en M\u00e9xico<\/li>\n<\/ul>\n<\/div>\n<\/div>\n<div dir=\"ltr\" class=\"e1j2237y7 bbc-q4ibpr e57qer20\" readability=\"8\"><time datetime=\"2021-05-06\" class=\"bbc-14xtggo e4zesg50\">6 mayo 2021, 02:05 GMT<\/time><\/p>\n<p><time datetime=\"2021-05-06\" class=\"bbc-14xtggo e4zesg50\">Actualizado 6 mayo 2021, 05:03 GMT<\/time><\/p>\n<\/div>\n<div dir=\"ltr\" class=\"bbc-1ka88fa e57qer20\">\n<figure class=\"bbc-1qdcvv9 e6bmn90\">\n<div dir=\"ltr\" class=\"bbc-172p16q e57qer20\">\n<div dir=\"ltr\" class=\"bbc-189y18v e57qer20\" readability=\"6.5\">\n<div data-e2e=\"image-placeholder\" class=\"bbc-1k5hvrj e1whu0\" readability=\"8\"><img srcset=\"http:\/\/nuevacordoba.net\/wp-content\/uploads\/2021\/05\/accidente-en-linea-12-la-historia-del-pequeno-brandon-giovanny-y-de-otras-de-las-25-victimas-del-accidente-de-metro-en-ciudad-de-mexico-9.jpg 240w, http:\/\/nuevacordoba.net\/wp-content\/uploads\/2021\/05\/accidente-en-linea-12-la-historia-del-pequeno-brandon-giovanny-y-de-otras-de-las-25-victimas-del-accidente-de-metro-en-ciudad-de-mexico-10.jpg 320w, http:\/\/nuevacordoba.net\/wp-content\/uploads\/2021\/05\/accidente-en-linea-12-la-historia-del-pequeno-brandon-giovanny-y-de-otras-de-las-25-victimas-del-accidente-de-metro-en-ciudad-de-mexico-11.jpg 480w, http:\/\/nuevacordoba.net\/wp-content\/uploads\/2021\/05\/accidente-en-linea-12-la-historia-del-pequeno-brandon-giovanny-y-de-otras-de-las-25-victimas-del-accidente-de-metro-en-ciudad-de-mexico-12.jpg 624w, http:\/\/nuevacordoba.net\/wp-content\/uploads\/2021\/05\/accidente-en-linea-12-la-historia-del-pequeno-brandon-giovanny-y-de-otras-de-las-25-victimas-del-accidente-de-metro-en-ciudad-de-mexico-13.jpg 800w\" alt=\"Brandon Giovanny Hern\u00e1ndez, Nancy Lezama y Cristian L\u00f3pez\" src=\"http:\/\/nuevacordoba.net\/wp-content\/uploads\/2021\/05\/accidente-en-linea-12-la-historia-del-pequeno-brandon-giovanny-y-de-otras-de-las-25-victimas-del-accidente-de-metro-en-ciudad-de-mexico.jpg\" width=\"976\" class=\"bbc-fat2bc e1enwo3v0\"><\/p>\n<p role=\"text\" class=\"bbc-1s1cxbv etq3yw90\"><span class=\"bbc-1gnhmg2 e1yt7oin0\">Fuente de la imagen, <\/span><span lang=\"en-GB\">Facebook<\/span><\/p>\n<\/div>\n<\/div>\n<div dir=\"ltr\" class=\"bbc-3edg7g e57qer20\" readability=\"7.5\"><figcaption dir=\"ltr\" class=\"bbc-1t9zlwf eede9f50\" readability=\"5\"><span class=\"bbc-1gnhmg2 e1yt7oin0\">Pie de foto, <\/span><\/p>\n<p>Los familiares de Brandon Giovanny Hern\u00e1ndez, Nancy Lezama y Cristian L\u00f3pez publicaron sus im\u00e1genes en redes sociales al no tener noticias de ellos tras el accidente de metro de este lunes en Ciudad de M\u00e9xico.<\/p>\n<\/figcaption><\/div>\n<\/div>\n<\/figure>\n<\/div>\n<div dir=\"ltr\" class=\"bbc-19j92fr e57qer20\" readability=\"9\">\n<p dir=\"ltr\" class=\"bbc-bm53ic e1cc2ql70\"><b>Tras el tr\u00e1gico accidente del pasado lunes en el metro de Ciudad de M\u00e9xico, la pesadilla para los familiares de las v\u00edctimas no hab\u00eda hecho m\u00e1s que empezar.<\/b><\/p>\n<\/div>\n<div dir=\"ltr\" class=\"bbc-19j92fr e57qer20\" readability=\"11\">\n<p dir=\"ltr\" class=\"bbc-bm53ic e1cc2ql70\">Algunos sospechaban que sus seres queridos pod\u00edan estar en ese tren entre las estaciones de Olivos y Tezonco pero no lograban comunicarse con ellos. Muchos familiares acudieron al lugar del siniestro, otros segu\u00edan buscando por los hospitales incluso al d\u00eda siguiente, sin \u00e9xito.<\/p>\n<\/div>\n<div dir=\"ltr\" class=\"bbc-19j92fr e57qer20\" readability=\"10\">\n<p dir=\"ltr\" class=\"bbc-bm53ic e1cc2ql70\">Muchos se encontraron a las puertas de la improvisada morgue instalada en el humilde barrio de Iztapalapa, donde les toc\u00f3 realizar el tr\u00e1mite que se negaban a aceptar que fuera ya la \u00fanica posibilidad<b>: identificar a sus muertos.<\/b><\/p>\n<\/div>\n<div dir=\"ltr\" class=\"bbc-19j92fr e57qer20\" readability=\"10\">\n<p dir=\"ltr\" class=\"bbc-bm53ic e1cc2ql70\">Y otros, tras pasar toda la noche velando en los hospitales por sus familiares heridos graves, acabaron recibiendo de los m\u00e9dicos la noticia que no quer\u00edan escuchar.<\/p>\n<\/div>\n<div dir=\"ltr\" class=\"bbc-19j92fr e57qer20\" readability=\"8\">\n<p dir=\"ltr\" class=\"bbc-bm53ic e1cc2ql70\">Algunos de los 25 fallecidos en el accidente de la l\u00ednea 12 del metro compart\u00edan historias en com\u00fan. <\/p>\n<\/div>\n<div dir=\"ltr\" class=\"bbc-19j92fr e57qer20\" readability=\"10\">\n<p dir=\"ltr\" class=\"bbc-bm53ic e1cc2ql70\">Muchos sal\u00edan de sus puestos de trabajo y otros regresaban a sus casas en la alcald\u00eda de Tl\u00e1huac, una de las m\u00e1s grandes y populares en el sureste de la ciudad y<b> llena de gente trabajadora que se desplaza a diario a otras zonas de la capital.<\/b><\/p>\n<\/div>\n<div dir=\"ltr\" class=\"bbc-1ka88fa e57qer20\">\n<figure class=\"bbc-1qdcvv9 e6bmn90\">\n<div dir=\"ltr\" class=\"bbc-172p16q e57qer20\">\n<div dir=\"ltr\" class=\"bbc-189y18v e57qer20\" readability=\"6.5\">\n<div data-e2e=\"image-placeholder\" class=\"bbc-1k5hvrj e1whu0\" readability=\"8\"><noscript><img srcset=\"http:\/\/nuevacordoba.net\/wp-content\/uploads\/2021\/05\/accidente-en-linea-12-la-historia-del-pequeno-brandon-giovanny-y-de-otras-de-las-25-victimas-del-accidente-de-metro-en-ciudad-de-mexico-14.jpg 240w, http:\/\/nuevacordoba.net\/wp-content\/uploads\/2021\/05\/accidente-en-linea-12-la-historia-del-pequeno-brandon-giovanny-y-de-otras-de-las-25-victimas-del-accidente-de-metro-en-ciudad-de-mexico-15.jpg 320w, http:\/\/nuevacordoba.net\/wp-content\/uploads\/2021\/05\/accidente-en-linea-12-la-historia-del-pequeno-brandon-giovanny-y-de-otras-de-las-25-victimas-del-accidente-de-metro-en-ciudad-de-mexico-16.jpg 480w, http:\/\/nuevacordoba.net\/wp-content\/uploads\/2021\/05\/accidente-en-linea-12-la-historia-del-pequeno-brandon-giovanny-y-de-otras-de-las-25-victimas-del-accidente-de-metro-en-ciudad-de-mexico-17.jpg 624w, http:\/\/nuevacordoba.net\/wp-content\/uploads\/2021\/05\/accidente-en-linea-12-la-historia-del-pequeno-brandon-giovanny-y-de-otras-de-las-25-victimas-del-accidente-de-metro-en-ciudad-de-mexico-18.jpg 800w\" alt=\"V\u00eda elevada y vagones colapsados en Ciudad de M\u00e9xico\" src=\"http:\/\/nuevacordoba.net\/wp-content\/uploads\/2021\/05\/accidente-en-linea-12-la-historia-del-pequeno-brandon-giovanny-y-de-otras-de-las-25-victimas-del-accidente-de-metro-en-ciudad-de-mexico-1.jpg\" width=\"976\" class=\"bbc-fat2bc e1enwo3v0\"><\/noscript><\/p>\n<p role=\"text\" class=\"bbc-1s1cxbv etq3yw90\"><span class=\"bbc-1gnhmg2 e1yt7oin0\">Fuente de la imagen, <\/span><span lang=\"en-GB\">Reuters<\/span><\/p>\n<\/div>\n<\/div>\n<div dir=\"ltr\" class=\"bbc-3edg7g e57qer20\" readability=\"6\"><figcaption dir=\"ltr\" class=\"bbc-1t9zlwf eede9f50\" readability=\"2\"><span class=\"bbc-1gnhmg2 e1yt7oin0\">Pie de foto, <\/span><\/p>\n<p>25 personas murieron en el accidente de este lunes.<\/p>\n<\/figcaption><\/div>\n<\/div>\n<\/figure>\n<\/div>\n<div dir=\"ltr\" class=\"bbc-19j92fr e57qer20\" readability=\"10\">\n<p dir=\"ltr\" class=\"bbc-bm53ic e1cc2ql70\">La mayor\u00eda era consciente de las m\u00faltiples fallas que esta l\u00ednea hab\u00eda presentado en su funcionamiento durante a\u00f1os, pero no contaban con otro transporte que les permitiera llegar de manera econ\u00f3mica hasta el centro y evitar el enorme tr\u00e1fico de la ciudad.<\/p>\n<\/div>\n<div dir=\"ltr\" class=\"bbc-19j92fr e57qer20\" readability=\"8\">\n<p dir=\"ltr\" class=\"bbc-bm53ic e1cc2ql70\">Las v\u00edctimas y sus familiares conforman la cara m\u00e1s dura y dram\u00e1tica de la peor tragedia de los \u00faltimos a\u00f1os en Ciudad de M\u00e9xico. Estas son algunas de sus historias.<\/p>\n<\/div>\n<p><h2 id=\"La-v\u00edctima-m\u00e1s-joven\" tabindex=\"-1\" class=\"bbc-l3e97o e14hemmw0\">La v\u00edctima m\u00e1s joven<\/h2>\n<\/p>\n<div dir=\"ltr\" class=\"bbc-19j92fr e57qer20\" readability=\"10\">\n<p dir=\"ltr\" class=\"bbc-bm53ic e1cc2ql70\">La de <b>Brandon Giovann<\/b><b>y<\/b><b> Hern\u00e1ndez<\/b> es, probablemente, la que mayor conmoci\u00f3n caus\u00f3 en el pa\u00eds. <b>Ten\u00eda solo 12 a\u00f1os.<\/b><\/p>\n<\/div>\n<div dir=\"ltr\" class=\"bbc-1ka88fa e57qer20\">\n<figure class=\"bbc-1qdcvv9 e6bmn90\">\n<div dir=\"ltr\" class=\"bbc-172p16q e57qer20\">\n<div dir=\"ltr\" class=\"bbc-189y18v e57qer20\" readability=\"6.5\">\n<div data-e2e=\"image-placeholder\" class=\"bbc-1k5hvrj e1whu0\" readability=\"8\"><noscript><img srcset=\"http:\/\/nuevacordoba.net\/wp-content\/uploads\/2021\/05\/accidente-en-linea-12-la-historia-del-pequeno-brandon-giovanny-y-de-otras-de-las-25-victimas-del-accidente-de-metro-en-ciudad-de-mexico-19.jpg 240w, http:\/\/nuevacordoba.net\/wp-content\/uploads\/2021\/05\/accidente-en-linea-12-la-historia-del-pequeno-brandon-giovanny-y-de-otras-de-las-25-victimas-del-accidente-de-metro-en-ciudad-de-mexico-20.jpg 320w, http:\/\/nuevacordoba.net\/wp-content\/uploads\/2021\/05\/accidente-en-linea-12-la-historia-del-pequeno-brandon-giovanny-y-de-otras-de-las-25-victimas-del-accidente-de-metro-en-ciudad-de-mexico-21.jpg 480w, http:\/\/nuevacordoba.net\/wp-content\/uploads\/2021\/05\/accidente-en-linea-12-la-historia-del-pequeno-brandon-giovanny-y-de-otras-de-las-25-victimas-del-accidente-de-metro-en-ciudad-de-mexico-22.jpg 624w, http:\/\/nuevacordoba.net\/wp-content\/uploads\/2021\/05\/accidente-en-linea-12-la-historia-del-pequeno-brandon-giovanny-y-de-otras-de-las-25-victimas-del-accidente-de-metro-en-ciudad-de-mexico-2.jpg 640w\" alt=\"lA MADRE DEL PEQUE\u00d1O\" src=\"http:\/\/nuevacordoba.net\/wp-content\/uploads\/2021\/05\/accidente-en-linea-12-la-historia-del-pequeno-brandon-giovanny-y-de-otras-de-las-25-victimas-del-accidente-de-metro-en-ciudad-de-mexico-2.jpg\" width=\"640\" class=\"bbc-fat2bc e1enwo3v0\"><\/noscript><\/p>\n<p role=\"text\" class=\"bbc-1s1cxbv etq3yw90\"><span class=\"bbc-1gnhmg2 e1yt7oin0\">Fuente de la imagen, <\/span><span lang=\"en-GB\">Getty Images<\/span><\/p>\n<\/div>\n<\/div>\n<div dir=\"ltr\" class=\"bbc-3edg7g e57qer20\" readability=\"6\"><figcaption dir=\"ltr\" class=\"bbc-1t9zlwf eede9f50\" readability=\"2\"><span class=\"bbc-1gnhmg2 e1yt7oin0\">Pie de foto, <\/span><\/p>\n<p>La familia de Brandon qued\u00f3 desolada.<\/p>\n<\/figcaption><\/div>\n<\/div>\n<\/figure>\n<\/div>\n<div dir=\"ltr\" class=\"bbc-19j92fr e57qer20\" readability=\"9\">\n<p dir=\"ltr\" class=\"bbc-bm53ic e1cc2ql70\">El ni\u00f1o viv\u00eda junto a su familia en una colonia de Tl\u00e1huac <b>con calles de tierra, asentamientos irregulares <\/b>y alejados de las principales v\u00edas de comunicaci\u00f3n.<\/p>\n<\/div>\n<div dir=\"ltr\" class=\"bbc-19j92fr e57qer20\" readability=\"8\">\n<p dir=\"ltr\" class=\"bbc-bm53ic e1cc2ql70\">Para llegar a la conocida como \u00abl\u00ednea dorada\u00bb del metro, la familia ten\u00eda que usar mototaxis.<\/p>\n<\/div>\n<div dir=\"ltr\" class=\"bbc-19j92fr e57qer20\" readability=\"9\">\n<p dir=\"ltr\" class=\"bbc-bm53ic e1cc2ql70\">El lunes, Giovanny viajaba en metro junto a la pareja de su madre. Regresaban del restaurante donde trabajaba el hombre y donde el ni\u00f1o ayudaba lavando platos.<\/p>\n<\/div>\n<div dir=\"ltr\" class=\"bbc-19j92fr e57qer20\" readability=\"10\">\n<p dir=\"ltr\" class=\"bbc-bm53ic e1cc2ql70\">Quiz\u00e1 por eso a Giovanny le interesaba la cocina. Seg\u00fan sus amigos y vecinos, <b>quienes lo definen como un ni\u00f1o alegre,<\/b> tambi\u00e9n le gustaba mucho el f\u00fatbol.<\/p>\n<\/div>\n<div dir=\"ltr\" class=\"bbc-19j92fr e57qer20\" readability=\"13\">\n<p dir=\"ltr\" class=\"bbc-bm53ic e1cc2ql70\">Cuando ocurri\u00f3 el accidente, el hombre result\u00f3 herido grave pero, seg\u00fan la familia, se encuentra estable. Del ni\u00f1o, sin embargo,<b> nada se sab\u00eda.<\/b><\/p>\n<\/div>\n<div dir=\"ltr\" class=\"bbc-19j92fr e57qer20\" readability=\"12\">\n<p dir=\"ltr\" class=\"bbc-bm53ic e1cc2ql70\">Su madre Marisol recorri\u00f3 los hospitales toda la noche junto a la abuela de Giovanny, pero nadie les daba noticias de su paradero. El martes, desesperadas, hicieron un estremecedor llamamiento ante los medios para que alguien les ayudara.<\/p>\n<\/div>\n<div dir=\"ltr\" class=\"bbc-19j92fr e57qer20\" readability=\"9\">\n<p dir=\"ltr\" class=\"bbc-bm53ic e1cc2ql70\"><b>\u00ab\u00a1D\u00edganme si est\u00e1 vivo o muerto! \u00a1D\u00edganme d\u00f3nde est\u00e1! \u00bfD\u00f3nde est\u00e1 mi nieto?\u00bb,<\/b> gritaba la abuela entre l\u00e1grimas. <\/p>\n<\/div>\n<div dir=\"ltr\" class=\"bbc-19j92fr e57qer20\" readability=\"9\">\n<p dir=\"ltr\" class=\"bbc-bm53ic e1cc2ql70\">Ante la falta de informaci\u00f3n, denunciaron la desaparici\u00f3n del ni\u00f1o y la Fiscal\u00eda capitalina emiti\u00f3 una alerta Amber para localizarlo. <\/p>\n<\/div>\n<div dir=\"ltr\" class=\"bbc-19j92fr e57qer20\" readability=\"10\">\n<p dir=\"ltr\" class=\"bbc-bm53ic e1cc2ql70\">Cuando periodistas le preguntaban si hab\u00edan acudido a las morgues, su madre insist\u00eda en que su hijo estaba desaparecido. Guardaba la esperanza de que pudiera haber salido ileso y estar perdido en alg\u00fan lugar.<\/p>\n<\/div>\n<div dir=\"ltr\" class=\"bbc-19j92fr e57qer20\" readability=\"9\">\n<p dir=\"ltr\" class=\"bbc-bm53ic e1cc2ql70\">En la noche del martes, el nombre de Brandon Giovanny apareci\u00f3 en la lista de fallecidos tras el accidente. <\/p>\n<\/div>\n<div dir=\"ltr\" class=\"bbc-19j92fr e57qer20\" readability=\"9\">\n<p dir=\"ltr\" class=\"bbc-bm53ic e1cc2ql70\">\u00abTen\u00edamos planes para el 10 de mayo (D\u00eda de la Madre en M\u00e9xico). <b>Ahora lo voy a enterrar\u00bb,<\/b> dijo sollozando Marisol a medios locales tras identificar el cuerpo de su peque\u00f1o.<\/p>\n<\/div>\n<div dir=\"ltr\" class=\"bbc-1ka88fa e57qer20\">\n<figure class=\"bbc-1qdcvv9 e6bmn90\">\n<div dir=\"ltr\" class=\"bbc-172p16q e57qer20\">\n<div dir=\"ltr\" class=\"bbc-189y18v e57qer20\">\n<div data-e2e=\"image-placeholder\" class=\"bbc-1k5hvrj e1whu0\"><noscript><img srcset=\"http:\/\/nuevacordoba.net\/wp-content\/uploads\/2021\/05\/accidente-en-linea-12-la-historia-del-pequeno-brandon-giovanny-y-de-otras-de-las-25-victimas-del-accidente-de-metro-en-ciudad-de-mexico-23.jpg 240w, http:\/\/nuevacordoba.net\/wp-content\/uploads\/2021\/05\/accidente-en-linea-12-la-historia-del-pequeno-brandon-giovanny-y-de-otras-de-las-25-victimas-del-accidente-de-metro-en-ciudad-de-mexico-24.jpg 320w, http:\/\/nuevacordoba.net\/wp-content\/uploads\/2021\/05\/accidente-en-linea-12-la-historia-del-pequeno-brandon-giovanny-y-de-otras-de-las-25-victimas-del-accidente-de-metro-en-ciudad-de-mexico-25.jpg 480w, http:\/\/nuevacordoba.net\/wp-content\/uploads\/2021\/05\/accidente-en-linea-12-la-historia-del-pequeno-brandon-giovanny-y-de-otras-de-las-25-victimas-del-accidente-de-metro-en-ciudad-de-mexico-26.jpg 624w, http:\/\/nuevacordoba.net\/wp-content\/uploads\/2021\/05\/accidente-en-linea-12-la-historia-del-pequeno-brandon-giovanny-y-de-otras-de-las-25-victimas-del-accidente-de-metro-en-ciudad-de-mexico-27.jpg 800w\" alt=\"Funeral de Brandon\" src=\"http:\/\/nuevacordoba.net\/wp-content\/uploads\/2021\/05\/accidente-en-linea-12-la-historia-del-pequeno-brandon-giovanny-y-de-otras-de-las-25-victimas-del-accidente-de-metro-en-ciudad-de-mexico-3.jpg\" width=\"976\" class=\"bbc-fat2bc e1enwo3v0\"><\/noscript><\/p>\n<p role=\"text\" class=\"bbc-1s1cxbv etq3yw90\"><span class=\"bbc-1gnhmg2 e1yt7oin0\">Fuente de la imagen, <\/span><span lang=\"en-GB\">AFP<\/span><\/p>\n<\/div>\n<\/div>\n<div dir=\"ltr\" class=\"bbc-3edg7g e57qer20\" readability=\"6.5\"><figcaption dir=\"ltr\" class=\"bbc-1t9zlwf eede9f50\" readability=\"3\"><span class=\"bbc-1gnhmg2 e1yt7oin0\">Pie de foto, <\/span><\/p>\n<p>Este mi\u00e9rcoles, la familia despidi\u00f3 a Brandon Giovanny en su funeral.<\/p>\n<\/figcaption><\/div>\n<\/div>\n<\/figure>\n<\/div>\n<div dir=\"ltr\" class=\"bbc-19j92fr e57qer20\" readability=\"13\">\n<p dir=\"ltr\" class=\"bbc-bm53ic e1cc2ql70\">Este mi\u00e9rcoles, la familia lo despidi\u00f3 en un emotivo funeral <b>entre l\u00e1grimas, aplausos, flores y confeti.<\/b> Sobre el peque\u00f1o ata\u00fad blanco, luc\u00eda una foto de Giovanny muy sonriente con traje de graduado.<\/p>\n<\/div>\n<div dir=\"ltr\" class=\"bbc-19j92fr e57qer20\" readability=\"9\">\n<p dir=\"ltr\" class=\"bbc-bm53ic e1cc2ql70\">\u00abNo ten\u00edas que estar aqu\u00ed, hijo m\u00edo no te vayas\u00bb, dijo su madre Marisol.<\/p>\n<\/div>\n<p><h2 id=\"Doble-tragedia-en-la-familia\" tabindex=\"-1\" class=\"bbc-l3e97o e14hemmw0\">Doble tragedia en la familia<\/h2>\n<\/p>\n<div dir=\"ltr\" class=\"bbc-19j92fr e57qer20\" readability=\"7\">\n<p dir=\"ltr\" class=\"bbc-bm53ic e1cc2ql70\">La familia Lezama tambi\u00e9n vivi\u00f3 la tragedia por partida doble. <\/p>\n<\/div>\n<div dir=\"ltr\" class=\"bbc-19j92fr e57qer20\" readability=\"12\">\n<p dir=\"ltr\" class=\"bbc-bm53ic e1cc2ql70\"><b>Nancy, de 22 a\u00f1os, y su hermana Tania<\/b><b>, <\/b><b>de 15<\/b><b>,<\/b> regresaban a su casa en metro desde el centro comercial en Iztapalapa en el que Nancy estaba empleada.<\/p>\n<\/div>\n<div dir=\"ltr\" class=\"bbc-19j92fr e57qer20\" readability=\"10\">\n<p dir=\"ltr\" class=\"bbc-bm53ic e1cc2ql70\">Su primo Jorge dijo que ella realmente no trabajaba los lunes, pero hab\u00eda acudido all\u00e1 para cenar junto a su novio y su hermana. Tras el accidente, perdieron su rastro.<\/p>\n<\/div>\n<div dir=\"ltr\" class=\"bbc-19j92fr e57qer20\" readability=\"10\">\n<p dir=\"ltr\" class=\"bbc-bm53ic e1cc2ql70\">Como muchas otras personas, Jorge recurri\u00f3 a las redes sociales para publicar fotos de sus primas. Los mensajes de ayuda se hicieron autom\u00e1ticamente virales entre quienes quer\u00edan ayudar a localizar a los desaparecidos<b> o incluso ofrec\u00edan su ayuda econ\u00f3mica para los heridos.<\/b><\/p>\n<\/div>\n<div dir=\"ltr\" class=\"bbc-1ka88fa e57qer20\">\n<figure class=\"bbc-1qdcvv9 e6bmn90\">\n<div dir=\"ltr\" class=\"bbc-172p16q e57qer20\">\n<div dir=\"ltr\" class=\"bbc-189y18v e57qer20\" readability=\"6.5\">\n<div data-e2e=\"image-placeholder\" class=\"bbc-1j7433c e1whu0\" readability=\"8\"><noscript><img srcset=\"http:\/\/nuevacordoba.net\/wp-content\/uploads\/2021\/05\/accidente-en-linea-12-la-historia-del-pequeno-brandon-giovanny-y-de-otras-de-las-25-victimas-del-accidente-de-metro-en-ciudad-de-mexico-28.jpg 240w, http:\/\/nuevacordoba.net\/wp-content\/uploads\/2021\/05\/accidente-en-linea-12-la-historia-del-pequeno-brandon-giovanny-y-de-otras-de-las-25-victimas-del-accidente-de-metro-en-ciudad-de-mexico-29.jpg 320w, http:\/\/nuevacordoba.net\/wp-content\/uploads\/2021\/05\/accidente-en-linea-12-la-historia-del-pequeno-brandon-giovanny-y-de-otras-de-las-25-victimas-del-accidente-de-metro-en-ciudad-de-mexico-30.jpg 480w, http:\/\/nuevacordoba.net\/wp-content\/uploads\/2021\/05\/accidente-en-linea-12-la-historia-del-pequeno-brandon-giovanny-y-de-otras-de-las-25-victimas-del-accidente-de-metro-en-ciudad-de-mexico-31.jpg 624w, http:\/\/nuevacordoba.net\/wp-content\/uploads\/2021\/05\/accidente-en-linea-12-la-historia-del-pequeno-brandon-giovanny-y-de-otras-de-las-25-victimas-del-accidente-de-metro-en-ciudad-de-mexico-32.jpg 800w\" alt=\"Tania y Nancy Lezama\" src=\"http:\/\/nuevacordoba.net\/wp-content\/uploads\/2021\/05\/accidente-en-linea-12-la-historia-del-pequeno-brandon-giovanny-y-de-otras-de-las-25-victimas-del-accidente-de-metro-en-ciudad-de-mexico-4.jpg\" width=\"976\" class=\"bbc-fat2bc e1enwo3v0\"><\/noscript><\/p>\n<p role=\"text\" class=\"bbc-1s1cxbv etq3yw90\"><span class=\"bbc-1gnhmg2 e1yt7oin0\">Fuente de la imagen, <\/span><span lang=\"en-GB\">Facebook<\/span><\/p>\n<\/div>\n<\/div>\n<div dir=\"ltr\" class=\"bbc-3edg7g e57qer20\" readability=\"6\"><figcaption dir=\"ltr\" class=\"bbc-1t9zlwf eede9f50\" readability=\"2\"><span class=\"bbc-1gnhmg2 e1yt7oin0\">Pie de foto, <\/span><\/p>\n<p>Las hermanas Tania y Nancy Lezama regresaban a su casa en el metro que sufri\u00f3 el accidente.<\/p>\n<\/figcaption><\/div>\n<\/div>\n<\/figure>\n<\/div>\n<div dir=\"ltr\" class=\"bbc-19j92fr e57qer20\" readability=\"10\">\n<p dir=\"ltr\" class=\"bbc-bm53ic e1cc2ql70\">Seg\u00fan le cont\u00f3 Jorge al diario El Universal, a la primera que encontraron fue a Tania herida grave en un hospital con <b>\u00abel diagn\u00f3stico de no volver a caminar\u00bb<\/b> tras haber sufrido una hemorragia interna y fractura de columna.<\/p>\n<\/div>\n<div dir=\"ltr\" class=\"bbc-19j92fr e57qer20\" readability=\"9\">\n<p dir=\"ltr\" class=\"bbc-bm53ic e1cc2ql70\">Horas m\u00e1s tarde este martes, el propio Jorge confirm\u00f3 en su cuenta de Facebook que Nancy fue localizada sin vida. <\/p>\n<\/div>\n<div dir=\"ltr\" class=\"bbc-19j92fr e57qer20\" readability=\"9\">\n<p dir=\"ltr\" class=\"bbc-bm53ic e1cc2ql70\">\u00abAgradecemos a todas las personas que nos apoyaron en la difusi\u00f3n de esta noticia (\u2026). Les pido oraciones por la lucha que se est\u00e1 llevando para que Tania salga adelante\u00bb, escribi\u00f3.<\/p>\n<\/div>\n<p><h2 id=\"La-muerte-tras-vencer-al-covid19\" tabindex=\"-1\" class=\"bbc-l3e97o e14hemmw0\">La muerte tras vencer al covid-19<\/h2>\n<\/p>\n<div dir=\"ltr\" class=\"bbc-19j92fr e57qer20\" readability=\"10\">\n<p dir=\"ltr\" class=\"bbc-bm53ic e1cc2ql70\"><b>Cristian L\u00f3pez,<\/b> de 41 a\u00f1os, regresaba a su casa como cada d\u00eda desde las oficinas gubernamentales de Prevenci\u00f3n y Desadaptaci\u00f3n Social.<\/p>\n<\/div>\n<div dir=\"ltr\" class=\"bbc-19j92fr e57qer20\" readability=\"10\">\n<p dir=\"ltr\" class=\"bbc-bm53ic e1cc2ql70\">Originario de Oaxaca, el hombre se hab\u00eda reincorporado a su puesto<b> tras haber vencido al covid-19,<\/b> enfermedad que le llev\u00f3 incluso a estar intubado.<\/p>\n<\/div>\n<div dir=\"ltr\" class=\"bbc-19j92fr e57qer20\" readability=\"9\">\n<p dir=\"ltr\" class=\"bbc-bm53ic e1cc2ql70\">La l\u00ednea 12 era la que le llevaba hasta su domicilio en el Valle de Chalco. Tras buscarlo por hospitales y pedir ayuda por redes sociales, su familia fue informada de su muerte este martes.<\/p>\n<\/div>\n<div dir=\"ltr\" class=\"bbc-1ka88fa e57qer20\">\n<figure class=\"bbc-1qdcvv9 e6bmn90\">\n<div dir=\"ltr\" class=\"bbc-172p16q e57qer20\">\n<div dir=\"ltr\" class=\"bbc-189y18v e57qer20\" readability=\"6.5\">\n<div data-e2e=\"image-placeholder\" class=\"bbc-1k5hvrj e1whu0\" readability=\"8\"><noscript><img srcset=\"http:\/\/nuevacordoba.net\/wp-content\/uploads\/2021\/05\/accidente-en-linea-12-la-historia-del-pequeno-brandon-giovanny-y-de-otras-de-las-25-victimas-del-accidente-de-metro-en-ciudad-de-mexico-33.jpg 240w, http:\/\/nuevacordoba.net\/wp-content\/uploads\/2021\/05\/accidente-en-linea-12-la-historia-del-pequeno-brandon-giovanny-y-de-otras-de-las-25-victimas-del-accidente-de-metro-en-ciudad-de-mexico-34.jpg 320w, http:\/\/nuevacordoba.net\/wp-content\/uploads\/2021\/05\/accidente-en-linea-12-la-historia-del-pequeno-brandon-giovanny-y-de-otras-de-las-25-victimas-del-accidente-de-metro-en-ciudad-de-mexico-35.jpg 480w, http:\/\/nuevacordoba.net\/wp-content\/uploads\/2021\/05\/accidente-en-linea-12-la-historia-del-pequeno-brandon-giovanny-y-de-otras-de-las-25-victimas-del-accidente-de-metro-en-ciudad-de-mexico-36.jpg 624w, http:\/\/nuevacordoba.net\/wp-content\/uploads\/2021\/05\/accidente-en-linea-12-la-historia-del-pequeno-brandon-giovanny-y-de-otras-de-las-25-victimas-del-accidente-de-metro-en-ciudad-de-mexico-37.jpg 800w\" alt=\"Cristian L\u00f3pez era originario de Oaxaca.\" src=\"http:\/\/nuevacordoba.net\/wp-content\/uploads\/2021\/05\/accidente-en-linea-12-la-historia-del-pequeno-brandon-giovanny-y-de-otras-de-las-25-victimas-del-accidente-de-metro-en-ciudad-de-mexico-5.jpg\" width=\"976\" class=\"bbc-fat2bc e1enwo3v0\"><\/noscript><\/p>\n<p role=\"text\" class=\"bbc-1s1cxbv etq3yw90\"><span class=\"bbc-1gnhmg2 e1yt7oin0\">Fuente de la imagen, <\/span><span lang=\"en-GB\">Facebook<\/span><\/p>\n<\/div>\n<\/div>\n<div dir=\"ltr\" class=\"bbc-3edg7g e57qer20\" readability=\"6\"><figcaption dir=\"ltr\" class=\"bbc-1t9zlwf eede9f50\" readability=\"2\"><span class=\"bbc-1gnhmg2 e1yt7oin0\">Pie de foto, <\/span><\/p>\n<p>Cristian L\u00f3pez era originario de Oaxaca.<\/p>\n<\/figcaption><\/div>\n<\/div>\n<\/figure>\n<\/div>\n<div dir=\"ltr\" class=\"bbc-19j92fr e57qer20\" readability=\"11\">\n<p dir=\"ltr\" class=\"bbc-bm53ic e1cc2ql70\"><b>Alejandro Mendoza,<\/b> de 53 a\u00f1os, era contador y sali\u00f3 de su trabajo el lunes por la noche hacia el metro para dirigirse a su casa, en el centro de Tl\u00e1huac.<\/p>\n<\/div>\n<div dir=\"ltr\" class=\"bbc-19j92fr e57qer20\" readability=\"12\">\n<p dir=\"ltr\" class=\"bbc-bm53ic e1cc2ql70\">Su pareja tuvo la \u00faltima comunicaci\u00f3n con \u00e9l algo antes de las 10:00 de la noche. \u00abDesde entonces, entra la llamada al tel\u00e9fono, pero nadie contesta\u00bb, le dijo a BBC Mundo su hijo Kevin al inicio de la tarde del martes.<\/p>\n<\/div>\n<div dir=\"ltr\" class=\"bbc-19j92fr e57qer20\" readability=\"10\">\n<p dir=\"ltr\" class=\"bbc-bm53ic e1cc2ql70\">El joven de 24 a\u00f1os buscaba a su padre por los hospitales de la ciudad en aquel momento. Su nombre no aparec\u00eda en ning\u00fan listado de v\u00edctimas, por lo que ten\u00eda la esperanza de que su padre estuviera herido<b> pero no hubieran podido identificarlo. <\/b><\/p>\n<\/div>\n<div dir=\"ltr\" class=\"bbc-19j92fr e57qer20\" readability=\"8\">\n<p dir=\"ltr\" class=\"bbc-bm53ic e1cc2ql70\">Horas despu\u00e9s, se confirm\u00f3 que era otra de las v\u00edctimas mortales.<\/p>\n<\/div>\n<div dir=\"ltr\" class=\"bbc-1ka88fa e57qer20\">\n<figure class=\"bbc-1qdcvv9 e6bmn90\">\n<div dir=\"ltr\" class=\"bbc-172p16q e57qer20\">\n<div dir=\"ltr\" class=\"bbc-189y18v e57qer20\" readability=\"6.5\">\n<div data-e2e=\"image-placeholder\" class=\"bbc-1k5hvrj e1whu0\" readability=\"8\"><noscript><img srcset=\"http:\/\/nuevacordoba.net\/wp-content\/uploads\/2021\/05\/accidente-en-linea-12-la-historia-del-pequeno-brandon-giovanny-y-de-otras-de-las-25-victimas-del-accidente-de-metro-en-ciudad-de-mexico-38.jpg 240w, http:\/\/nuevacordoba.net\/wp-content\/uploads\/2021\/05\/accidente-en-linea-12-la-historia-del-pequeno-brandon-giovanny-y-de-otras-de-las-25-victimas-del-accidente-de-metro-en-ciudad-de-mexico-39.jpg 320w, http:\/\/nuevacordoba.net\/wp-content\/uploads\/2021\/05\/accidente-en-linea-12-la-historia-del-pequeno-brandon-giovanny-y-de-otras-de-las-25-victimas-del-accidente-de-metro-en-ciudad-de-mexico-40.jpg 480w, http:\/\/nuevacordoba.net\/wp-content\/uploads\/2021\/05\/accidente-en-linea-12-la-historia-del-pequeno-brandon-giovanny-y-de-otras-de-las-25-victimas-del-accidente-de-metro-en-ciudad-de-mexico-41.jpg 624w, http:\/\/nuevacordoba.net\/wp-content\/uploads\/2021\/05\/accidente-en-linea-12-la-historia-del-pequeno-brandon-giovanny-y-de-otras-de-las-25-victimas-del-accidente-de-metro-en-ciudad-de-mexico-42.jpg 800w\" alt=\"Kevin Mendoza\" src=\"http:\/\/nuevacordoba.net\/wp-content\/uploads\/2021\/05\/accidente-en-linea-12-la-historia-del-pequeno-brandon-giovanny-y-de-otras-de-las-25-victimas-del-accidente-de-metro-en-ciudad-de-mexico-6.jpg\" width=\"976\" class=\"bbc-fat2bc e1enwo3v0\"><\/noscript><\/p>\n<p role=\"text\" class=\"bbc-1s1cxbv etq3yw90\"><span class=\"bbc-1gnhmg2 e1yt7oin0\">Fuente de la imagen, <\/span><span lang=\"en-GB\">Marcos Gonz\u00e1lez<\/span><\/p>\n<\/div>\n<\/div>\n<div dir=\"ltr\" class=\"bbc-3edg7g e57qer20\" readability=\"6.5\"><figcaption dir=\"ltr\" class=\"bbc-1t9zlwf eede9f50\" readability=\"3\"><span class=\"bbc-1gnhmg2 e1yt7oin0\">Pie de foto, <\/span><\/p>\n<p>Kevin Mendoza recorri\u00f3 hospitales de la ciudad con la esperanza de encontrar a su padre Alejandro con vida.<\/p>\n<\/figcaption><\/div>\n<\/div>\n<\/figure>\n<\/div>\n<p><h2 id=\"El-metro-como-\u00fanica-opci\u00f3n-de-transporte\" tabindex=\"-1\" class=\"bbc-l3e97o e14hemmw0\">El metro como \u00fanica opci\u00f3n de transporte<\/h2>\n<\/p>\n<div dir=\"ltr\" class=\"bbc-19j92fr e57qer20\" readability=\"8\">\n<p dir=\"ltr\" class=\"bbc-bm53ic e1cc2ql70\">Yuliana Torres sab\u00eda que algo iba mal cuando se enter\u00f3 por televisi\u00f3n del accidente y tampoco consegu\u00edan hablar por tel\u00e9fono con su marido.<\/p>\n<\/div>\n<div dir=\"ltr\" class=\"bbc-19j92fr e57qer20\" readability=\"10\">\n<p dir=\"ltr\" class=\"bbc-bm53ic e1cc2ql70\"><b>Juan Luis D\u00edaz,<\/b> de 38 a\u00f1os, era ch\u00f3fer de empresa y viv\u00eda con su esposa y \u00fanico hijo en Tl\u00e1huac. <\/p>\n<\/div>\n<div dir=\"ltr\" class=\"bbc-19j92fr e57qer20\" readability=\"12\">\n<p dir=\"ltr\" class=\"bbc-bm53ic e1cc2ql70\">\u00abTomaba esta l\u00ednea por cuestiones de trabajo. <b>No nos quedaba m\u00e1s opci\u00f3n, por econom\u00eda, por ahorrar tiempo\u2026\u00bb,<\/b> le dijo la mujer a BBC Mundo el martes frente al hospital en el que fue ingresado despu\u00e9s de que los equipos de emergencia lo sacaran del metro con vida.<\/p>\n<\/div>\n<div dir=\"ltr\" class=\"bbc-19j92fr e57qer20\" readability=\"13\">\n<p dir=\"ltr\" class=\"bbc-bm53ic e1cc2ql70\">Antes de llegar al centro m\u00e9dico, sin embargo, sufri\u00f3 un paro card\u00edaco y falleci\u00f3. Tras casi 12 horas en el hospital, y a\u00fan sin haber asimilado la noticia, Yuliana <b>esperaba resignada para hacer los tr\u00e1mites funerarios.<\/b><\/p>\n<\/div>\n<div dir=\"ltr\" class=\"bbc-1ka88fa e57qer20\">\n<figure class=\"bbc-1qdcvv9 e6bmn90\">\n<div dir=\"ltr\" class=\"bbc-172p16q e57qer20\">\n<div dir=\"ltr\" class=\"bbc-189y18v e57qer20\" readability=\"6.5\">\n<div data-e2e=\"image-placeholder\" class=\"bbc-1k5hvrj e1whu0\" readability=\"8\"><noscript><img srcset=\"http:\/\/nuevacordoba.net\/wp-content\/uploads\/2021\/05\/accidente-en-linea-12-la-historia-del-pequeno-brandon-giovanny-y-de-otras-de-las-25-victimas-del-accidente-de-metro-en-ciudad-de-mexico-43.jpg 240w, http:\/\/nuevacordoba.net\/wp-content\/uploads\/2021\/05\/accidente-en-linea-12-la-historia-del-pequeno-brandon-giovanny-y-de-otras-de-las-25-victimas-del-accidente-de-metro-en-ciudad-de-mexico-44.jpg 320w, http:\/\/nuevacordoba.net\/wp-content\/uploads\/2021\/05\/accidente-en-linea-12-la-historia-del-pequeno-brandon-giovanny-y-de-otras-de-las-25-victimas-del-accidente-de-metro-en-ciudad-de-mexico-45.jpg 480w, http:\/\/nuevacordoba.net\/wp-content\/uploads\/2021\/05\/accidente-en-linea-12-la-historia-del-pequeno-brandon-giovanny-y-de-otras-de-las-25-victimas-del-accidente-de-metro-en-ciudad-de-mexico-46.jpg 624w, http:\/\/nuevacordoba.net\/wp-content\/uploads\/2021\/05\/accidente-en-linea-12-la-historia-del-pequeno-brandon-giovanny-y-de-otras-de-las-25-victimas-del-accidente-de-metro-en-ciudad-de-mexico-47.jpg 800w\" alt=\"Yuliana Torres\" src=\"http:\/\/nuevacordoba.net\/wp-content\/uploads\/2021\/05\/accidente-en-linea-12-la-historia-del-pequeno-brandon-giovanny-y-de-otras-de-las-25-victimas-del-accidente-de-metro-en-ciudad-de-mexico-7.jpg\" width=\"976\" class=\"bbc-fat2bc e1enwo3v0\"><\/noscript><\/p>\n<p role=\"text\" class=\"bbc-1s1cxbv etq3yw90\"><span class=\"bbc-1gnhmg2 e1yt7oin0\">Fuente de la imagen, <\/span><span lang=\"en-GB\">Marcos Gonz\u00e1lez<\/span><\/p>\n<\/div>\n<\/div>\n<div dir=\"ltr\" class=\"bbc-3edg7g e57qer20\" readability=\"6.5\"><figcaption dir=\"ltr\" class=\"bbc-1t9zlwf eede9f50\" readability=\"3\"><span class=\"bbc-1gnhmg2 e1yt7oin0\">Pie de foto, <\/span><\/p>\n<p>Yuliana Torres se enfrentaba a los tr\u00e1mites funerarios tras la muerte de su marido Juan Luis D\u00edaz.<\/p>\n<\/figcaption><\/div>\n<\/div>\n<\/figure>\n<\/div>\n<div dir=\"ltr\" class=\"bbc-19j92fr e57qer20\" readability=\"11\">\n<p dir=\"ltr\" class=\"bbc-bm53ic e1cc2ql70\">Esa misma tarde, los familiares de <b>Jos\u00e9 Luis Hern\u00e1ndez, <\/b>quien fue uno de los primeros cuerpos en ser rescatado de entre los restos de los vagones, recibieron su cad\u00e1ver.<\/p>\n<\/div>\n<div dir=\"ltr\" class=\"bbc-19j92fr e57qer20\" readability=\"8\">\n<p dir=\"ltr\" class=\"bbc-bm53ic e1cc2ql70\">El hombre de 60 a\u00f1os tomaba esa l\u00ednea de metro todos los d\u00edas para llegar a su trabajo en un taller de carrocer\u00eda. Su hijo Luis Adri\u00e1n cont\u00f3 a los medios que muri\u00f3 en el acto.<\/p>\n<\/div>\n<div dir=\"ltr\" class=\"bbc-19j92fr e57qer20\" readability=\"9\">\n<p dir=\"ltr\" class=\"bbc-bm53ic e1cc2ql70\">Los m\u00e9dicos le dijeron que su padre hab\u00eda quedado aplastado por otros pasajeros que intentaban escapar, con traumas y hematomas en diversas partes del cuerpo. <\/p>\n<\/div>\n<div dir=\"ltr\" class=\"bbc-19j92fr e57qer20\" readability=\"8\">\n<p dir=\"ltr\" class=\"bbc-bm53ic e1cc2ql70\"><b>\u00abEs algo muy feo ver a tu padre as\u00ed por \u00faltima vez\u00bb<\/b>, dijo afectado.<\/p>\n<\/div>\n<div dir=\"ltr\" class=\"bbc-1ka88fa e57qer20\">\n<figure class=\"bbc-1qdcvv9 e6bmn90\">\n<div dir=\"ltr\" class=\"bbc-172p16q e57qer20\">\n<div dir=\"ltr\" class=\"bbc-189y18v e57qer20\">\n<div data-e2e=\"image-placeholder\" class=\"bbc-uhmmqj e1whu0\"><noscript><img srcset=\"http:\/\/nuevacordoba.net\/wp-content\/uploads\/2021\/05\/accidente-en-linea-12-la-historia-del-pequeno-brandon-giovanny-y-de-otras-de-las-25-victimas-del-accidente-de-metro-en-ciudad-de-mexico-48.jpg 240w, http:\/\/nuevacordoba.net\/wp-content\/uploads\/2021\/05\/accidente-en-linea-12-la-historia-del-pequeno-brandon-giovanny-y-de-otras-de-las-25-victimas-del-accidente-de-metro-en-ciudad-de-mexico-49.jpg 320w, http:\/\/nuevacordoba.net\/wp-content\/uploads\/2021\/05\/accidente-en-linea-12-la-historia-del-pequeno-brandon-giovanny-y-de-otras-de-las-25-victimas-del-accidente-de-metro-en-ciudad-de-mexico-50.jpg 480w, http:\/\/nuevacordoba.net\/wp-content\/uploads\/2021\/05\/accidente-en-linea-12-la-historia-del-pequeno-brandon-giovanny-y-de-otras-de-las-25-victimas-del-accidente-de-metro-en-ciudad-de-mexico-51.jpg 624w\" alt=\"raya\" src=\"http:\/\/nuevacordoba.net\/wp-content\/uploads\/2021\/05\/accidente-en-linea-12-la-historia-del-pequeno-brandon-giovanny-y-de-otras-de-las-25-victimas-del-accidente-de-metro-en-ciudad-de-mexico-8.jpg\" width=\"624\" class=\"bbc-fat2bc e1enwo3v0\"><\/noscript><\/div>\n<\/div>\n<\/div>\n<\/figure>\n<\/div>\n<div dir=\"ltr\" class=\"bbc-19j92fr e57qer20\" readability=\"8\">\n<p dir=\"ltr\" class=\"bbc-bm53ic e1cc2ql70\"><i class=\"bbc-h1y5j7 ewc4zcb0\">Recuerda que puedes recibir notificaciones de BBC News Mundo. Descarga la \u00faltima versi\u00f3n de nuestra app y act\u00edvalas para no perderte nuestro mejor contenido.<\/i><\/p>\n<\/div>\n","protected":false},"excerpt":{"rendered":"<p>Marcos Gonz\u00e1lez D\u00edaz Corresponsal de BBC News Mundo en M\u00e9xico 6 mayo 2021, 02:05 GMT Actualizado 6 mayo 2021, 05:03 GMT Fuente de la imagen, Facebook Pie de foto, Los familiares de Brandon Giovanny Hern\u00e1ndez, Nancy Lezama y Cristian L\u00f3pez publicaron sus im\u00e1genes en redes sociales al no tener noticias de ellos tras el accidente [&hellip;]<\/p>\n","protected":false},"author":1,"featured_media":4161,"comment_status":"closed","ping_status":"closed","sticky":false,"template":"","format":"standard","meta":[],"categories":[13],"tags":[],"_links":{"self":[{"href":"http:\/\/nuevacordoba.net\/index.php\/wp-json\/wp\/v2\/posts\/4160"}],"collection":[{"href":"http:\/\/nuevacordoba.net\/index.php\/wp-json\/wp\/v2\/posts"}],"about":[{"href":"http:\/\/nuevacordoba.net\/index.php\/wp-json\/wp\/v2\/types\/post"}],"author":[{"embeddable":true,"href":"http:\/\/nuevacordoba.net\/index.php\/wp-json\/wp\/v2\/users\/1"}],"replies":[{"embeddable":true,"href":"http:\/\/nuevacordoba.net\/index.php\/wp-json\/wp\/v2\/comments?post=4160"}],"version-history":[{"count":0,"href":"http:\/\/nuevacordoba.net\/index.php\/wp-json\/wp\/v2\/posts\/4160\/revisions"}],"wp:featuredmedia":[{"embeddable":true,"href":"http:\/\/nuevacordoba.net\/index.php\/wp-json\/wp\/v2\/media\/4161"}],"wp:attachment":[{"href":"http:\/\/nuevacordoba.net\/index.php\/wp-json\/wp\/v2\/media?parent=4160"}],"wp:term":[{"taxonomy":"category","embeddable":true,"href":"http:\/\/nuevacordoba.net\/index.php\/wp-json\/wp\/v2\/categories?post=4160"},{"taxonomy":"post_tag","embeddable":true,"href":"http:\/\/nuevacordoba.net\/index.php\/wp-json\/wp\/v2\/tags?post=4160"}],"curies":[{"name":"wp","href":"https:\/\/api.w.org\/{rel}","templated":true}]}}