{"id":41780,"date":"2024-03-04T03:03:23","date_gmt":"2024-03-04T03:03:23","guid":{"rendered":"https:\/\/puntoapunto.com.ar\/?p=357899"},"modified":"2024-03-04T03:03:23","modified_gmt":"2024-03-04T03:03:23","slug":"llaryora-apoya-propuesta-de-milei-y-redefine-su-estrategia-de-proyeccion-nacional","status":"publish","type":"post","link":"http:\/\/nuevacordoba.net\/index.php\/2024\/03\/04\/llaryora-apoya-propuesta-de-milei-y-redefine-su-estrategia-de-proyeccion-nacional\/","title":{"rendered":"Llaryora apoya propuesta de Milei y redefine su estrategia de proyecci\u00f3n nacional"},"content":{"rendered":"<div class=\"g g-36\">\n<div class=\"g-dyn a-29 c-1\"><a class=\"gofollow\" data-track=\"MjksMzYsMSw2MA==\" href=\"https:\/\/www.harmoniechateau.com.ar\/\" target=\"_blank\" rel=\"noopener\"><img class=\"lazyload\" src=\"http:\/\/nuevacordoba.net\/wp-content\/uploads\/2024\/03\/llaryora-apoya-propuesta-de-milei-y-redefine-su-estrategia-de-proyeccion-nacional.jpg\"><\/a><\/div>\n<\/div>\n<p>&nbsp;\n<\/p>\n<p><strong>Por Eduardo Bocco, especial para Perfil C\u00f3rdoba<\/strong>. En una entrevista que fue publicada a mediados de la semana pasada por el prestigioso medio brit\u00e1nico Financial Times, Javier Milei asegur\u00f3 que pod\u00eda gobernar sin Congreso y que no ten\u00eda problemas en aplicar su programa de gobierno a trav\u00e9s de decretos. Sin embargo, el viernes pasado el Presidente dio un giro copernicano y, tras maltratar a gobernadores y legisladores, los convoc\u00f3 a un acuerdo nacional, a un pacto para echar las bases de una nueva Argentina.\n<\/p>\n<p>Al hablar durante la Asamblea Legislativa, que dej\u00f3 inaugurado un nuevo per\u00edodo de sesiones ordinarias del Congreso nacional, les dijo de todo a los gobernadores y diputados y senadores nacionales: ladrones, corruptos, delincuentes, in\u00fatiles e inoperantes, entre otros adjetivos calificativos. Eso durante el 80 por ciento de su mensaje, lo cual era esperado y no sorprend\u00eda a nadie, mientras sus ac\u00f3litos lo avivaban desde los palcos y las gradas superiores, al m\u00e1s puro estilo kirchnerista.\n<\/p>\n<p>M\u00e1s all\u00e1 de los reparos y los condicionamientos que puso en caliente, apenas termin\u00f3 el discurso, el gobernador de C\u00f3rdoba Mart\u00edn Llaryora ya dijo que acudir\u00e1 a todas las instancias de di\u00e1logo propuestas por el Gobierno nacional, primero en la Casa Rosada y luego en el Congreso, para tratar de aprobar la ley \u00f3mnibus.\n<\/p>\n<p>Seg\u00fan dejaron filtrar en la Casa Rosada,&nbsp;<strong>Milei habr\u00eda aceptado algunas sugerencias de instituciones internacionales para hacer menos escarpado el camino en la dificultosa relaci\u00f3n con las provincias<\/strong>.<\/p>\n<p>Adem\u00e1s, Llaryora estar\u00e1 en la punta del viento ya que el jefe de Estado llam\u00f3 a firmar en nuestra provincia un pacto nacional el pr\u00f3ximo 25 de mayo, con 10 principios rectores de su programa de gesti\u00f3n. Y, obviamente, ese encuentro lo tendr\u00e1 como anfitri\u00f3n y principal cara visible despu\u00e9s del Presidente y su entorno m\u00e1s pr\u00f3ximo.\n<\/p>\n<p>\u201cEs cierto que no esper\u00e1bamos esto, pero tenemos que aprovecharlo porque de alguna manera adelanta nuestros tiempos\u201d, indicaron desde el entorno del gobernador.\n<\/p>\n<p>Es que mientras t\u00e9cnicos pul\u00edan las respuestas de Llaryora a Milei por su discurso \u2013iban a ser bastante duras y difundidas en redes sociales\u2013, el mandatario cambi\u00f3 de frente y formul\u00f3 el llamamiento a todas las provincias y a la Ciudad Aut\u00f3noma de Buenos Aires.\n<\/p>\n<p>Tiraron todos los borradores y empezaron a escribir la nueva historia con un mensaje suave del gobernador, en el que respald\u00f3 la propuesta pero dijo que era necesario aplicar cambios en forma urgente. Eso al principio porque despu\u00e9s evaluaron las oportunidades que le daba a C\u00f3rdoba y al gobernador el nuevo escenario planteado por el jefe de Estado.\n<\/p>\n<p><strong>Vigo jug\u00f3 fuerte.&nbsp;<\/strong>&nbsp;No hubo respaldos masivos al gobernador, pero el m\u00e1s importante fue el de la senadora nacional cordobesista Alejandra Vigo, alineada totalmente con su esposo, el exgobernador Juan Schiaretti.\n<\/p>\n<p>\u201cAlejandra habla por Juan, que le levant\u00f3 el pulgar a la jugada de Milei\u2026 es que en esta plaza todos se necesitan, de modo que nadie puede seguir a los gritos\u201d, comentaron cerca del b\u00fanker de Schiaretti que sigue trabajando en silencio.&nbsp;<strong>Los llaryoristas piensan que lo mejor que le puede pasar al gobernador es que su antecesor se meta en la pelea por 2025, cuando se vote para elegir diputados nacionales.&nbsp;<\/strong>\u201cJuan puede ser un personaje central en todo lo que tenga que ver con el futuro a mediano plazo y puede sorprender porque no olvidemos que qued\u00f3 bien parado tras los debates y la elecci\u00f3n presidencial del a\u00f1o pasado\u201d, razonan desde el peronismo cordob\u00e9s. Adem\u00e1s, recuerdan que Schiaretti se fue con una imagen positiva del 75 por ciento y que todav\u00eda la mantiene, seg\u00fan lo remarcan las encuestas.\n<\/p>\n<p>Tambi\u00e9n el presidente Milei cuenta con un masivo respaldo popular que supera el 50 por ciento, luego de las dr\u00e1sticas medidas que tom\u00f3 y que impactan de lleno en la clase media.\n<\/p>\n<p>Milei tambi\u00e9n modific\u00f3 su pensamiento sobre los jubilados. La semana pasada asegur\u00f3 casi despectivamente que s\u00f3lo el 15 por ciento de la clase pasiva estaba mal, mientras hab\u00eda 60 por ciento de chicos bajo los niveles de pobreza.<strong>&nbsp;El viernes cambi\u00f3 y habl\u00f3 bien de las personas mayores y prometi\u00f3 una nueva tabla para que sus ingresos no se sigan licuando.&nbsp;<\/strong>\n<\/p>\n<p>Contradicciones aparte, en el entorno de Llaryora afirman que este nuevo escenario puede adelantar los tiempos de Llaryora, que es visto como un antagonista al Presidente. En La Libertad Avanza, diputados confiaron que \u201ctiene entre ceja y ceja a Llaryora y habla mal de \u00e9l cada vez que puede\u201d. En el Centro C\u00edvico insisten:<strong>&nbsp;\u201cTodo esto es una oportunidad y es una buena noticia que nos quieran subir al ring\u201d. Cordobesismo a full.<\/strong>\n<\/p>\n<p><strong>Advertencia por los subsidios al transporte.&nbsp;<\/strong>&nbsp;En el nuevo ida y vuelta propuesto por la Casa Rosada a las provincias, el oficialismo cordob\u00e9s tiene algunas urgencias y la prioridad aqu\u00ed es por ahora aliviar la situaci\u00f3n del sistema de colectivos urbanos e interurbanos.\n<\/p>\n<p>\u201cSi no nos env\u00edan los fondos suficientes, estaremos obligados otra vez a subir el precio del boleto\u201d, se justifican cerca de Llaryora por los incrementos dispuestos hace muy poco tiempo. Los voceros del oficialismo recalcan que la inflaci\u00f3n no cede y por m\u00e1s ajuste que se haya hecho, la dr\u00e1stica reducci\u00f3n de las partidas de la Naci\u00f3n caus\u00f3 un fuerte impacto en el Tesoro provincial.\n<\/p>\n<p>En eso tambi\u00e9n radica el inter\u00e9s de Llaryora en sentarse a conversar con las autoridades nacionales. Por eso estar\u00edan dispuestas, la mayor\u00eda de las provincias, a firmar el pacto de mayo y antes dar el aval a la ley \u00f3mnibus y a los pactos que se puedan hacer, sobre todo a nivel fiscal y que tengan rango de ley. Ahora, impensadamente, todo vuelve a pasar por el Congreso. Hay que acostumbrarse a Milei.\n<\/p>\n<p>&nbsp;\n<\/p>\n<div class=\"g g-38\">\n<div class=\"g-dyn a-12 c-1\"><a class=\"gofollow\" data-track=\"MTIsMzgsMSw2MA==\" href=\"https:\/\/hospitalprivado.com.ar\/landing-trasplante.html\" target=\"_blank\" rel=\"noopener\"><img class=\"lazyload\" src=\"http:\/\/nuevacordoba.net\/wp-content\/uploads\/2024\/03\/llaryora-apoya-propuesta-de-milei-y-redefine-su-estrategia-de-proyeccion-nacional.gif\"><\/a><\/div>\n<\/div>\n","protected":false},"excerpt":{"rendered":"<p>&nbsp; Por Eduardo Bocco, especial para Perfil C\u00f3rdoba. En una entrevista que fue publicada a mediados de la semana pasada por el prestigioso medio brit\u00e1nico Financial Times, Javier Milei asegur\u00f3 que pod\u00eda gobernar sin Congreso y que no ten\u00eda problemas en aplicar su programa de gobierno a trav\u00e9s de decretos. Sin embargo, el viernes pasado [&hellip;]<\/p>\n","protected":false},"author":1,"featured_media":41781,"comment_status":"open","ping_status":"closed","sticky":false,"template":"","format":"standard","meta":[],"categories":[12,14],"tags":[],"_links":{"self":[{"href":"http:\/\/nuevacordoba.net\/index.php\/wp-json\/wp\/v2\/posts\/41780"}],"collection":[{"href":"http:\/\/nuevacordoba.net\/index.php\/wp-json\/wp\/v2\/posts"}],"about":[{"href":"http:\/\/nuevacordoba.net\/index.php\/wp-json\/wp\/v2\/types\/post"}],"author":[{"embeddable":true,"href":"http:\/\/nuevacordoba.net\/index.php\/wp-json\/wp\/v2\/users\/1"}],"replies":[{"embeddable":true,"href":"http:\/\/nuevacordoba.net\/index.php\/wp-json\/wp\/v2\/comments?post=41780"}],"version-history":[{"count":0,"href":"http:\/\/nuevacordoba.net\/index.php\/wp-json\/wp\/v2\/posts\/41780\/revisions"}],"wp:featuredmedia":[{"embeddable":true,"href":"http:\/\/nuevacordoba.net\/index.php\/wp-json\/wp\/v2\/media\/41781"}],"wp:attachment":[{"href":"http:\/\/nuevacordoba.net\/index.php\/wp-json\/wp\/v2\/media?parent=41780"}],"wp:term":[{"taxonomy":"category","embeddable":true,"href":"http:\/\/nuevacordoba.net\/index.php\/wp-json\/wp\/v2\/categories?post=41780"},{"taxonomy":"post_tag","embeddable":true,"href":"http:\/\/nuevacordoba.net\/index.php\/wp-json\/wp\/v2\/tags?post=41780"}],"curies":[{"name":"wp","href":"https:\/\/api.w.org\/{rel}","templated":true}]}}