{"id":4184,"date":"2021-05-07T14:10:11","date_gmt":"2021-05-07T14:10:11","guid":{"rendered":"https:\/\/www.espinof.com\/series-de-ficcion\/anatomia-grey-pierde-a-uno-sus-protagonistas-jesse-williams-deja-serie-12-temporadas-drama-medico"},"modified":"2021-05-07T14:10:11","modified_gmt":"2021-05-07T14:10:11","slug":"anatomia-de-grey-pierde-a-uno-de-sus-protagonistas-jesse-williams-deja-la-serie-tras-12-temporadas-en-el-drama-medico","status":"publish","type":"post","link":"http:\/\/nuevacordoba.net\/index.php\/2021\/05\/07\/anatomia-de-grey-pierde-a-uno-de-sus-protagonistas-jesse-williams-deja-la-serie-tras-12-temporadas-en-el-drama-medico\/","title":{"rendered":"&#8216;Anatom\u00eda de Grey&#8217; pierde a uno de sus protagonistas: Jesse Williams deja la serie tras 12 temporadas en el drama m\u00e9dico"},"content":{"rendered":"<p><a href=\"https:\/\/www.espinof.com\/tag\/anatomia-de-grey\">&#8216;Anatom\u00eda de Grey&#8217;<\/a> va a perder a uno de sus protagonistas, en concreto es <strong>Jesse Williams<\/strong>, el actor que da vida al Doctor Jackson Avery, el que ha dado por finalizado su paso por el popular drama m\u00e9dico <strong>tras estar 12 temporadas en el mismo.<\/strong><\/p>\n<p><!-- BREAK 1 --><\/p>\n<blockquote><p>Cuidado con los <strong>SPOILERS<\/strong> de &#8216;Anatom\u00eda de Grey&#8217; si no vais al d\u00eda con la serie.<\/p><\/blockquote>\n<p>Williams comenz\u00f3 su andadura en la serie en la sexta temporada como parte de la inyecci\u00f3n de sangre nueva que recibi\u00f3 &#8216;Anatom\u00eda de Grey&#8217; por aquel entonces. <strong>Su \u00faltima aparici\u00f3n<\/strong> en el drama m\u00e9dico tendr\u00e1 lugar en el episodio que se estrenar\u00e1 en Estados Unidos el pr\u00f3ximo <strong>20 mayo<\/strong>, pero los motivos de su salida ya se han dejado claro en el emitido esta misma semana.<\/p>\n<p><!-- BREAK 2 --> <\/p>\n<div class=\"article-asset article-asset-normal article-asset-center\">\n<div class=\"desvio-container\">\n<div class=\"desvio\">\n<div class=\"desvio-figure js-desvio-figure\"> <a href=\"https:\/\/www.espinof.com\/listas\/mejores-series-historia\"> <img alt=\"Las 49 mejores series de la historia\" src=\"http:\/\/nuevacordoba.net\/wp-content\/uploads\/2021\/05\/anatomia-de-grey-pierde-a-uno-de-sus-protagonistas-jesse-williams-deja-la-serie-tras-12-temporadas-en-el-drama-medico.jpg\"> <\/a> <\/div><\/div><\/div>\n<\/div>\n<p>Tras descartar otras ideas, se decidi\u00f3 que la mejor forma de explicar la marcha de Jackson era recuperar a April, el personaje interpretado por <strong>Saraw Drew<\/strong>, el amor de su vida y tambi\u00e9n la madre de su hija. En un encuentro entre ambos se aclara que Jackson ha decidido mudarse a Boston para conseguir un aut\u00e9ntico cambio en el sistema m\u00e9dico y quiere que April tambi\u00e9n se mude all\u00ed.<\/p>\n<p><!-- BREAK 3 --><\/p>\n<h2>El mensaje de Williams<\/h2>\n<p>Lo que no esperaba Jackson es que April le desvela que ha dejado a su actual pareja, abriendo as\u00ed la puerta a una posible reconciliaci\u00f3n entre ambos. Habr\u00e1 que esperar para ver si eso se concreta, pero lo que est\u00e1 ya confirmado es que Williams abandona la serie creada por Shonda Rhimes, habiendo <strong>realizado el siguiente comunicado tras saberse su marcha<\/strong>:<\/p>\n<p><!-- BREAK 4 --><\/p>\n<blockquote><p>Siempre estar\u00e9 agradecido a las oportunidades infinitas que me han dado Shonda, la cadena, el estudio, los compa\u00f1eros de reparto, nuestro incre\u00edble equioi, Krista, Ellen y Debbie. Como actor, director y persona, he sido obscenamente afortunado de aprender tanto de tantas personas y agradezco a nuestros hermosos fans, que insuflan tanta energ\u00eda y aprecio a nuestros mundos compartidos. La experiencia y resistencia lograda de crear cerca de 300 horas de televisi\u00f3n l\u00edder es un honor que llevar\u00e9 siempre. Estoy inmensamente orgulloso de nuestro trabajo, nuestro impacto y de seguir adelante con tantas herramientas, oportunidades, aliados y queridos amigos.<\/p><\/blockquote>\n<p><strong>Lo otro que falta por aclarar ahora es si &#8216;Anatom\u00eda de Grey&#8217; tendr\u00e1 temporada 18<\/strong>. Actualmente se emite la 17 y se lleva tiempo negociando con sus principales implicados para poder renovarla. Sin embargo, todav\u00eda no se ha llegado a ning\u00fan acuerdo al respecto.<\/p>\n<p><!-- BREAK 5 --><\/p>\n<p>V\u00eda | <a href=\"https:\/\/deadline.com\/2021\/05\/jesse-williams-leaving-greys-anatomy-jackson-avery-12-seasons-1234750666\/\">Deadline<\/a><\/p>\n<p><!-- BREAK 6 --> <\/p>\n","protected":false},"excerpt":{"rendered":"<p>&#8216;Anatom\u00eda de Grey&#8217; va a perder a uno de sus protagonistas, en concreto es Jesse Williams, el actor que da vida al Doctor Jackson Avery, el que ha dado por finalizado su paso por el popular drama m\u00e9dico tras estar 12 temporadas en el mismo. Cuidado con los SPOILERS de &#8216;Anatom\u00eda de Grey&#8217; si no [&hellip;]<\/p>\n","protected":false},"author":1,"featured_media":4185,"comment_status":"closed","ping_status":"closed","sticky":false,"template":"","format":"standard","meta":[],"categories":[6],"tags":[],"_links":{"self":[{"href":"http:\/\/nuevacordoba.net\/index.php\/wp-json\/wp\/v2\/posts\/4184"}],"collection":[{"href":"http:\/\/nuevacordoba.net\/index.php\/wp-json\/wp\/v2\/posts"}],"about":[{"href":"http:\/\/nuevacordoba.net\/index.php\/wp-json\/wp\/v2\/types\/post"}],"author":[{"embeddable":true,"href":"http:\/\/nuevacordoba.net\/index.php\/wp-json\/wp\/v2\/users\/1"}],"replies":[{"embeddable":true,"href":"http:\/\/nuevacordoba.net\/index.php\/wp-json\/wp\/v2\/comments?post=4184"}],"version-history":[{"count":0,"href":"http:\/\/nuevacordoba.net\/index.php\/wp-json\/wp\/v2\/posts\/4184\/revisions"}],"wp:featuredmedia":[{"embeddable":true,"href":"http:\/\/nuevacordoba.net\/index.php\/wp-json\/wp\/v2\/media\/4185"}],"wp:attachment":[{"href":"http:\/\/nuevacordoba.net\/index.php\/wp-json\/wp\/v2\/media?parent=4184"}],"wp:term":[{"taxonomy":"category","embeddable":true,"href":"http:\/\/nuevacordoba.net\/index.php\/wp-json\/wp\/v2\/categories?post=4184"},{"taxonomy":"post_tag","embeddable":true,"href":"http:\/\/nuevacordoba.net\/index.php\/wp-json\/wp\/v2\/tags?post=4184"}],"curies":[{"name":"wp","href":"https:\/\/api.w.org\/{rel}","templated":true}]}}