{"id":41856,"date":"2024-03-07T23:13:46","date_gmt":"2024-03-07T23:13:46","guid":{"rendered":"https:\/\/prensa.cba.gov.ar\/?p=588168"},"modified":"2024-03-07T23:13:46","modified_gmt":"2024-03-07T23:13:46","slug":"ley-de-seguridad-publica-quinteros-recibio-a-intendentes-de-traslasierra","status":"publish","type":"post","link":"http:\/\/nuevacordoba.net\/index.php\/2024\/03\/07\/ley-de-seguridad-publica-quinteros-recibio-a-intendentes-de-traslasierra\/","title":{"rendered":"Ley de Seguridad P\u00fablica: Quinteros recibi\u00f3 a intendentes de Traslasierra"},"content":{"rendered":"<ul class=\" eplus-wrapper eplus-styles-uid-705e6f\">\n<li class=\" eplus-wrapper\"><strong>Abordaron los alcances de la nueva normativa provincial.<\/strong><\/li>\n<li class=\" eplus-wrapper\"><strong>Analizaron tambi\u00e9n la implementaci\u00f3n de las Guardias Locales de Prevenci\u00f3n y el uso de armas no letales.<\/strong><\/li>\n<li class=\" eplus-wrapper\"><strong>Las Guardias Locales de Prevenci\u00f3n ser\u00e1n cuerpos locales que realizar\u00e1n tareas preventivas y disuasivas.<\/strong><\/li>\n<\/ul>\n<p class=\" eplus-wrapper\">El ministro de Seguridad, Juan Pablo Quinteros, se reuni\u00f3 este jueves en el Centro C\u00edvico con intendentes y jefes comunales de los departamentos Minas, Pocho y San Alberto.<\/p>\n<p class=\" eplus-wrapper\">Durante el encuentro, se resolvieron consultas relativas a la implementaci\u00f3n de la ley de Seguridad P\u00fablica y Ciudadana 10.954 que, entre otras innovaciones, prev\u00e9 la conformaci\u00f3n de Guardias Locales de Prevenci\u00f3n y Convivencia, previa adhesi\u00f3n de los municipios y comunas v\u00eda ordenanza correspondiente.<\/p>\n<p class=\" eplus-wrapper\">Estos cuerpos locales tendr\u00e1n como objetivo realizar tareas preventivas y disuasivas, de manera auxiliar a la Polic\u00eda de C\u00f3rdoba y sus unidades especiales.<\/p>\n<figure class=\" wp-block-image aligncenter size-full is-resized eplus-wrapper\"><img loading=\"lazy\" decoding=\"async\" width=\"990\" height=\"794\" src=\"http:\/\/nuevacordoba.net\/wp-content\/uploads\/2024\/03\/ley-de-seguridad-publica-quinteros-recibio-a-intendentes-de-traslasierra.jpg\" alt class=\"wp-image-588172\" srcset=\"http:\/\/nuevacordoba.net\/wp-content\/uploads\/2024\/03\/ley-de-seguridad-publica-quinteros-recibio-a-intendentes-de-traslasierra.jpg 990w, http:\/\/nuevacordoba.net\/wp-content\/uploads\/2024\/03\/ley-de-seguridad-publica-quinteros-recibio-a-intendentes-de-traslasierra-2.jpg 300w, http:\/\/nuevacordoba.net\/wp-content\/uploads\/2024\/03\/ley-de-seguridad-publica-quinteros-recibio-a-intendentes-de-traslasierra-3.jpg 768w\" sizes=\"(max-width: 990px) 100vw, 990px\"><\/figure>\n<p class=\" eplus-wrapper\">En la ocasi\u00f3n, tambi\u00e9n se detallaron los recursos que pondr\u00e1 a disposici\u00f3n el Gobierno provincial para la implementaci\u00f3n de la nueva norma ley en las ciudades y pueblos adherentes. Esto la entrega de veh\u00edculos, armas no letales, alarmas comunitarias y tecnolog\u00eda de videovigilancia.<\/p>\n<p class=\" eplus-wrapper\">El personal de los cuerpos locales ser\u00e1 seleccionado por los gobiernos locales, previa acreditaci\u00f3n de requisitos dispuestos por el Ministerio de Seguridad.<\/p>\n<p class=\" eplus-wrapper\"><em>\u201cNos comprometimos con los municipios y comunas adherentes para que la implementaci\u00f3n de la ley, en cada ciudad y pueblo, sea efectiva. (La seguridad) es una problem\u00e1tica cuya respuesta nos demandan los vecinos, y en ese sentido nos encontrar\u00e1n trabajando a todo el equipo del Ministerio\u00bb,<\/em> dijo Quinteros.&nbsp;&nbsp;<\/p>\n<h4 class=\" wp-block-heading eplus-wrapper\"><strong>Con foco en la formaci\u00f3n<\/strong><strong><\/strong><\/h4>\n<p class=\" eplus-wrapper\">El Gobierno Provincial brindar\u00e1 cursos de formaci\u00f3n a los agentes que integrar\u00e1n las Guardias Locales de Prevenci\u00f3n, requisito indispensable para la portaci\u00f3n y uso de armas de letalidad reducida. <\/p>\n<p class=\" eplus-wrapper\">Adem\u00e1s, desde el Ministerio de Seguridad se prev\u00e9 extender la capacitaci\u00f3n en materia de seguridad a funcionarios e intendentes, a partir de convenios espec\u00edficos con universidades y otros centros de estudio.<\/p>\n<p class=\" eplus-wrapper\"><em>\u201cNos llevamos una propuesta de trabajo comprometida con nuestras comunidades, para accionar en la prevenci\u00f3n de la delincuencia, en un encuentro muy enriquecedor<\/em>\u201d, se\u00f1al\u00f3 Melisa Oviedo, jefa comunal de Villa de Pocho.&nbsp;<\/p>\n<figure class=\" wp-block-image aligncenter size-full is-resized eplus-wrapper\"><img loading=\"lazy\" decoding=\"async\" width=\"990\" height=\"660\" src=\"http:\/\/nuevacordoba.net\/wp-content\/uploads\/2024\/03\/ley-de-seguridad-publica-quinteros-recibio-a-intendentes-de-traslasierra-1.jpg\" alt class=\"wp-image-588173\" srcset=\"http:\/\/nuevacordoba.net\/wp-content\/uploads\/2024\/03\/ley-de-seguridad-publica-quinteros-recibio-a-intendentes-de-traslasierra-1.jpg 990w, http:\/\/nuevacordoba.net\/wp-content\/uploads\/2024\/03\/ley-de-seguridad-publica-quinteros-recibio-a-intendentes-de-traslasierra-4.jpg 300w, http:\/\/nuevacordoba.net\/wp-content\/uploads\/2024\/03\/ley-de-seguridad-publica-quinteros-recibio-a-intendentes-de-traslasierra-5.jpg 768w\" sizes=\"(max-width: 990px) 100vw, 990px\"><\/figure>\n<p class=\" eplus-wrapper\"><strong>Autoridades presentes<\/strong><\/p>\n<p class=\" eplus-wrapper\">Estuvieron presentes Angel Bevilacqua, secretario de Prevenci\u00f3n y Coordinaci\u00f3n Institucional; Jos\u00e9 Gualdoni, subsecretario de Sistema Integrado de Seguridad P\u00fablica, Jos\u00e9 Gualdoni; Jorge Heredia, legislador por el departamento Pocho; Walter Romero, intendente de San Carlos Minas; Iv\u00e1n V\u00e9lez, jefe comunal de Ci\u00e9naga del Coro; Amalia Villanueva, jefa comunal del Chacho; Camilio G\u00fcemes, jefe comunal de Talaini; Ricardo D\u00edaz, jefe comunal de La Playa; Federico Maidana, jefe comunal de Tosno; Melisa Oviedo, jefa comunal de Villa de Pocho, Paola Mart\u00ednez, jefa comunal de Tala Ca\u00f1ada; Maria Lacamoire, jefa comunal de Los Talares, Alejandra Dominguez, jefa comunal de Chancan\u00ed; y&nbsp; Sergio Cufr\u00e9, intendente de Villa Sarmiento.&nbsp;<\/p>\n","protected":false},"excerpt":{"rendered":"<p>Abordaron los alcances de la nueva normativa provincial. Analizaron tambi\u00e9n la implementaci\u00f3n de las Guardias Locales de Prevenci\u00f3n y el uso de armas no letales. Las Guardias Locales de Prevenci\u00f3n ser\u00e1n cuerpos locales que realizar\u00e1n tareas preventivas y disuasivas. El ministro de Seguridad, Juan Pablo Quinteros, se reuni\u00f3 este jueves en el Centro C\u00edvico con [&hellip;]<\/p>\n","protected":false},"author":1,"featured_media":41857,"comment_status":"closed","ping_status":"closed","sticky":false,"template":"","format":"standard","meta":[],"categories":[14],"tags":[],"_links":{"self":[{"href":"http:\/\/nuevacordoba.net\/index.php\/wp-json\/wp\/v2\/posts\/41856"}],"collection":[{"href":"http:\/\/nuevacordoba.net\/index.php\/wp-json\/wp\/v2\/posts"}],"about":[{"href":"http:\/\/nuevacordoba.net\/index.php\/wp-json\/wp\/v2\/types\/post"}],"author":[{"embeddable":true,"href":"http:\/\/nuevacordoba.net\/index.php\/wp-json\/wp\/v2\/users\/1"}],"replies":[{"embeddable":true,"href":"http:\/\/nuevacordoba.net\/index.php\/wp-json\/wp\/v2\/comments?post=41856"}],"version-history":[{"count":0,"href":"http:\/\/nuevacordoba.net\/index.php\/wp-json\/wp\/v2\/posts\/41856\/revisions"}],"wp:featuredmedia":[{"embeddable":true,"href":"http:\/\/nuevacordoba.net\/index.php\/wp-json\/wp\/v2\/media\/41857"}],"wp:attachment":[{"href":"http:\/\/nuevacordoba.net\/index.php\/wp-json\/wp\/v2\/media?parent=41856"}],"wp:term":[{"taxonomy":"category","embeddable":true,"href":"http:\/\/nuevacordoba.net\/index.php\/wp-json\/wp\/v2\/categories?post=41856"},{"taxonomy":"post_tag","embeddable":true,"href":"http:\/\/nuevacordoba.net\/index.php\/wp-json\/wp\/v2\/tags?post=41856"}],"curies":[{"name":"wp","href":"https:\/\/api.w.org\/{rel}","templated":true}]}}