{"id":41874,"date":"2024-03-08T21:46:36","date_gmt":"2024-03-08T21:46:36","guid":{"rendered":"https:\/\/prensa.cba.gov.ar\/?p=588229"},"modified":"2024-03-08T21:46:36","modified_gmt":"2024-03-08T21:46:36","slug":"la-provincia-se-reunio-con-empresarios-para-promover-la-insercion-laboral","status":"publish","type":"post","link":"http:\/\/nuevacordoba.net\/index.php\/2024\/03\/08\/la-provincia-se-reunio-con-empresarios-para-promover-la-insercion-laboral\/","title":{"rendered":"La Provincia se reuni\u00f3 con empresarios para promover la inserci\u00f3n laboral"},"content":{"rendered":"<div><img src=\"http:\/\/nuevacordoba.net\/wp-content\/uploads\/2024\/03\/la-provincia-se-reunio-con-empresarios-para-promover-la-insercion-laboral.jpg\" class=\"ff-og-image-inserted\"><\/div>\n<ul class=\" eplus-wrapper eplus-styles-uid-847afa\">\n<li class=\" eplus-wrapper\"><strong>A trav\u00e9s del Ministerio de Desarrollo Social, se gener\u00f3 un espacio de di\u00e1logo enfocado en potenciar los programas provinciales de empleo.<\/strong><\/li>\n<\/ul>\n<p class=\" eplus-wrapper\">El Gobierno de la Provincia de C\u00f3rdoba, a trav\u00e9s del Ministerio de Desarrollo Social y Promoci\u00f3n del Empleo, particip\u00f3 de una reuni\u00f3n con empresarios y consultores de recursos humanos.<\/p>\n<p class=\" eplus-wrapper\">La convocatoria, encabezada por la ministra Laura Jure, tuvo como principal prop\u00f3sito seguir potenciando las pol\u00edticas de empleo provinciales de la mano de un trabajo articulado entre el sector p\u00fablico y privado.<\/p>\n<p class=\" eplus-wrapper\">En este sentido, se intercambiaron perspectivas sobre los programas de inserci\u00f3n laboral, sobre el papel del Portal de Empleo en los procesos de reclutamiento y sobre la importancia de contar con iniciativas que alienten la inclusi\u00f3n de personas con discapacidad que se encuentren en condiciones de desarrollarse laboralmente.<\/p>\n<p class=\" eplus-wrapper\">\u201c<em>En C\u00f3rdoba, el empleo es una prioridad y los programas de empleo son nuestro norte. Es algo que sostenemos desde hace mucho tiempo. Y estas pol\u00edticas generan mayor impacto tanto en tiempos de gran producci\u00f3n o en momentos complicados como los que estamos transitando<\/em>\u201d, sostuvo la ministra Laura Jure.<\/p>\n<p class=\" eplus-wrapper\">El encuentro, adem\u00e1s, cont\u00f3 con la presencia de ex beneficiarias y beneficiarios del PIL Turismo, PPP y PIP, quienes compartieron sus experiencias y coincidieron en c\u00f3mo \u201cesa primera oportunidad\u201d les permiti\u00f3 ingresar al mundo del trabajo, y as\u00ed mostrar su potencial, formarse y hoy seguir creciendo profesionalmente.<\/p>\n<p class=\" eplus-wrapper\">Participaron de la jornada el secretario de Empleo, Gustavo Trigueros; y el director de Empleo, Bernardo Berbotto.<\/p>\n","protected":false},"excerpt":{"rendered":"<p>A trav\u00e9s del Ministerio de Desarrollo Social, se gener\u00f3 un espacio de di\u00e1logo enfocado en potenciar los programas provinciales de empleo. El Gobierno de la Provincia de C\u00f3rdoba, a trav\u00e9s del Ministerio de Desarrollo Social y Promoci\u00f3n del Empleo, particip\u00f3 de una reuni\u00f3n con empresarios y consultores de recursos humanos. La convocatoria, encabezada por la [&hellip;]<\/p>\n","protected":false},"author":1,"featured_media":41875,"comment_status":"closed","ping_status":"closed","sticky":false,"template":"","format":"standard","meta":[],"categories":[14],"tags":[],"_links":{"self":[{"href":"http:\/\/nuevacordoba.net\/index.php\/wp-json\/wp\/v2\/posts\/41874"}],"collection":[{"href":"http:\/\/nuevacordoba.net\/index.php\/wp-json\/wp\/v2\/posts"}],"about":[{"href":"http:\/\/nuevacordoba.net\/index.php\/wp-json\/wp\/v2\/types\/post"}],"author":[{"embeddable":true,"href":"http:\/\/nuevacordoba.net\/index.php\/wp-json\/wp\/v2\/users\/1"}],"replies":[{"embeddable":true,"href":"http:\/\/nuevacordoba.net\/index.php\/wp-json\/wp\/v2\/comments?post=41874"}],"version-history":[{"count":0,"href":"http:\/\/nuevacordoba.net\/index.php\/wp-json\/wp\/v2\/posts\/41874\/revisions"}],"wp:featuredmedia":[{"embeddable":true,"href":"http:\/\/nuevacordoba.net\/index.php\/wp-json\/wp\/v2\/media\/41875"}],"wp:attachment":[{"href":"http:\/\/nuevacordoba.net\/index.php\/wp-json\/wp\/v2\/media?parent=41874"}],"wp:term":[{"taxonomy":"category","embeddable":true,"href":"http:\/\/nuevacordoba.net\/index.php\/wp-json\/wp\/v2\/categories?post=41874"},{"taxonomy":"post_tag","embeddable":true,"href":"http:\/\/nuevacordoba.net\/index.php\/wp-json\/wp\/v2\/tags?post=41874"}],"curies":[{"name":"wp","href":"https:\/\/api.w.org\/{rel}","templated":true}]}}