{"id":41882,"date":"2024-03-08T12:07:11","date_gmt":"2024-03-08T12:07:11","guid":{"rendered":"https:\/\/puntoapunto.com.ar\/?p=358158"},"modified":"2024-03-08T12:07:11","modified_gmt":"2024-03-08T12:07:11","slug":"volvio-a-caer-la-recaudacion-en-cordoba-8-en-febrero","status":"publish","type":"post","link":"http:\/\/nuevacordoba.net\/index.php\/2024\/03\/08\/volvio-a-caer-la-recaudacion-en-cordoba-8-en-febrero\/","title":{"rendered":"Volvi\u00f3 a caer la recaudaci\u00f3n en C\u00f3rdoba: -8 % en febrero"},"content":{"rendered":"<p>&nbsp;\n<\/p>\n<p>&nbsp;\n<\/p>\n<p>La Provincia inform\u00f3 que <strong>la recaudaci\u00f3n del mes&nbsp;<\/strong><strong>de febrero fue $ 368.804 millones, alrededor de un 8% menor a la del mismo mes de 2023<\/strong>, si se descuenta la inflaci\u00f3n del per\u00edodo.\n<\/p>\n<p>Los recursos de origen provincial se incrementaron un 9% en t\u00e9rminos reales.\n<\/p>\n<p><strong>Ingresos Brutos explica el 66% de la recaudaci\u00f3n con un crecimiento real interanual del 13%<\/strong> a causa en parte a la aceleraci\u00f3n durante los \u00faltimos d\u00edas de enero en la liquidaci\u00f3n de exportaciones por la reducci\u00f3n en la brecha cambiaria, indica un comunicado oficial.\n<\/p>\n<p><img decoding=\"async\" alt=\"08-03-2024 C\u00f3rdoba recaudaci\u00f3n febrero 2024\" class=\"lazyload\" src=\"http:\/\/nuevacordoba.net\/wp-content\/uploads\/2024\/03\/volvio-a-caer-la-recaudacion-en-cordoba-8-en-febrero-1.jpg\"><\/p>\n<p>En lo referido a los Sellos, con una participaci\u00f3n del 5% en la recaudaci\u00f3n, se produjo una ca\u00edda del 34% en t\u00e9rminos reales por la merma en la venta de autos y la retracci\u00f3n del cr\u00e9dito.\n<\/p>\n<p>Los impuestos patrimoniales, con una participaci\u00f3n del 25% en la recaudaci\u00f3n, aumentaron un 21% en t\u00e9rminos reales.\n<\/p>\n<p><strong>Inmobiliario<\/strong>\n<\/p>\n<p>La suba real fue del 33% debido a la cancelaci\u00f3n anticipada del pago anual (cuota \u00fanica) del Inmobiliario Rural, mientras que el Automotor cay\u00f3 alrededor del 18 por ciento.\n<\/p>\n<p><strong>Recursos nacionales<\/strong>\n<\/p>\n<p>De acuerdo a los datos oficiales, esos recursos sufrieron una ca\u00edda del 20%.&nbsp;El IVA neto de devoluciones creci\u00f3 a un ritmo interanual del 2% en t\u00e9rminos reales.\n<\/p>\n<p><strong>Ganancias tuvo una ca\u00edda del orden del 39% a causa en parte de los decretos 415\/2023 y 473\/2023 que elevaron el m\u00ednimo no imponible y modificaron la escala de al\u00edcuotas del impuesto en la cuarta categor\u00eda.<\/strong><\/p>\n","protected":false},"excerpt":{"rendered":"<p>&nbsp; &nbsp; La Provincia inform\u00f3 que la recaudaci\u00f3n del mes&nbsp;de febrero fue $ 368.804 millones, alrededor de un 8% menor a la del mismo mes de 2023, si se descuenta la inflaci\u00f3n del per\u00edodo. Los recursos de origen provincial se incrementaron un 9% en t\u00e9rminos reales. Ingresos Brutos explica el 66% de la recaudaci\u00f3n con [&hellip;]<\/p>\n","protected":false},"author":1,"featured_media":41883,"comment_status":"open","ping_status":"closed","sticky":false,"template":"","format":"standard","meta":[],"categories":[14],"tags":[],"_links":{"self":[{"href":"http:\/\/nuevacordoba.net\/index.php\/wp-json\/wp\/v2\/posts\/41882"}],"collection":[{"href":"http:\/\/nuevacordoba.net\/index.php\/wp-json\/wp\/v2\/posts"}],"about":[{"href":"http:\/\/nuevacordoba.net\/index.php\/wp-json\/wp\/v2\/types\/post"}],"author":[{"embeddable":true,"href":"http:\/\/nuevacordoba.net\/index.php\/wp-json\/wp\/v2\/users\/1"}],"replies":[{"embeddable":true,"href":"http:\/\/nuevacordoba.net\/index.php\/wp-json\/wp\/v2\/comments?post=41882"}],"version-history":[{"count":0,"href":"http:\/\/nuevacordoba.net\/index.php\/wp-json\/wp\/v2\/posts\/41882\/revisions"}],"wp:featuredmedia":[{"embeddable":true,"href":"http:\/\/nuevacordoba.net\/index.php\/wp-json\/wp\/v2\/media\/41883"}],"wp:attachment":[{"href":"http:\/\/nuevacordoba.net\/index.php\/wp-json\/wp\/v2\/media?parent=41882"}],"wp:term":[{"taxonomy":"category","embeddable":true,"href":"http:\/\/nuevacordoba.net\/index.php\/wp-json\/wp\/v2\/categories?post=41882"},{"taxonomy":"post_tag","embeddable":true,"href":"http:\/\/nuevacordoba.net\/index.php\/wp-json\/wp\/v2\/tags?post=41882"}],"curies":[{"name":"wp","href":"https:\/\/api.w.org\/{rel}","templated":true}]}}