{"id":41896,"date":"2024-03-09T22:34:43","date_gmt":"2024-03-09T22:34:43","guid":{"rendered":"https:\/\/prensa.cba.gov.ar\/?p=588267"},"modified":"2024-03-09T22:34:43","modified_gmt":"2024-03-09T22:34:43","slug":"va-cobrando-cuerpo-la-escultura-conmemorativa-de-sonia-torres","status":"publish","type":"post","link":"http:\/\/nuevacordoba.net\/index.php\/2024\/03\/09\/va-cobrando-cuerpo-la-escultura-conmemorativa-de-sonia-torres\/","title":{"rendered":"Va cobrando cuerpo la escultura conmemorativa de Sonia Torres"},"content":{"rendered":"<ul class=\" eplus-wrapper eplus-styles-uid-261d88\">\n<li class=\" eplus-wrapper\"><strong>El homenaje a la fundadora de Abuelas fue establecido por ley provincial.<\/strong><\/li>\n<li class=\" eplus-wrapper\"><strong>La escultora Trinidad Caminos moldea en arcilla la obra que ser\u00e1 instalada en la Plazoleta de la Merced.<\/strong><\/li>\n<li class=\" eplus-wrapper\"><strong>Invitadas por la artista, Giselle Parodi, la hija de la referente, junto a la ministra Liliana Montero visitaron el taller.<\/strong><\/li>\n<\/ul>\n<p class=\" eplus-wrapper\">La escultura conmemorativa de Sonia Torres, la fundadora de Abuelas de Plaza de Mayo, fallecida en octubre pasado a los 94 a\u00f1os, est\u00e1 en pleno proceso para que en el transcurso del mes de marzo se incorpore al paisaje urbano de la ciudad de C\u00f3rdoba.<\/p>\n<p class=\" eplus-wrapper\">Para ello, en su atelier de barrio Remo Copello, en el noroeste de la ciudad, la artista Trinidad Caminos trabaja sin pausa, a jornada completa y sin perder el entusiasmo.<\/p>\n<p class=\" eplus-wrapper\">Trinidad Castellanos, licenciada en Escultura y Profesora Superior de Educaci\u00f3n en Artes Pl\u00e1sticas (UNC), es reconocida local e internacionalmente por la sensibilidad de su obra, en especial en m\u00e1rmol, por la que fue seleccionada para participar de numerosas exposiciones y simposios que la llevaron por pa\u00edses como Francia, Portugal, Italia, Chile, M\u00e9xico o Qatar.<\/p>\n<p class=\" eplus-wrapper\">Tambi\u00e9n se destaca en la escultura monumental en acero, tal como puede apreciarse en la obra \u201cLa Flor de los Vientos\u201d, de 7 metros de alto por 7 de ancho, de arm\u00f3nicos p\u00e9talos en espiral que engalana el Parque del Kempes, cerca del Estadio de F\u00fatbol.<\/p>\n<p class=\" eplus-wrapper\">Desde hace ya varios a\u00f1os, Trinidad se reparte entre dos continentes, Europa y Sudam\u00e9rica, entre el atelier de m\u00e1rmoles de Carrara de Italia y su casa-taller de C\u00f3rdoba, Argentina.<\/p>\n<p class=\" eplus-wrapper\">All\u00ed es donde hoy esculpe en arcilla la figura de Sonia Torres.<\/p>\n<p class=\" eplus-wrapper\">La obra homenaje a Sonia Torres fue establecida por ley provincial en reconocimiento \u201cpor su ejemplar e inclaudicable lucha en defensa de los derechos humanos\u201d.<\/p>\n<p class=\" eplus-wrapper\">Fue aprobada por la Legislatura el 15 de noviembre de 2023 (ley 10925).<\/p>\n<p class=\" eplus-wrapper\">D\u00edas despu\u00e9s, el hoy gobernador Mart\u00edn Llaryora firm\u00f3 uno de los \u00faltimos decretos municipales de su gesti\u00f3n, en el marco de los 40 a\u00f1os de Democracia, autorizando el emplazamiento de la escultura frente a la sede de Abuelas de Plaza de Mayo C\u00f3rdoba en la Plazoleta de la Merced, 25 de Mayo esquina Rivadavia.<\/p>\n<figure class=\" wp-block-image size-large eplus-wrapper\"><img loading=\"lazy\" decoding=\"async\" width=\"1024\" height=\"682\" src=\"http:\/\/nuevacordoba.net\/wp-content\/uploads\/2024\/03\/va-cobrando-cuerpo-la-escultura-conmemorativa-de-sonia-torres.jpg\" alt class=\"wp-image-588268\" srcset=\"http:\/\/nuevacordoba.net\/wp-content\/uploads\/2024\/03\/va-cobrando-cuerpo-la-escultura-conmemorativa-de-sonia-torres.jpg 1024w, http:\/\/nuevacordoba.net\/wp-content\/uploads\/2024\/03\/va-cobrando-cuerpo-la-escultura-conmemorativa-de-sonia-torres-1.jpg 300w, http:\/\/nuevacordoba.net\/wp-content\/uploads\/2024\/03\/va-cobrando-cuerpo-la-escultura-conmemorativa-de-sonia-torres-2.jpg 768w, http:\/\/nuevacordoba.net\/wp-content\/uploads\/2024\/03\/va-cobrando-cuerpo-la-escultura-conmemorativa-de-sonia-torres-3.jpg 1536w, http:\/\/nuevacordoba.net\/wp-content\/uploads\/2024\/03\/va-cobrando-cuerpo-la-escultura-conmemorativa-de-sonia-torres-4.jpg 1600w\" sizes=\"(max-width: 1024px) 100vw, 1024px\"><\/figure>\n<p class=\" eplus-wrapper\"><strong>Visita guiada<\/strong><\/p>\n<p class=\" eplus-wrapper\">Interrumpiendo por un rato la faena, de mameluco y pa\u00f1uelo, Trinidad recibi\u00f3 en el taller la visita de Giselle Parodi, la hija de Sonia Torres, y de la ministra de Desarrollo Humano, Liliana Montero, con la secretaria de Derechos Humanos, Tamara Pez, y parte del equipo encargado de llevar adelante la pr\u00f3xima Semana de la Memoria, con quienes Sonia trabaj\u00f3 durante muchos a\u00f1os.<\/p>\n<p class=\" eplus-wrapper\"><em>\u201cEs muy valioso todo lo que me puedan decir ustedes que la han conocido mucho. Me interesa que la miren y me comenten lo primero que les surja, ya sea de la expresi\u00f3n, del rostro, de la postura. Me sirve mucho\u201d<\/em>, les dijo amablemente.<\/p>\n<p class=\" eplus-wrapper\">Juntas miraron las fotograf\u00edas ampliadas que sirven de gu\u00eda y de inspiraci\u00f3n, y repasaron an\u00e9cdotas y datos que ilustraban su vida. <em>\u00abPara m\u00ed es muy importante que la obra pueda captar eso tambi\u00e9n, porque es una persona real, de esta \u00e9poca, con familia y amigos. Vengo trabajando con fotos, con videos y con espejos\u201d,<\/em> cont\u00f3 la artista.<\/p>\n<p class=\" eplus-wrapper\">Al momento de la visita ya hab\u00eda sido cargada con arcilla la estructura de hierro de la escultura y Trinidad se encontraba en la etapa de moldear los detalles.<\/p>\n<p class=\" eplus-wrapper\"><em>\u201cEsto es un proceso que lleva su tiempo y cuando est\u00e9 listo podremos empezar a calcar para armar los moldes\u201d,<\/em> explic\u00f3. La escultura definitiva ser\u00e1 en resina con t\u00e9cnica de molde perdido.<\/p>\n","protected":false},"excerpt":{"rendered":"<p>El homenaje a la fundadora de Abuelas fue establecido por ley provincial. La escultora Trinidad Caminos moldea en arcilla la obra que ser\u00e1 instalada en la Plazoleta de la Merced. Invitadas por la artista, Giselle Parodi, la hija de la referente, junto a la ministra Liliana Montero visitaron el taller. La escultura conmemorativa de Sonia [&hellip;]<\/p>\n","protected":false},"author":1,"featured_media":41897,"comment_status":"closed","ping_status":"closed","sticky":false,"template":"","format":"standard","meta":[],"categories":[14],"tags":[],"_links":{"self":[{"href":"http:\/\/nuevacordoba.net\/index.php\/wp-json\/wp\/v2\/posts\/41896"}],"collection":[{"href":"http:\/\/nuevacordoba.net\/index.php\/wp-json\/wp\/v2\/posts"}],"about":[{"href":"http:\/\/nuevacordoba.net\/index.php\/wp-json\/wp\/v2\/types\/post"}],"author":[{"embeddable":true,"href":"http:\/\/nuevacordoba.net\/index.php\/wp-json\/wp\/v2\/users\/1"}],"replies":[{"embeddable":true,"href":"http:\/\/nuevacordoba.net\/index.php\/wp-json\/wp\/v2\/comments?post=41896"}],"version-history":[{"count":0,"href":"http:\/\/nuevacordoba.net\/index.php\/wp-json\/wp\/v2\/posts\/41896\/revisions"}],"wp:featuredmedia":[{"embeddable":true,"href":"http:\/\/nuevacordoba.net\/index.php\/wp-json\/wp\/v2\/media\/41897"}],"wp:attachment":[{"href":"http:\/\/nuevacordoba.net\/index.php\/wp-json\/wp\/v2\/media?parent=41896"}],"wp:term":[{"taxonomy":"category","embeddable":true,"href":"http:\/\/nuevacordoba.net\/index.php\/wp-json\/wp\/v2\/categories?post=41896"},{"taxonomy":"post_tag","embeddable":true,"href":"http:\/\/nuevacordoba.net\/index.php\/wp-json\/wp\/v2\/tags?post=41896"}],"curies":[{"name":"wp","href":"https:\/\/api.w.org\/{rel}","templated":true}]}}