{"id":41906,"date":"2024-03-08T03:03:08","date_gmt":"2024-03-08T03:03:08","guid":{"rendered":"https:\/\/puntoapunto.com.ar\/?p=358141"},"modified":"2024-03-08T03:03:08","modified_gmt":"2024-03-08T03:03:08","slug":"para-economistas-el-campo-sera-el-protagonista-del-crecimiento-en-2024","status":"publish","type":"post","link":"http:\/\/nuevacordoba.net\/index.php\/2024\/03\/08\/para-economistas-el-campo-sera-el-protagonista-del-crecimiento-en-2024\/","title":{"rendered":"Para economistas, el campo ser\u00e1 \u00abel protagonista del crecimiento en 2024\u00bb"},"content":{"rendered":"<div class=\"g g-36\">\n<div class=\"g-dyn a-29 c-1\"><a class=\"gofollow\" data-track=\"MjksMzYsMSw2MA==\" href=\"https:\/\/www.harmoniechateau.com.ar\/\" target=\"_blank\" rel=\"noopener\"><img class=\"lazyload\" src=\"http:\/\/nuevacordoba.net\/wp-content\/uploads\/2024\/03\/para-economistas-el-campo-sera-el-protagonista-del-crecimiento-en-2024.jpg\"><\/a><\/div>\n<\/div>\n<p>&nbsp;\n<\/p>\n<p class=\"paragraph\">Durante la segunda jornada de<b>&nbsp;<\/b><a href=\"https:\/\/www.expoagro.com.ar\/\" target=\"_blank\" rel=\"noopener\"><b>Exp<\/b><b>o<\/b><b>agro <\/b><b>2<\/b><b>024<\/b><b>&nbsp;edici\u00f3n YPF Agro<\/b>,<\/a> la atenci\u00f3n se centr\u00f3 en el futuro econ\u00f3mico del pa\u00eds con el&nbsp;<b>Foro \u201cLa econom\u00eda y el agro\u201d<\/b>. Este espacio, organizado por la Fundaci\u00f3n Agropecuaria para el Desarrollo de Argentina (FADA) y Expoagro, cont\u00f3 con la participaci\u00f3n de los economistas<b>&nbsp;Guillermo Laborda, Santiago Bulat de la Consultora Econ\u00f3mica Invecq<\/b>, y&nbsp;<b>Nicole Pisani Claro<\/b>&nbsp;de FADA.\n<\/p>\n<p class=\"paragraph\">El tema central de las discusiones fue el destacado papel que el campo desempe\u00f1ar\u00e1 como<strong> \u201cmotor del crecimiento econ\u00f3mico en 2024\u2033.<\/strong> Los expertos analizaron la coyuntura actual, destacando la relevancia del sector agroindustrial en el panorama econ\u00f3mico nacional.\n<\/p>\n<div class=\"AV6543bedcd858799fe90b5c47\">\n<div id=\"aniBox\">\n<div id=\"aniplayer_AV6543bedcd858799fe90b5c47-1709834789518\" readability=\"14\">\n<div id=\"aniplayer_AV6543bedcd858799fe90b5c47-1709834789518gui\" readability=\"14\">\n<p>En ese sentido,<b>&nbsp;Laborda&nbsp;<\/b>abord\u00f3 el escenario econ\u00f3mico actual durante su presentaci\u00f3n, poniendo \u00e9nfasis en la necesidad de&nbsp;<b>equilibrio fiscal y reformas<\/b>&nbsp;para allanar el camino hacia la estabilidad. En relaci\u00f3n a la&nbsp;<b>pol\u00edtica cambiaria<\/b>, Laborda anticip\u00f3 que&nbsp;<b>\u201cpara mayo se espera el levantamiento de restricciones<\/b>, creando un espacio propicio para la unificaci\u00f3n cambiaria y frenar la apreciaci\u00f3n del d\u00f3lar en t\u00e9rminos reales. La subida del d\u00f3lar deber\u00e1 superar a la inflaci\u00f3n\u201d.<\/p>\n<div><img loading=\"lazy\" decoding=\"async\" alt width=\"1200\" height=\"844\" data-sizes=\"(max-width: 1200px) 100vw, 1200px\" class=\"aligncenter wp-image-358144 size-full lazyload\" src=\"http:\/\/nuevacordoba.net\/wp-content\/uploads\/2024\/03\/para-economistas-el-campo-sera-el-protagonista-del-crecimiento-en-2024-1.jpg\" srcset=\"http:\/\/nuevacordoba.net\/wp-content\/uploads\/2024\/03\/para-economistas-el-campo-sera-el-protagonista-del-crecimiento-en-2024-1.jpg 1200w, http:\/\/nuevacordoba.net\/wp-content\/uploads\/2024\/03\/para-economistas-el-campo-sera-el-protagonista-del-crecimiento-en-2024-2.jpg 300w, http:\/\/nuevacordoba.net\/wp-content\/uploads\/2024\/03\/para-economistas-el-campo-sera-el-protagonista-del-crecimiento-en-2024-3.jpg 1024w, http:\/\/nuevacordoba.net\/wp-content\/uploads\/2024\/03\/para-economistas-el-campo-sera-el-protagonista-del-crecimiento-en-2024-4.jpg 768w, http:\/\/nuevacordoba.net\/wp-content\/uploads\/2024\/03\/para-economistas-el-campo-sera-el-protagonista-del-crecimiento-en-2024-5.jpg 750w, http:\/\/nuevacordoba.net\/wp-content\/uploads\/2024\/03\/para-economistas-el-campo-sera-el-protagonista-del-crecimiento-en-2024-6.jpg 1140w\"><\/div>\n<\/div>\n<div id=\"aniplayer_AV6543bedcd858799fe90b5c47-1709834789518gui\" readability=\"14\">\n<p>Adem\u00e1s, el economista resalt\u00f3 el papel crucial del sector agropecuario, se\u00f1alando que \u201c<b>el campo ser\u00e1 un actor fundamental<\/b>\u201d. Sin embargo, Laborda advirti\u00f3 sobre la necesidad de generar expectativas estables en materia cambiaria y certezas en el rumbo econ\u00f3mico para estimular la liquidez de d\u00f3lares por parte del sector agr\u00edcola. \u201cEs crucial que haya condiciones propicias para que la econom\u00eda circule de manera virtuosa\u201d, afirm\u00f3.<\/p>\n<\/div>\n<\/div>\n<\/div>\n<\/div>\n<p class=\"paragraph\">En cuanto al horizonte de mejoras, Laborda subray\u00f3 que estas solo ser\u00e1n posibles si se respetan ciertos pilares fundamentales. \u201c<b>La normalizaci\u00f3n de la econom\u00eda requerir\u00e1 el equilibrio fiscal<\/b>&nbsp;y la implementaci\u00f3n de&nbsp;<b>reformas laborales e impositivas<\/b>. Argentina debe seguir el sendero ya transitado por pa\u00edses vecinos para alcanzar la estabilidad econ\u00f3mica\u201d, concluy\u00f3 el analista.\n<\/p>\n<p class=\"font--primary\"><b>La perspectiva de Bulat y Pisani y los factores clave para el desarrollo econ\u00f3mico<\/b><\/p>\n<p class=\"paragraph\">En el an\u00e1lisis econ\u00f3mico de&nbsp;<b>Santiago Bulat<\/b>, l\u00edder de la consultora Econ\u00f3mica Invecq, se destaca la atenci\u00f3n puesta en el desaf\u00edo que enfrenta el gobierno de Javier Milei al implementar un ajuste significativo en una sociedad econ\u00f3micamente complicada. Bulat comenta: \u201c<b>Creo que se va a empezar a revertir, pero no hace falta ser tan agresivo en t\u00e9rminos de d\u00e9ficit fiscal<\/b>&nbsp;para buscar el equilibrio financiero\u201d. Advirti\u00f3 sobre un posible sobreajuste que podr\u00eda impactar en la actividad y los ingresos de la poblaci\u00f3n. Tambi\u00e9n se\u00f1al\u00f3 que, si el mercado compra y financia, \u201cse podr\u00e1 ir ajustando un poco menos\u201d, aunque estim\u00f3 que lo fiscal seguir\u00e1 consolid\u00e1ndose.\n<\/p>\n<blockquote class=\"twitter-tweet\" data-width=\"500\" data-dnt=\"true\" readability=\"8.4848484848485\">\n<p lang=\"es\" dir=\"ltr\">Los economistas <a href=\"https:\/\/twitter.com\/GuillermoLabord?ref_src=twsrc%5Etfw\">@GuillermoLabord<\/a> , <a href=\"https:\/\/twitter.com\/Santiagobulat?ref_src=twsrc%5Etfw\">@Santiagobulat<\/a> y <a href=\"https:\/\/twitter.com\/nikipisaniclaro?ref_src=twsrc%5Etfw\">@nikipisaniclaro<\/a>, participaron del Foro \u201cLa econom\u00eda y el agro\u201d, organizado por Fundaci\u00f3n <a href=\"https:\/\/twitter.com\/FundacionFada?ref_src=twsrc%5Etfw\">@FundacionFada<\/a> y Expoagro.\n<\/p>\n<p>Lee la nota completa ac\u00e1:<a href=\"https:\/\/t.co\/bLGsi10Dyo\">https:\/\/t.co\/bLGsi10Dyo<\/a><a href=\"https:\/\/twitter.com\/hashtag\/Expoagro2024?src=hash&amp;ref_src=twsrc%5Etfw\">#Expoagro2024<\/a> edici\u00f3n <a href=\"https:\/\/twitter.com\/hashtag\/YPFAgro?src=hash&amp;ref_src=twsrc%5Etfw\">#YPFAgro<\/a>\n<\/p>\n<p>\u2014 Expoagro (@Expoagrocom) <a href=\"https:\/\/twitter.com\/Expoagrocom\/status\/1765470577161326808?ref_src=twsrc%5Etfw\">March 6, 2024<\/a><\/p>\n<\/blockquote>\n<p class=\"paragraph\">En relaci\u00f3n al<b>&nbsp;sector agropecuario<\/b>, Bulat proyecta un a\u00f1o positivo debido a la contra sequ\u00eda, destacando: \u201cCreo que este a\u00f1o, como efecto de una contra sequ\u00eda,<b>&nbsp;el campo va a ser uno de los sectores que m\u00e1s va a traccionar\u201d<\/b>. Adem\u00e1s, se\u00f1al\u00f3 una baja en los precios internacionales de fertilizantes como un factor adicional favorable. Concluy\u00f3: \u201c<b>El agro<\/b>, debido a la liquidaci\u00f3n de divisas y de siembra con los rindes que va a haber,&nbsp;<b>ser\u00e1 uno de los sectores a los que le va a ir bien\u201d<\/b>.\n<\/p>\n<p class=\"paragraph\">En este contexto,&nbsp;<b>Nicole Pisani Claro<\/b>, economista jefe de la Fundaci\u00f3n Agropecuaria para el Desarrollo de Argentina (FADA), focaliz\u00f3 su an\u00e1lisis en el campo y su impacto econ\u00f3mico, resaltando que \u201c<b>la agroindustria genera 2 de cada 10 puestos de trabajo<\/b>, lo que se puede dinamizar a\u00fan m\u00e1s con un panorama m\u00e1s claro para invertir y generar mayor producci\u00f3n\u201d. Adem\u00e1s, destac\u00f3 el papel crucial del agro como generador de divisas genuinas, aportando \u201c<b>7 de cada 10 d\u00f3lares que ingresan al pa\u00eds<\/b>&nbsp;desde las&nbsp;<b>cade<\/b><b>n<\/b><b>as agroindustriales<\/b>\u201d.\n<\/p>\n<p class=\"paragraph\">Finalmente, la representante de FADA record\u00f3 los desaf\u00edos que enfrent\u00f3 el sector en 2023 debido a la sequ\u00eda, con una ca\u00edda significativa en la actividad econ\u00f3mica y exportaciones. A pesar de las buenas expectativas para 2024, Pisani Claro se\u00f1al\u00f3 que el contexto de precios debilitados podr\u00eda afectar el ingreso de divisas. En este sentido, subray\u00f3 la importancia de \u201c<b>generar el marco para ir hacia la unificaci\u00f3n cambiaria,<\/b>&nbsp;hablar de la disminuci\u00f3n o&nbsp;<b>eliminaci\u00f3n de las retenciones<\/b>&nbsp;con el tiempo, y as\u00ed poder generar el impacto de inversiones, mayor producci\u00f3n y exportaciones\u201d.\n<\/p>\n<div class=\"g g-38\">\n<div class=\"g-dyn a-12 c-1\"><a class=\"gofollow\" data-track=\"MTIsMzgsMSw2MA==\" href=\"https:\/\/hospitalprivado.com.ar\/landing-trasplante.html\" target=\"_blank\" rel=\"noopener\"><img class=\"lazyload\" src=\"http:\/\/nuevacordoba.net\/wp-content\/uploads\/2024\/03\/para-economistas-el-campo-sera-el-protagonista-del-crecimiento-en-2024.gif\"><\/a><\/div>\n<\/div>\n","protected":false},"excerpt":{"rendered":"<p>&nbsp; Durante la segunda jornada de&nbsp;Expoagro 2024&nbsp;edici\u00f3n YPF Agro, la atenci\u00f3n se centr\u00f3 en el futuro econ\u00f3mico del pa\u00eds con el&nbsp;Foro \u201cLa econom\u00eda y el agro\u201d. Este espacio, organizado por la Fundaci\u00f3n Agropecuaria para el Desarrollo de Argentina (FADA) y Expoagro, cont\u00f3 con la participaci\u00f3n de los economistas&nbsp;Guillermo Laborda, Santiago Bulat de la Consultora Econ\u00f3mica [&hellip;]<\/p>\n","protected":false},"author":1,"featured_media":41907,"comment_status":"open","ping_status":"closed","sticky":false,"template":"","format":"standard","meta":[],"categories":[14],"tags":[],"_links":{"self":[{"href":"http:\/\/nuevacordoba.net\/index.php\/wp-json\/wp\/v2\/posts\/41906"}],"collection":[{"href":"http:\/\/nuevacordoba.net\/index.php\/wp-json\/wp\/v2\/posts"}],"about":[{"href":"http:\/\/nuevacordoba.net\/index.php\/wp-json\/wp\/v2\/types\/post"}],"author":[{"embeddable":true,"href":"http:\/\/nuevacordoba.net\/index.php\/wp-json\/wp\/v2\/users\/1"}],"replies":[{"embeddable":true,"href":"http:\/\/nuevacordoba.net\/index.php\/wp-json\/wp\/v2\/comments?post=41906"}],"version-history":[{"count":0,"href":"http:\/\/nuevacordoba.net\/index.php\/wp-json\/wp\/v2\/posts\/41906\/revisions"}],"wp:featuredmedia":[{"embeddable":true,"href":"http:\/\/nuevacordoba.net\/index.php\/wp-json\/wp\/v2\/media\/41907"}],"wp:attachment":[{"href":"http:\/\/nuevacordoba.net\/index.php\/wp-json\/wp\/v2\/media?parent=41906"}],"wp:term":[{"taxonomy":"category","embeddable":true,"href":"http:\/\/nuevacordoba.net\/index.php\/wp-json\/wp\/v2\/categories?post=41906"},{"taxonomy":"post_tag","embeddable":true,"href":"http:\/\/nuevacordoba.net\/index.php\/wp-json\/wp\/v2\/tags?post=41906"}],"curies":[{"name":"wp","href":"https:\/\/api.w.org\/{rel}","templated":true}]}}