{"id":41916,"date":"2024-03-11T00:44:03","date_gmt":"2024-03-11T00:44:03","guid":{"rendered":"https:\/\/prensa.cba.gov.ar\/?p=588293"},"modified":"2024-03-11T00:44:03","modified_gmt":"2024-03-11T00:44:03","slug":"en-el-departamento-rio-primero-llaryora-otorgo-aportes-a-vecinos-afectados-por-el-temporal-y-entrego-viviendas-semillas-a-18-familias","status":"publish","type":"post","link":"http:\/\/nuevacordoba.net\/index.php\/2024\/03\/11\/en-el-departamento-rio-primero-llaryora-otorgo-aportes-a-vecinos-afectados-por-el-temporal-y-entrego-viviendas-semillas-a-18-familias\/","title":{"rendered":"En el departamento R\u00edo Primero, Llaryora otorg\u00f3 aportes a vecinos afectados por el temporal y entreg\u00f3 viviendas semillas a 18 familias"},"content":{"rendered":"<ul class=\" eplus-wrapper eplus-styles-uid-e5ded7\">\n<li class=\" eplus-wrapper\"><strong>Se trata de 218 habitantes de La Para, Villa Fontana y Obispo Trejo, que sufrieron las consecuencias de la \u00faltima tormenta.<\/strong><\/li>\n<li class=\" eplus-wrapper\"><strong>La inversi\u00f3n provincial fue cercana a los 83 millones de pesos, a trav\u00e9s del Fondo Permanente para Situaciones de Desastre.<\/strong><\/li>\n<\/ul>\n<p class=\" eplus-wrapper\">El gobernador Mart\u00edn Llaryora recorri\u00f3 La Para, Villa Fontana y Obispo Trejo, localidades del departamento R\u00edo Primero que fueron azotadas por sendos temporales en febrero pasado.<\/p>\n<p class=\" eplus-wrapper\">En la oportunidad, 94 vecinos de La Para, 11 de Villa Fontana y 113 de Obispo Trejo recibieron aportes del gobierno provincial que les permitir\u00e1n reponer da\u00f1os materiales sufridos en la tormenta.<\/p>\n<p class=\" eplus-wrapper\"><em>\u201cPara m\u00ed es muy importante estar hoy aqu\u00ed, porque es cumplir con la palabra comprometida. Y a m\u00ed me toc\u00f3 conducir en situaciones as\u00ed en San Francisco, cuando apenas asum\u00ed como intendente\u201d , <\/em>sostuvo el gobernador, y a\u00f1adi\u00f3 que \u201c<em>uno no elige las crisis ni los hechos catastr\u00f3ficos, porque lamentablemente se dan. Lo que uno elige es c\u00f3mo reaccionar ante eso, c\u00f3mo ir para adelante.\u201d<\/em><\/p>\n<p class=\" eplus-wrapper\">Seguidamente, Llaryora felicit\u00f3 a los vecinos <em>\u201cpor esa uni\u00f3n de pueblo para rescatar a todos. Son un ejemplo de superaci\u00f3n, valent\u00eda y solidaridad.\u201d<\/em><\/p>\n<figure class=\" wp-block-image size-large eplus-wrapper\"><img loading=\"lazy\" decoding=\"async\" width=\"1024\" height=\"717\" src=\"http:\/\/nuevacordoba.net\/wp-content\/uploads\/2024\/03\/en-el-departamento-rio-primero-llaryora-otorgo-aportes-a-vecinos-afectados-por-el-temporal-y-entrego-viviendas-semillas-a-18-familias.jpg\" alt class=\"wp-image-588296\" srcset=\"http:\/\/nuevacordoba.net\/wp-content\/uploads\/2024\/03\/en-el-departamento-rio-primero-llaryora-otorgo-aportes-a-vecinos-afectados-por-el-temporal-y-entrego-viviendas-semillas-a-18-familias.jpg 1024w, http:\/\/nuevacordoba.net\/wp-content\/uploads\/2024\/03\/en-el-departamento-rio-primero-llaryora-otorgo-aportes-a-vecinos-afectados-por-el-temporal-y-entrego-viviendas-semillas-a-18-familias-2.jpg 300w, http:\/\/nuevacordoba.net\/wp-content\/uploads\/2024\/03\/en-el-departamento-rio-primero-llaryora-otorgo-aportes-a-vecinos-afectados-por-el-temporal-y-entrego-viviendas-semillas-a-18-familias-3.jpg 768w, http:\/\/nuevacordoba.net\/wp-content\/uploads\/2024\/03\/en-el-departamento-rio-primero-llaryora-otorgo-aportes-a-vecinos-afectados-por-el-temporal-y-entrego-viviendas-semillas-a-18-familias-4.jpg 1372w\" sizes=\"(max-width: 1024px) 100vw, 1024px\"><\/figure>\n<p class=\" eplus-wrapper\">La inversi\u00f3n provincial, a trav\u00e9s del Fondo Permanente para Situaciones de Desastre, fue cercana a los 83 millones de pesos en estos 218 vecinos de las 3 localidades.<\/p>\n<p class=\" eplus-wrapper\"><em>\u201cM\u00e1s all\u00e1 de la crisis, creo en un Gobierno presente, que en las malas no se borre. Nosotros no los dejamos solos. S\u00e9 que esta ayuda no recupera todo lo perdido, pero toda gota moja\u201d,<\/em> destac\u00f3 el mandatario cordob\u00e9s.<\/p>\n<p class=\" eplus-wrapper\">El gobernador ponder\u00f3 las obras realizadas en La Para desde el d\u00eda del temporal que se ejecutaron para que el agua pueda drenar, pero van a quedar y permitir que el d\u00eda de ma\u00f1ana cuando llueva los vecinos est\u00e9n m\u00e1s tranquilos. La inversi\u00f3n en esos trabajos fue de 200 millones de pesos.<\/p>\n<p class=\" eplus-wrapper\">Llaryora anunci\u00f3 aportes por 3 millones de pesos para el Consorcio Canalero para culminar obras, el mismo monto para el cuartel de Bomberos destinado a mejorar equipamiento, y otros 3 millones para Villa Fontana tambi\u00e9n para poder realizar tareas de remediaci\u00f3n tras la tormenta.<\/p>\n<p class=\" eplus-wrapper\">En Obispo Trejo, por su parte, tambi\u00e9n se ejecutaron obras de mitigaci\u00f3n, que tendr\u00e1n efecto positivo en nuevas tormentas. \u201c<em>Aquellos que no nos olvidamos de d\u00f3nde venimos, sabemos d\u00f3nde debemos estar. El agua se fue r\u00e1pido porque r\u00e1pido llegaron las m\u00e1quinas y nos pusimos a trabajar\u201d<\/em>, sostuvo al respecto el gobernador.<\/p>\n<p class=\" eplus-wrapper\">En la localidad, el mandatario anunci\u00f3 aportes por 20 millones de pesos para la cooperativa de mujeres que lleva adelante un proyecto de cultivo de flores y brinda oportunidades de trabajo; tambi\u00e9n 30 millones de pesos para la conformaci\u00f3n del cuerpo de bomberos voluntarios.<\/p>\n<figure class=\" wp-block-image size-large eplus-wrapper\"><img loading=\"lazy\" decoding=\"async\" width=\"1024\" height=\"736\" src=\"http:\/\/nuevacordoba.net\/wp-content\/uploads\/2024\/03\/en-el-departamento-rio-primero-llaryora-otorgo-aportes-a-vecinos-afectados-por-el-temporal-y-entrego-viviendas-semillas-a-18-familias-1.jpg\" alt class=\"wp-image-588294\" srcset=\"http:\/\/nuevacordoba.net\/wp-content\/uploads\/2024\/03\/en-el-departamento-rio-primero-llaryora-otorgo-aportes-a-vecinos-afectados-por-el-temporal-y-entrego-viviendas-semillas-a-18-familias-1.jpg 1024w, http:\/\/nuevacordoba.net\/wp-content\/uploads\/2024\/03\/en-el-departamento-rio-primero-llaryora-otorgo-aportes-a-vecinos-afectados-por-el-temporal-y-entrego-viviendas-semillas-a-18-familias-5.jpg 300w, http:\/\/nuevacordoba.net\/wp-content\/uploads\/2024\/03\/en-el-departamento-rio-primero-llaryora-otorgo-aportes-a-vecinos-afectados-por-el-temporal-y-entrego-viviendas-semillas-a-18-familias-6.jpg 768w, http:\/\/nuevacordoba.net\/wp-content\/uploads\/2024\/03\/en-el-departamento-rio-primero-llaryora-otorgo-aportes-a-vecinos-afectados-por-el-temporal-y-entrego-viviendas-semillas-a-18-familias-7.jpg 1240w\" sizes=\"(max-width: 1024px) 100vw, 1024px\"><\/figure>\n<h4 class=\" wp-block-heading eplus-wrapper\">Trabajo mancomunado<\/h4>\n<p class=\" eplus-wrapper\">El intendente de La Para, V\u00edctor Piana, sostuvo que <em>\u201cel pasado 8 y 9 de febrero nos toc\u00f3 vivir una inundaci\u00f3n nunca antes vista, eso nos puso a prueba y sac\u00f3 lo mejor de nosotros. Quiero agradecer al Gobernador y todo su equipo, que se pusieron a disposici\u00f3n, se preocuparon, se ocuparon y nos ayudaron a contener.\u201d<\/em><\/p>\n<p class=\" eplus-wrapper\">Su par de Villa Fontana, Gustavo Pastore, agreg\u00f3 que <em>\u201cestas situaciones nos ponen a prueba como sociedad. Le agradezco al Gobernador por poner los recursos a disposici\u00f3n, tanto econ\u00f3micos como humanos, para que nosotros los intendentes nos sintamos contenidos y poder hacer lo propio con los vecinos.\u201d<\/em><\/p>\n<p class=\" eplus-wrapper\">Mientras que la mandataria de Obispo Trejo, Silbia Mansilla se\u00f1al\u00f3 que <em>\u201cgracias Gobernador por estar presente para contener a estas familias y traer esta ayuda que hace tanta falta, es un contexto econ\u00f3mico muy dif\u00edcil del pa\u00eds. Dar respuesta inmediatamente no es lo mismo que los recursos lleguen dentro de algunos meses. Tenemos las 2 manos del Gobernador.\u201d<\/em><\/p>\n<h4 class=\" wp-block-heading eplus-wrapper\">Viviendas y cr\u00e9ditos a vecinos<\/h4>\n<p class=\" eplus-wrapper\">En la oportunidad, 18 familias de las 3 localidades cumplieron el sue\u00f1o de la casa propia, a trav\u00e9s del programa Vivienda Semilla, y 48 vecinos recibieron cr\u00e9ditos del Banco de la Gente y del programa M\u00e1s Vida Digna, que les permitir\u00e1n saldar deudas, impulsar emprendimientos o realizar refacciones en su vivienda, dependiendo el caso del pr\u00e9stamo otorgado.<\/p>\n<p class=\" eplus-wrapper\">Estuvieron presentes el Secretario de Gobierno, Augusto Pastore; la Secretaria de Econom\u00eda Social, Rosal\u00eda C\u00e1ceres; el Secretario de Regulaci\u00f3n Dominial, Fredy Magallanes; el Secretario de Acci\u00f3n Social, Eduardo Troncoso; y los legisladores Juan Jos\u00e9 Blangino y Mar\u00eda Rosa Acevedo.<\/p>\n","protected":false},"excerpt":{"rendered":"<p>Se trata de 218 habitantes de La Para, Villa Fontana y Obispo Trejo, que sufrieron las consecuencias de la \u00faltima tormenta. La inversi\u00f3n provincial fue cercana a los 83 millones de pesos, a trav\u00e9s del Fondo Permanente para Situaciones de Desastre. El gobernador Mart\u00edn Llaryora recorri\u00f3 La Para, Villa Fontana y Obispo Trejo, localidades del [&hellip;]<\/p>\n","protected":false},"author":1,"featured_media":41917,"comment_status":"closed","ping_status":"closed","sticky":false,"template":"","format":"standard","meta":[],"categories":[14],"tags":[],"_links":{"self":[{"href":"http:\/\/nuevacordoba.net\/index.php\/wp-json\/wp\/v2\/posts\/41916"}],"collection":[{"href":"http:\/\/nuevacordoba.net\/index.php\/wp-json\/wp\/v2\/posts"}],"about":[{"href":"http:\/\/nuevacordoba.net\/index.php\/wp-json\/wp\/v2\/types\/post"}],"author":[{"embeddable":true,"href":"http:\/\/nuevacordoba.net\/index.php\/wp-json\/wp\/v2\/users\/1"}],"replies":[{"embeddable":true,"href":"http:\/\/nuevacordoba.net\/index.php\/wp-json\/wp\/v2\/comments?post=41916"}],"version-history":[{"count":0,"href":"http:\/\/nuevacordoba.net\/index.php\/wp-json\/wp\/v2\/posts\/41916\/revisions"}],"wp:featuredmedia":[{"embeddable":true,"href":"http:\/\/nuevacordoba.net\/index.php\/wp-json\/wp\/v2\/media\/41917"}],"wp:attachment":[{"href":"http:\/\/nuevacordoba.net\/index.php\/wp-json\/wp\/v2\/media?parent=41916"}],"wp:term":[{"taxonomy":"category","embeddable":true,"href":"http:\/\/nuevacordoba.net\/index.php\/wp-json\/wp\/v2\/categories?post=41916"},{"taxonomy":"post_tag","embeddable":true,"href":"http:\/\/nuevacordoba.net\/index.php\/wp-json\/wp\/v2\/tags?post=41916"}],"curies":[{"name":"wp","href":"https:\/\/api.w.org\/{rel}","templated":true}]}}