{"id":41956,"date":"2024-03-11T20:32:09","date_gmt":"2024-03-11T20:32:09","guid":{"rendered":"https:\/\/www.ole.com.ar\/autos\/video-dijo-vaya-fondo-salieron-pista-rally-pagos-tuyu_0_3S1pOPxThz.html"},"modified":"2024-03-11T20:32:09","modified_gmt":"2024-03-11T20:32:09","slug":"le-dijo-que-vaya-a-fondo-se-fueron-de-la-pista-y-sufrieron-un-incidente-viral","status":"publish","type":"post","link":"http:\/\/nuevacordoba.net\/index.php\/2024\/03\/11\/le-dijo-que-vaya-a-fondo-se-fueron-de-la-pista-y-sufrieron-un-incidente-viral\/","title":{"rendered":"Le dijo que vaya a \u00abfondo\u00bb, se fueron de la pista y sufrieron un incidente viral"},"content":{"rendered":"<p><time class=\"createDate\" datetime=\"2024-03-11T17:32:09-03:00\">11\/03\/2024 17:32hs.<\/time><\/p>\n<div id=\"storyBody\">\n<div class=\"custom-text \" readability=\"14\">\n<p>La \u00faltima edici\u00f3n del Rally Pagos del Tuy\u00fa dej\u00f3 el video viral del fin de semana, y es que <strong>Ricardo Martignolo <\/strong>y <strong>Claudio Musacchio<\/strong>, coequipers de la clase RC4, sufrieron un accidente que qued\u00f3 grabado desde adentro y que RallyTy, reallity sobre el torneo, comparti\u00f3 en las redes.<\/p>\n<\/div>\n<div class=\"custom-text \" readability=\"10\">\n<p>En la edici\u00f3n 44 de la competencia que se realiz\u00f3 del 1 al 3 de marzo en General Madariaga y que ganaron Gast\u00f3n Pasten y Mat\u00edas Ramos en los 164km cronometrados, el copiloto Musacchio confundi\u00f3 una curva con otra que ten\u00eda marcada y le indic\u00f3 a Martignolo que vaya <strong>\u00aba fondo\u00bb<\/strong>.<\/p>\n<\/div>\n<div type=\"embed\" class=\"sc-7ce6049-0 dwIKul\">\n<div class=\"sc-7ce6049-1 bdcBBS videoText\" id=\"contentTitleembedMcYP5U3B\" type=\"embed\" readability=\"6\"><svg fill=\"#ffffff\"><symbol id=\"play\" viewBox=\"0 0 512 512\"><path d=\"M512 256C512 397.4 397.4 512 256 512C114.6 512 0 397.4 0 256C0 114.6 114.6 0 256 0C397.4 0 512 114.6 512 256zM176 168V344C176 352.7 180.7 360.7 188.3 364.9C195.8 369.2 205.1 369 212.5 364.5L356.5 276.5C363.6 272.1 368 264.4 368 256C368 247.6 363.6 239.9 356.5 235.5L212.5 147.5C205.1 142.1 195.8 142.8 188.3 147.1C180.7 151.3 176 159.3 176 168V168z\" \/><\/symbol><use xlink:href=\"#play\" \/><\/svg><\/p>\n<div class=\"right\" readability=\"7\">\n<p>Rally Pagos del Tuy\u00fa<!-- --> &#8211;<!-- --> <span>12-3-2024<\/span><\/p>\n<h2 class=\"title-vid\">Video viral: el ins\u00f3lito accidente entre Ricardo Martignolo y Claudio Musacchio en el Rally Pagos del Tuy\u00fa<\/h2>\n<\/div>\n<\/div>\n<p><span class=\"back\" id=\"spanBackembedMcYP5U3B\"><\/span><\/div>\n<div class=\"custom-text \" readability=\"14\">\n<p>Ricardo, con alguna duda, la pregunt\u00f3 si estaba seguro y Claudio asinti\u00f3. Spoiler: terminaron los dos afuera de la pista despu\u00e9s de haber dado unas cuantas vueltas en la tierra. Despu\u00e9s de lo sucedido, Martignolo cont\u00f3 que fue lo que pas\u00f3: \u00abNos equivocamos en una curva, era en tercera y se hizo en sexta a fondo\u00bb.<\/p>\n<\/div>\n<div class=\"custom-text \" readability=\"10\">\n<p>\u00abMe hizo ganar muchas carreras y en esta nos equivocamos. Puede pasar\u00bb, asegur\u00f3 Martignolo, despu\u00e9s del accidente que los hizo perder el d\u00eda y varias piezas del auto.<\/p>\n<\/div>\n<p><h2>El di\u00e1logo entre Ricardo Martignolo y Claudio Musacchio en el accidente<\/h2>\n<\/p>\n<div class=\"custom-text \" readability=\"15\">\n<p>Justo antes de llegar a la curva, Musacchio avisa \u00abfondo tarde\u00bb, a lo que Martignolo pide que repita y le vuelve a decir <strong>\u00ab40 en lomo, izquierda, a fondo\u00bb<\/strong>. Exactamente en ese momento la curva sale para la izquierda y el auto sigue de largo, a lo que cuando Martignolo pega el volantazo el auto empieza a dar vueltas.<\/p>\n<\/div>\n<div class=\"custom-text \" readability=\"17\">\n<p><strong>\u00ab\u00bfComo a fondo boludo, como a fondo Claudio?\u00bb<\/strong>, le dijo -enojado- Martignolo mientras ambos daban las vueltas. Y sum\u00f3: \u00abLa c***** de la lora, boludo\u00bb. Al instante, Mussachio admiti\u00f3 el error con un \u00abperd\u00f3n Ricardo perd\u00f3n\u00bb. Finalmente, Ricardo sin dudar calm\u00f3 la situaci\u00f3n y con ayuda pudieron dar vuelta del auto y salir: <strong>\u00ab\u00bfEst\u00e1s bien Claudio? Listo hermano, dame la mano, tranquilo no pasa nada\u00bb<\/strong>.<\/p>\n<\/div>\n<div class=\"sc-a7166897-0 exHLBh\" readability=\"6.5\">\n<section readability=\"3\"><picture><img alt=\"\u00bfSe va Verstappen de Red Bull? Horner fue contundente: &quot;Nadie es m\u00e1s grande que el equipo&quot;\" src=\"http:\/\/nuevacordoba.net\/wp-content\/uploads\/2024\/03\/le-dijo-que-vaya-a-fondo-se-fueron-de-la-pista-y-sufrieron-un-incidente-viral.jpg\" width=\"290\" height=\"290\" decoding=\"async\" data-nimg=\"future\" loading=\"lazy\"><\/picture>\n<p><span>Mir\u00e1 tambi\u00e9n<\/span><\/p>\n<hr>\n<h3>\u00bfSe va Verstappen de Red Bull? Horner fue contundente: \u00abNadie es m\u00e1s grande que el equipo\u00bb<\/h3>\n<\/p>\n<\/section>\n<\/div>\n<div class=\"sc-a7166897-0 exHLBh\" readability=\"6\">\n<section readability=\"2\"><picture><img alt=\"IndyCar: Canapino complet\u00f3 la primera carrera del a\u00f1o en el puesto 18\" src=\"http:\/\/nuevacordoba.net\/wp-content\/uploads\/2024\/03\/le-dijo-que-vaya-a-fondo-se-fueron-de-la-pista-y-sufrieron-un-incidente-viral-1.jpg\" width=\"290\" height=\"290\" decoding=\"async\" data-nimg=\"future\" loading=\"lazy\"><\/picture>\n<p><span>Mir\u00e1 tambi\u00e9n<\/span><\/p>\n<hr>\n<h3>IndyCar: Canapino complet\u00f3 la primera carrera del a\u00f1o en el puesto 18<\/h3>\n<\/p>\n<\/section>\n<\/div>\n<div class=\"sc-a7166897-0 exHLBh\" readability=\"6\">\n<section readability=\"2\"><picture><img alt=\"\u00bfVerstappen le conviene a la F\u00f3rmula 1?\" src=\"http:\/\/nuevacordoba.net\/wp-content\/uploads\/2024\/03\/le-dijo-que-vaya-a-fondo-se-fueron-de-la-pista-y-sufrieron-un-incidente-viral-2.jpg\" width=\"290\" height=\"290\" decoding=\"async\" data-nimg=\"future\" loading=\"lazy\"><\/picture>\n<p><span>Mir\u00e1 tambi\u00e9n<\/span><\/p>\n<hr>\n<h3>\u00bfVerstappen le conviene a la F\u00f3rmula 1?<\/h3>\n<\/p>\n<\/section>\n<\/div>\n<\/div>\n","protected":false},"excerpt":{"rendered":"<p>11\/03\/2024 17:32hs. La \u00faltima edici\u00f3n del Rally Pagos del Tuy\u00fa dej\u00f3 el video viral del fin de semana, y es que Ricardo Martignolo y Claudio Musacchio, coequipers de la clase RC4, sufrieron un accidente que qued\u00f3 grabado desde adentro y que RallyTy, reallity sobre el torneo, comparti\u00f3 en las redes. En la edici\u00f3n 44 de [&hellip;]<\/p>\n","protected":false},"author":1,"featured_media":41957,"comment_status":"closed","ping_status":"closed","sticky":false,"template":"","format":"standard","meta":[],"categories":[10],"tags":[],"_links":{"self":[{"href":"http:\/\/nuevacordoba.net\/index.php\/wp-json\/wp\/v2\/posts\/41956"}],"collection":[{"href":"http:\/\/nuevacordoba.net\/index.php\/wp-json\/wp\/v2\/posts"}],"about":[{"href":"http:\/\/nuevacordoba.net\/index.php\/wp-json\/wp\/v2\/types\/post"}],"author":[{"embeddable":true,"href":"http:\/\/nuevacordoba.net\/index.php\/wp-json\/wp\/v2\/users\/1"}],"replies":[{"embeddable":true,"href":"http:\/\/nuevacordoba.net\/index.php\/wp-json\/wp\/v2\/comments?post=41956"}],"version-history":[{"count":0,"href":"http:\/\/nuevacordoba.net\/index.php\/wp-json\/wp\/v2\/posts\/41956\/revisions"}],"wp:featuredmedia":[{"embeddable":true,"href":"http:\/\/nuevacordoba.net\/index.php\/wp-json\/wp\/v2\/media\/41957"}],"wp:attachment":[{"href":"http:\/\/nuevacordoba.net\/index.php\/wp-json\/wp\/v2\/media?parent=41956"}],"wp:term":[{"taxonomy":"category","embeddable":true,"href":"http:\/\/nuevacordoba.net\/index.php\/wp-json\/wp\/v2\/categories?post=41956"},{"taxonomy":"post_tag","embeddable":true,"href":"http:\/\/nuevacordoba.net\/index.php\/wp-json\/wp\/v2\/tags?post=41956"}],"curies":[{"name":"wp","href":"https:\/\/api.w.org\/{rel}","templated":true}]}}