{"id":41960,"date":"2024-03-12T23:30:05","date_gmt":"2024-03-12T23:30:05","guid":{"rendered":"https:\/\/prensa.cba.gov.ar\/?p=588506"},"modified":"2024-03-12T23:30:05","modified_gmt":"2024-03-12T23:30:05","slug":"prunotto-participo-en-despenaderos-de-la-inauguracion-de-una-planta-modelo-de-nutricion-porcina","status":"publish","type":"post","link":"http:\/\/nuevacordoba.net\/index.php\/2024\/03\/12\/prunotto-participo-en-despenaderos-de-la-inauguracion-de-una-planta-modelo-de-nutricion-porcina\/","title":{"rendered":"Prunotto particip\u00f3 en Despe\u00f1aderos de la inauguraci\u00f3n de una planta modelo de nutrici\u00f3n porcina"},"content":{"rendered":"<ul class=\" eplus-wrapper eplus-styles-uid-e820b3\">\n<li class=\" eplus-wrapper\"><strong>Pertenece a Nutrifarms, una empresa del grupo Dos R\u00edos que invirti\u00f3 m\u00e1s de tres millones y medio de d\u00f3lares para ampliar su capacidad.<\/strong><\/li>\n<li class=\" eplus-wrapper\"><strong>Lleva 10 a\u00f1os en el mercado y emplea a unas 80 personas.<\/strong><\/li>\n<\/ul>\n<p class=\" eplus-wrapper\">La vicegobernadora Myrian Prunotto particip\u00f3 este martes en Despe\u00f1aderos de la inauguraci\u00f3n de la ampliaci\u00f3n de la planta de Nutrifarms, empresa l\u00edder en nutrici\u00f3n porcina.<\/p>\n<p class=\" eplus-wrapper\">La firma pertenece al grupo Dos R\u00edos que emplea a 80 personas, duplic\u00f3 su capacidad y automatiz\u00f3 procesos con tecnolog\u00eda de \u00faltima generaci\u00f3n proveniente de China.<\/p>\n<p class=\" eplus-wrapper\">En el acto de apertura estuvieron presentes la intendenta de la localidad, Carolina Basualdo; el presidente provisorio de la legislatura Facundo Torres; los ministros provinciales de Bioagroindustria, Sergio Busso; y el de Infraestructura y Servicios P\u00fablicos, Fabi\u00e1n L\u00f3pez.<\/p>\n<figure class=\" wp-block-image aligncenter size-large is-resized eplus-wrapper\"><img loading=\"lazy\" decoding=\"async\" width=\"1024\" height=\"683\" src=\"http:\/\/nuevacordoba.net\/wp-content\/uploads\/2024\/03\/prunotto-participo-en-despenaderos-de-la-inauguracion-de-una-planta-modelo-de-nutricion-porcina.jpg\" alt class=\"wp-image-588507\" srcset=\"http:\/\/nuevacordoba.net\/wp-content\/uploads\/2024\/03\/prunotto-participo-en-despenaderos-de-la-inauguracion-de-una-planta-modelo-de-nutricion-porcina.jpg 1024w, http:\/\/nuevacordoba.net\/wp-content\/uploads\/2024\/03\/prunotto-participo-en-despenaderos-de-la-inauguracion-de-una-planta-modelo-de-nutricion-porcina-3.jpg 300w, http:\/\/nuevacordoba.net\/wp-content\/uploads\/2024\/03\/prunotto-participo-en-despenaderos-de-la-inauguracion-de-una-planta-modelo-de-nutricion-porcina-4.jpg 768w, http:\/\/nuevacordoba.net\/wp-content\/uploads\/2024\/03\/prunotto-participo-en-despenaderos-de-la-inauguracion-de-una-planta-modelo-de-nutricion-porcina-5.jpg 1536w, http:\/\/nuevacordoba.net\/wp-content\/uploads\/2024\/03\/prunotto-participo-en-despenaderos-de-la-inauguracion-de-una-planta-modelo-de-nutricion-porcina-6.jpg 1594w\" sizes=\"(max-width: 1024px) 100vw, 1024px\"><\/figure>\n<p class=\" eplus-wrapper\"><em>\u201cEl gobierno provincial acompa\u00f1a el desarrollo de cada sector, trabajando codo a codo. Por eso seguimos apoyando y sosteniendo las actividades del interior productivo cordob\u00e9s. Como dice el gobernador Martin Llaryora: gobernar es generar empleo\u201d<\/em>, sostuvo Prunotto durante el acto de apertura.<\/p>\n<p class=\" eplus-wrapper\">Desde enero de este a\u00f1o, la empresa invirti\u00f3 un total de 3.500.000 d\u00f3lares para operar en su nueva planta 100% automatizada.<\/p>\n<p class=\" eplus-wrapper\">Se trata de la ampliaci\u00f3n en 3.600 mts2, totalizando 6.000 mts2, que permitir\u00e1 llevar la capacidad productiva a 5.000 toneladas por mes.<\/p>\n<figure class=\" wp-block-gallery has-nested-images columns-default is-cropped eplus-wrapper wp-block-gallery-1 is-layout-flex wp-block-gallery-is-layout-flex\">\n<figure class=\"wp-block-image size-large eplus-wrapper\"><a href=\"http:\/\/nuevacordoba.net\/wp-content\/uploads\/2024\/03\/prunotto-participo-en-despenaderos-de-la-inauguracion-de-una-planta-modelo-de-nutricion-porcina-10.jpg\"><img loading=\"lazy\" decoding=\"async\" width=\"1024\" height=\"683\" data-id=\"588510\" src=\"http:\/\/nuevacordoba.net\/wp-content\/uploads\/2024\/03\/prunotto-participo-en-despenaderos-de-la-inauguracion-de-una-planta-modelo-de-nutricion-porcina-1.jpg\" alt class=\"wp-image-588510\" srcset=\"http:\/\/nuevacordoba.net\/wp-content\/uploads\/2024\/03\/prunotto-participo-en-despenaderos-de-la-inauguracion-de-una-planta-modelo-de-nutricion-porcina-1.jpg 1024w, http:\/\/nuevacordoba.net\/wp-content\/uploads\/2024\/03\/prunotto-participo-en-despenaderos-de-la-inauguracion-de-una-planta-modelo-de-nutricion-porcina-7.jpg 300w, http:\/\/nuevacordoba.net\/wp-content\/uploads\/2024\/03\/prunotto-participo-en-despenaderos-de-la-inauguracion-de-una-planta-modelo-de-nutricion-porcina-8.jpg 768w, http:\/\/nuevacordoba.net\/wp-content\/uploads\/2024\/03\/prunotto-participo-en-despenaderos-de-la-inauguracion-de-una-planta-modelo-de-nutricion-porcina-9.jpg 1536w, http:\/\/nuevacordoba.net\/wp-content\/uploads\/2024\/03\/prunotto-participo-en-despenaderos-de-la-inauguracion-de-una-planta-modelo-de-nutricion-porcina-10.jpg 1599w\" sizes=\"(max-width: 1024px) 100vw, 1024px\"><\/a><\/figure>\n<figure class=\"wp-block-image size-large eplus-wrapper\"><a href=\"http:\/\/nuevacordoba.net\/wp-content\/uploads\/2024\/03\/prunotto-participo-en-despenaderos-de-la-inauguracion-de-una-planta-modelo-de-nutricion-porcina-13.jpg\"><img loading=\"lazy\" decoding=\"async\" width=\"1024\" height=\"682\" data-id=\"588508\" src=\"http:\/\/nuevacordoba.net\/wp-content\/uploads\/2024\/03\/prunotto-participo-en-despenaderos-de-la-inauguracion-de-una-planta-modelo-de-nutricion-porcina-2.jpg\" alt class=\"wp-image-588508\" srcset=\"http:\/\/nuevacordoba.net\/wp-content\/uploads\/2024\/03\/prunotto-participo-en-despenaderos-de-la-inauguracion-de-una-planta-modelo-de-nutricion-porcina-2.jpg 1024w, http:\/\/nuevacordoba.net\/wp-content\/uploads\/2024\/03\/prunotto-participo-en-despenaderos-de-la-inauguracion-de-una-planta-modelo-de-nutricion-porcina-11.jpg 300w, http:\/\/nuevacordoba.net\/wp-content\/uploads\/2024\/03\/prunotto-participo-en-despenaderos-de-la-inauguracion-de-una-planta-modelo-de-nutricion-porcina-12.jpg 768w, http:\/\/nuevacordoba.net\/wp-content\/uploads\/2024\/03\/prunotto-participo-en-despenaderos-de-la-inauguracion-de-una-planta-modelo-de-nutricion-porcina-13.jpg 1484w\" sizes=\"(max-width: 1024px) 100vw, 1024px\"><\/a><\/figure>\n<\/figure>\n<p class=\" eplus-wrapper\">Actualmente, Nutrifarms cuenta con un servicio de post venta y una red de 13 distribuidores a nivel nacional, explicaron Federico Testa y Enrique Pasos Da Silva; director y gerente t\u00e9cnico respectivamente.<\/p>\n<p class=\" eplus-wrapper\">Adicionalmente, se ha construido, una planta de Biodiesel para el procesamiento del aceite obtenido de la planta de extrusi\u00f3n cuyo destino es la producci\u00f3n de biodiesel para autoconsumo.<\/p>\n<p class=\" eplus-wrapper\">La firma lleva m\u00e1s de 10 a\u00f1os en el mercado de producci\u00f3n de alimentos completos, premezclas y n\u00facleos vitam\u00ednicos minerales para porcinos.<\/p>\n","protected":false},"excerpt":{"rendered":"<p>Pertenece a Nutrifarms, una empresa del grupo Dos R\u00edos que invirti\u00f3 m\u00e1s de tres millones y medio de d\u00f3lares para ampliar su capacidad. Lleva 10 a\u00f1os en el mercado y emplea a unas 80 personas. La vicegobernadora Myrian Prunotto particip\u00f3 este martes en Despe\u00f1aderos de la inauguraci\u00f3n de la ampliaci\u00f3n de la planta de Nutrifarms, [&hellip;]<\/p>\n","protected":false},"author":1,"featured_media":41961,"comment_status":"closed","ping_status":"closed","sticky":false,"template":"","format":"standard","meta":[],"categories":[14],"tags":[],"_links":{"self":[{"href":"http:\/\/nuevacordoba.net\/index.php\/wp-json\/wp\/v2\/posts\/41960"}],"collection":[{"href":"http:\/\/nuevacordoba.net\/index.php\/wp-json\/wp\/v2\/posts"}],"about":[{"href":"http:\/\/nuevacordoba.net\/index.php\/wp-json\/wp\/v2\/types\/post"}],"author":[{"embeddable":true,"href":"http:\/\/nuevacordoba.net\/index.php\/wp-json\/wp\/v2\/users\/1"}],"replies":[{"embeddable":true,"href":"http:\/\/nuevacordoba.net\/index.php\/wp-json\/wp\/v2\/comments?post=41960"}],"version-history":[{"count":0,"href":"http:\/\/nuevacordoba.net\/index.php\/wp-json\/wp\/v2\/posts\/41960\/revisions"}],"wp:featuredmedia":[{"embeddable":true,"href":"http:\/\/nuevacordoba.net\/index.php\/wp-json\/wp\/v2\/media\/41961"}],"wp:attachment":[{"href":"http:\/\/nuevacordoba.net\/index.php\/wp-json\/wp\/v2\/media?parent=41960"}],"wp:term":[{"taxonomy":"category","embeddable":true,"href":"http:\/\/nuevacordoba.net\/index.php\/wp-json\/wp\/v2\/categories?post=41960"},{"taxonomy":"post_tag","embeddable":true,"href":"http:\/\/nuevacordoba.net\/index.php\/wp-json\/wp\/v2\/tags?post=41960"}],"curies":[{"name":"wp","href":"https:\/\/api.w.org\/{rel}","templated":true}]}}