{"id":41962,"date":"2024-03-13T12:10:53","date_gmt":"2024-03-13T12:10:53","guid":{"rendered":"https:\/\/cordoba.gob.ar\/?p=56087"},"modified":"2024-03-13T12:10:53","modified_gmt":"2024-03-13T12:10:53","slug":"por-y-para-mujeres-la-feria-que-ofrece-diferentes-servicios-y-actividades-que-estara-disponible-en-la-supermanzana-de-la-ciudad","status":"publish","type":"post","link":"http:\/\/nuevacordoba.net\/index.php\/2024\/03\/13\/por-y-para-mujeres-la-feria-que-ofrece-diferentes-servicios-y-actividades-que-estara-disponible-en-la-supermanzana-de-la-ciudad\/","title":{"rendered":"\u201cPor y Para Mujeres\u201d: la feria que ofrece diferentes servicios y actividades que estar\u00e1 disponible en la Supermanzana de la ciudad"},"content":{"rendered":"<div><img src=\"http:\/\/nuevacordoba.net\/wp-content\/uploads\/2024\/03\/por-y-para-mujeres-la-feria-que-ofrece-diferentes-servicios-y-actividades-que-estara-disponible-en-la-supermanzana-de-la-ciudad.jpg\" class=\"ff-og-image-inserted\"><\/div>\n<ul>\n<li><strong>Habr\u00e1 testeos, vacunaci\u00f3n, asesoramiento sobre g\u00e9nero y violencia, orientaci\u00f3n sobre diversas capacitaciones, ecocanje y mucho m\u00e1s.<\/strong><\/li>\n<\/ul>\n<hr>\n<p>Este mi\u00e9rcoles, la Municipalidad de C\u00f3rdoba pondr\u00e1 en marcha una feria con stands informativos de diferentes servicios municipales y provinciales, actividades culturales y deportivas.<\/p>\n<p>La actividad \u201cPor y Para Mujeres\u201d se realizar\u00e1 este mi\u00e9rcoles 13, de 10:30 a 15:00 horas en la Supermanzana de la Intendencia, H\u00e9roes de Malvinas (Caseros, Marcelo T. de Alvear, Duarte Quir\u00f3s y Bol\u00edvar).<\/p>\n<p>Quienes se acerquen hasta el lugar podr\u00e1n completar el calendario de vacunaci\u00f3n, realizar testeos de ITS (Infecciones de Transmisi\u00f3n Sexual) y habr\u00e1 un puesto del programa de Protecci\u00f3n a la Embarazada.<\/p>\n<p>A su vez, las vecinas podr\u00e1n recibir asesoramiento ya que estar\u00e1 el M\u00f3vil de Empleo y Mujeres Emprendedoras.<\/p>\n<p>Por otra parte, durante la actividad habr\u00e1 ecocanje y actividades relacionadas a la Econom\u00eda Circular.<\/p>\n<p>Tambi\u00e9n podr\u00e1n recibir informaci\u00f3n sobre los cursos disponibles para realizar diversas capacitaciones. Por otra parte, estar\u00e1 disponible un puesto en donde brindar\u00e1n asesoramiento sobre G\u00e9nero y Violencia.<\/p>\n<p>Esta iniciativa es organizada por el CPC 10 \u00abMercado de la Ciudad\u00bb, en coordinaci\u00f3n con la Subsecretaria de Mujer, G\u00e9nero y Diversidad, la Secretar\u00eda de Salud, COyS y la Secretar\u00eda de Gobierno, Fiscalizaci\u00f3n y Control.<\/p>\n","protected":false},"excerpt":{"rendered":"<p>Habr\u00e1 testeos, vacunaci\u00f3n, asesoramiento sobre g\u00e9nero y violencia, orientaci\u00f3n sobre diversas capacitaciones, ecocanje y mucho m\u00e1s. Este mi\u00e9rcoles, la Municipalidad de C\u00f3rdoba pondr\u00e1 en marcha una feria con stands informativos de diferentes servicios municipales y provinciales, actividades culturales y deportivas. La actividad \u201cPor y Para Mujeres\u201d se realizar\u00e1 este mi\u00e9rcoles 13, de 10:30 a 15:00 [&hellip;]<\/p>\n","protected":false},"author":1,"featured_media":41963,"comment_status":"closed","ping_status":"closed","sticky":false,"template":"","format":"standard","meta":[],"categories":[14],"tags":[],"_links":{"self":[{"href":"http:\/\/nuevacordoba.net\/index.php\/wp-json\/wp\/v2\/posts\/41962"}],"collection":[{"href":"http:\/\/nuevacordoba.net\/index.php\/wp-json\/wp\/v2\/posts"}],"about":[{"href":"http:\/\/nuevacordoba.net\/index.php\/wp-json\/wp\/v2\/types\/post"}],"author":[{"embeddable":true,"href":"http:\/\/nuevacordoba.net\/index.php\/wp-json\/wp\/v2\/users\/1"}],"replies":[{"embeddable":true,"href":"http:\/\/nuevacordoba.net\/index.php\/wp-json\/wp\/v2\/comments?post=41962"}],"version-history":[{"count":0,"href":"http:\/\/nuevacordoba.net\/index.php\/wp-json\/wp\/v2\/posts\/41962\/revisions"}],"wp:featuredmedia":[{"embeddable":true,"href":"http:\/\/nuevacordoba.net\/index.php\/wp-json\/wp\/v2\/media\/41963"}],"wp:attachment":[{"href":"http:\/\/nuevacordoba.net\/index.php\/wp-json\/wp\/v2\/media?parent=41962"}],"wp:term":[{"taxonomy":"category","embeddable":true,"href":"http:\/\/nuevacordoba.net\/index.php\/wp-json\/wp\/v2\/categories?post=41962"},{"taxonomy":"post_tag","embeddable":true,"href":"http:\/\/nuevacordoba.net\/index.php\/wp-json\/wp\/v2\/tags?post=41962"}],"curies":[{"name":"wp","href":"https:\/\/api.w.org\/{rel}","templated":true}]}}