{"id":41978,"date":"2024-03-13T22:07:44","date_gmt":"2024-03-13T22:07:44","guid":{"rendered":"https:\/\/prensa.cba.gov.ar\/?p=588588"},"modified":"2024-03-13T22:07:44","modified_gmt":"2024-03-13T22:07:44","slug":"quinteros-finalizo-su-recorrido-provincial-en-marcos-juarez-y-anuncio-mas-operativos-de-seguridad","status":"publish","type":"post","link":"http:\/\/nuevacordoba.net\/index.php\/2024\/03\/13\/quinteros-finalizo-su-recorrido-provincial-en-marcos-juarez-y-anuncio-mas-operativos-de-seguridad\/","title":{"rendered":"Quinteros finaliz\u00f3 su recorrido provincial en Marcos Ju\u00e1rez y anunci\u00f3 m\u00e1s operativos de seguridad"},"content":{"rendered":"<div><img src=\"http:\/\/nuevacordoba.net\/wp-content\/uploads\/2024\/03\/quinteros-finalizo-su-recorrido-provincial-en-marcos-juarez-y-anuncio-mas-operativos-de-seguridad.jpg\" class=\"ff-og-image-inserted\"><\/div>\n<ul class=\" eplus-wrapper eplus-styles-uid-358ff8\">\n<li class=\" eplus-wrapper\"><strong>Junto al jefe de la Polic\u00eda de C\u00f3rdoba Crio. General Lic. Leonardo Guti\u00e9rrez y al jefe de la Fuerza Policial Antinarcotr\u00e1fico (FPA), el ministro fue recibido por la intendenta de la localidad de Marcos Ju\u00e1rez, Sara Majorel.<\/strong><\/li>\n<li class=\" eplus-wrapper\"><strong>Se anunci\u00f3 que la localidad contar\u00e1 pr\u00f3ximamente con una nueva dependencia de la Fuerza Policial Antinarcotr\u00e1fico (FPA), y recursos humanos y materiales para reforzar operativos de seguridad en el l\u00edmite interprovincial C\u00f3rdoba \u2013 Santa Fe.<\/strong><\/li>\n<\/ul>\n<p class=\" eplus-wrapper\">El ministro de Seguridad, Juan Pablo Quinteros, junto al jefe de la Polic\u00eda de C\u00f3rdoba Crio. General Lic. Leonardo Guti\u00e9rrez y al jefe de la Fuerza Policial Antinarcotr\u00e1fico (FPA), Adri\u00e1n Salcedo, se reuni\u00f3 en la ciudad de Marcos Ju\u00e1rez con la intendenta Sara Majorel, en el marco de los operativos interfuerzas de seguridad que se despliegan de manera permanente en distintos puntos del territorio provincial.<\/p>\n<p class=\" eplus-wrapper\">Posterior a la reuni\u00f3n con la intendenta Majorel, los funcionarios anunciaron ante la prensa local la inminente radicaci\u00f3n de una nueva dependencia de la Fuerza Policial Antinarcotr\u00e1fico (FPA) en la localidad, que realizar\u00e1 controles y operativos antinarcotr\u00e1fico en la ciudad, y en la regi\u00f3n.<\/p>\n<p class=\" eplus-wrapper\"><em>\u00abVenimos a Marcos Ju\u00e1rez porque ante las alertas que generan los hechos que observamos en Santa Fe, desde el Gobierno Provincial decidimos que lo mas adecuado era venir al territorio y reunirnos con la intendenta Majorel, quien viene trabajando intensamente desde el Municipio, para actuar de manera r\u00e1pida y conjunta. A partir de gestiones iniciadas por la intendenta tomamos la decisi\u00f3n de radicar una nueva dependencia de la Fuerza Policial Antinarcotr\u00e1fico (FPA) en Marcos Ju\u00e1rez, para que desarrolle tareas no solo en la ciudad sino en toda la regi\u00f3n\u00bb<\/em> se\u00f1al\u00f3 Quinteros.<\/p>\n<p class=\" eplus-wrapper\"><em>\u00abEn virtud de la situaci\u00f3n que vive nuestra hermana provincia de Santa Fe, y ante los riesgos que implica para nuestra provincia, junto al jefe de la Polic\u00eda de C\u00f3rdoba y al jefe de la Fuerza Policial Antinarcotr\u00e1fico, a partir de los recursos que aporta cada fuerza desplegaremos distintos operativos de seguridad en las regiones pr\u00f3ximas al l\u00edmite interprovincial, para llevar tranquilidad no solo a los vecinos de las ciudades pr\u00f3ximas a la frontera, sino a todos los cordobeses\u00bb<\/em>, agreg\u00f3 el funcionario provincial.<\/p>\n<p class=\" eplus-wrapper\">Por su parte, la intendenta de la localidad, Sara Majorel, agradeci\u00f3 la visita del ministro Quinteros y de las fuerzas de seguridad, porque la problem\u00e1tica es muy importante, y con su presencia <em>\u00abbrindan tranquilidad a la ciudadan\u00eda, adem\u00e1s de poner en conocimiento todo el trabajo que se est\u00e1 desarrollando en virtud de los acontecimientos que vive Rosario y que tanto nos preocupa. Desde el Municipio hemos adherido a la nueva ley de seguridad para interactuar y trabajar en conjunto con el Ministerio de Seguridad y con la Polic\u00eda de C\u00f3rdoba en este sentido\u00bb.<\/em><\/p>\n<p> <iframe width=\"560\" height=\"315\" src=\"https:\/\/www.youtube.com\/embed\/8TzQjVxeoyM?si=fwS_Xo0AymJdNOFy\" title=\"YouTube video player\" frameborder=\"0\" allow=\"accelerometer; autoplay; clipboard-write; encrypted-media; gyroscope; picture-in-picture; web-share\" allowfullscreen>[embedded content]<\/iframe> <\/p>\n","protected":false},"excerpt":{"rendered":"<p>Junto al jefe de la Polic\u00eda de C\u00f3rdoba Crio. General Lic. Leonardo Guti\u00e9rrez y al jefe de la Fuerza Policial Antinarcotr\u00e1fico (FPA), el ministro fue recibido por la intendenta de la localidad de Marcos Ju\u00e1rez, Sara Majorel. Se anunci\u00f3 que la localidad contar\u00e1 pr\u00f3ximamente con una nueva dependencia de la Fuerza Policial Antinarcotr\u00e1fico (FPA), y [&hellip;]<\/p>\n","protected":false},"author":1,"featured_media":41979,"comment_status":"closed","ping_status":"closed","sticky":false,"template":"","format":"standard","meta":[],"categories":[14],"tags":[],"_links":{"self":[{"href":"http:\/\/nuevacordoba.net\/index.php\/wp-json\/wp\/v2\/posts\/41978"}],"collection":[{"href":"http:\/\/nuevacordoba.net\/index.php\/wp-json\/wp\/v2\/posts"}],"about":[{"href":"http:\/\/nuevacordoba.net\/index.php\/wp-json\/wp\/v2\/types\/post"}],"author":[{"embeddable":true,"href":"http:\/\/nuevacordoba.net\/index.php\/wp-json\/wp\/v2\/users\/1"}],"replies":[{"embeddable":true,"href":"http:\/\/nuevacordoba.net\/index.php\/wp-json\/wp\/v2\/comments?post=41978"}],"version-history":[{"count":0,"href":"http:\/\/nuevacordoba.net\/index.php\/wp-json\/wp\/v2\/posts\/41978\/revisions"}],"wp:featuredmedia":[{"embeddable":true,"href":"http:\/\/nuevacordoba.net\/index.php\/wp-json\/wp\/v2\/media\/41979"}],"wp:attachment":[{"href":"http:\/\/nuevacordoba.net\/index.php\/wp-json\/wp\/v2\/media?parent=41978"}],"wp:term":[{"taxonomy":"category","embeddable":true,"href":"http:\/\/nuevacordoba.net\/index.php\/wp-json\/wp\/v2\/categories?post=41978"},{"taxonomy":"post_tag","embeddable":true,"href":"http:\/\/nuevacordoba.net\/index.php\/wp-json\/wp\/v2\/tags?post=41978"}],"curies":[{"name":"wp","href":"https:\/\/api.w.org\/{rel}","templated":true}]}}