{"id":4203,"date":"2021-05-07T14:26:41","date_gmt":"2021-05-07T14:26:41","guid":{"rendered":"http:\/\/www.bbc.com\/mundo\/noticias-america-latina-57003652"},"modified":"2021-05-07T14:26:41","modified_gmt":"2021-05-07T14:26:41","slug":"furukawa-el-caso-de-esclavitud-moderna-por-el-que-una-empresa-japonesa-y-el-gobierno-de-ecuador-fueron-obligados-a-pedir-disculpas","status":"publish","type":"post","link":"http:\/\/nuevacordoba.net\/index.php\/2021\/05\/07\/furukawa-el-caso-de-esclavitud-moderna-por-el-que-una-empresa-japonesa-y-el-gobierno-de-ecuador-fueron-obligados-a-pedir-disculpas\/","title":{"rendered":"Furukawa, el caso de esclavitud moderna por el que una empresa japonesa y el gobierno de Ecuador fueron obligados a pedir disculpas"},"content":{"rendered":"<div dir=\"ltr\" class=\"e1j2237y6 bbc-q4ibpr e57qer20\">\n<div class=\"bbc-1atl7vu e1c9i7u14\">\n<ul role=\"list\" class=\"bbc-cdrraw e1c9i7u12\">\n<li role=\"listitem\" class=\"bbc-1a3w4ok e1c9i7u11\">Redacci\u00f3n <\/li>\n<li role=\"listitem\" class=\"bbc-1p92jtu e1c9i7u10\">BBC News Mundo<\/li>\n<\/ul>\n<\/div>\n<\/div>\n<p><time datetime=\"2021-05-07\" class=\"bbc-14xtggo e4zesg50\">1 hora<\/time><\/p>\n<div dir=\"ltr\" class=\"bbc-1ka88fa e57qer20\">\n<figure class=\"bbc-1qdcvv9 e6bmn90\">\n<div dir=\"ltr\" class=\"bbc-172p16q e57qer20\">\n<div dir=\"ltr\" class=\"bbc-189y18v e57qer20\" readability=\"6.5\">\n<div data-e2e=\"image-placeholder\" class=\"bbc-1k5hvrj e1whu0\" readability=\"8\"><img srcset=\"http:\/\/nuevacordoba.net\/wp-content\/uploads\/2021\/05\/furukawa-el-caso-de-esclavitud-moderna-por-el-que-una-empresa-japonesa-y-el-gobierno-de-ecuador-fueron-obligados-a-pedir-disculpas-10.jpg 240w, http:\/\/nuevacordoba.net\/wp-content\/uploads\/2021\/05\/furukawa-el-caso-de-esclavitud-moderna-por-el-que-una-empresa-japonesa-y-el-gobierno-de-ecuador-fueron-obligados-a-pedir-disculpas-11.jpg 320w, http:\/\/nuevacordoba.net\/wp-content\/uploads\/2021\/05\/furukawa-el-caso-de-esclavitud-moderna-por-el-que-una-empresa-japonesa-y-el-gobierno-de-ecuador-fueron-obligados-a-pedir-disculpas-12.jpg 480w, http:\/\/nuevacordoba.net\/wp-content\/uploads\/2021\/05\/furukawa-el-caso-de-esclavitud-moderna-por-el-que-una-empresa-japonesa-y-el-gobierno-de-ecuador-fueron-obligados-a-pedir-disculpas-13.jpg 624w, http:\/\/nuevacordoba.net\/wp-content\/uploads\/2021\/05\/furukawa-el-caso-de-esclavitud-moderna-por-el-que-una-empresa-japonesa-y-el-gobierno-de-ecuador-fueron-obligados-a-pedir-disculpas-14.jpg 800w\" alt=\"Un hombre mayor en su casa en una de las haciendas de Furukawa.\" src=\"http:\/\/nuevacordoba.net\/wp-content\/uploads\/2021\/05\/furukawa-el-caso-de-esclavitud-moderna-por-el-que-una-empresa-japonesa-y-el-gobierno-de-ecuador-fueron-obligados-a-pedir-disculpas.jpg\" width=\"976\" class=\"bbc-fat2bc e1enwo3v0\"><\/p>\n<p role=\"text\" class=\"bbc-1s1cxbv etq3yw90\"><span class=\"bbc-1gnhmg2 e1yt7oin0\">Fuente de la imagen, <\/span><span lang=\"en-GB\">Walker Vizcarra\/PRESSENZA<\/span><\/p>\n<\/div>\n<\/div>\n<div dir=\"ltr\" class=\"bbc-3edg7g e57qer20\" readability=\"6\"><figcaption dir=\"ltr\" class=\"bbc-1t9zlwf eede9f50\" readability=\"2\"><span class=\"bbc-1gnhmg2 e1yt7oin0\">Pie de foto, <\/span><\/p>\n<p>Entre las personas esclavizadas hab\u00eda ni\u00f1os y mayores.<\/p>\n<\/figcaption><\/div>\n<\/div>\n<\/figure>\n<\/div>\n<div dir=\"ltr\" class=\"bbc-19j92fr e57qer20\" readability=\"11\">\n<p dir=\"ltr\" class=\"bbc-bm53ic e1cc2ql70\"><b>Condiciones de trabajo \u00abinfrahumanas\u00bb, sin agua potable, luz y saneamiento. Jornadas laborales de m\u00e1s de 10 horas sin contratos ni seguridad social. Hacinamiento. Trabajo infantil. Mutilaciones por el uso inseguro de maquinaria agr\u00edcola. <\/b><\/p>\n<\/div>\n<div dir=\"ltr\" class=\"bbc-19j92fr e57qer20\" readability=\"12\">\n<p dir=\"ltr\" class=\"bbc-bm53ic e1cc2ql70\">Estos son solo algunos de los abusos que padec\u00edan m\u00e1s de un centenar de campesinos, la mayor\u00eda afrodescendientes, en las haciendas de <b>Furukawa Plantaciones C.A. del Ecuador<\/b>, la principal productora de fibra de abac\u00e1 (tambi\u00e9n conocido como c\u00e1\u00f1amo de Manila) del pa\u00eds.<\/p>\n<\/div>\n<div dir=\"ltr\" class=\"bbc-19j92fr e57qer20\" readability=\"13\">\n<p dir=\"ltr\" class=\"bbc-bm53ic e1cc2ql70\">En una decisi\u00f3n hist\u00f3rica, el pasado 19 de abril un juez constitucional sentenci\u00f3 a la abacalera, de capitales japoneses, a indemnizar a <b>123 de sus exempleados<\/b>, que demandaron a la compa\u00f1\u00eda por las terribles condiciones en las que trabajaban y viv\u00edan.<\/p>\n<\/div>\n<div dir=\"ltr\" class=\"bbc-19j92fr e57qer20\" readability=\"11\">\n<p dir=\"ltr\" class=\"bbc-bm53ic e1cc2ql70\">El magistrado que impuso la sentencia, Carlos Vera Cede\u00f1o, ya hab\u00eda constatado en enero pasado que en los campos agr\u00edcolas de Furukawa Plantaciones se llevaba a cabo una forma de <b>esclavitud moderna<\/b> conocida legalmente como \u00abservidumbre de la gleba\u00bb.<\/p>\n<\/div>\n<div dir=\"ltr\" class=\"bbc-19j92fr e57qer20\" readability=\"8\">\n<p dir=\"ltr\" class=\"bbc-bm53ic e1cc2ql70\">Su fallo no solo marc\u00f3 un hito por ser la<b> primera vez<\/b> que una empresa es condenada por trabajo esclavo en Ecuador.<\/p>\n<\/div>\n<div dir=\"ltr\" class=\"bbc-19j92fr e57qer20\" readability=\"8\">\n<p dir=\"ltr\" class=\"bbc-bm53ic e1cc2ql70\">Tambi\u00e9n sent\u00f3 un precedente al responsabilizar al Estado por no haber actuado para prevenir los abusos.<\/p>\n<\/div>\n<div dir=\"ltr\" class=\"bbc-19j92fr e57qer20\" readability=\"9\">\n<p dir=\"ltr\" class=\"bbc-bm53ic e1cc2ql70\">\u00abLa responsabilidad principal por la vulneraci\u00f3n de los derechos de las v\u00edctimas est\u00e1 atribuida a Furukawa por todas las acciones que esta comete\u00bb, se\u00f1ala la sentencia de 246 p\u00e1ginas.<\/p>\n<\/div>\n<div dir=\"ltr\" class=\"bbc-19j92fr e57qer20\" readability=\"10\">\n<p dir=\"ltr\" class=\"bbc-bm53ic e1cc2ql70\">\u00abSin embargo, se debe se\u00f1alar como responsable de todas las vulneraciones descritas al Ministerio de Trabajo\u00bb, agrega.<\/p>\n<\/div>\n<div dir=\"ltr\" class=\"bbc-19j92fr e57qer20\" readability=\"11\">\n<p dir=\"ltr\" class=\"bbc-bm53ic e1cc2ql70\">\u00abSi el Ministerio de Trabajo hubiese cumplido con su obligaci\u00f3n de concurrir hasta el lugar donde viv\u00edan los trabajadores, todas estas vulneraciones que cometi\u00f3 Furukawa <b>se habr\u00edan evitado<\/b>\u00ab, resalta el documento.<\/p>\n<\/div>\n<div dir=\"ltr\" class=\"bbc-1ka88fa e57qer20\">\n<figure class=\"bbc-1qdcvv9 e6bmn90\">\n<div dir=\"ltr\" class=\"bbc-172p16q e57qer20\">\n<div dir=\"ltr\" class=\"bbc-189y18v e57qer20\" readability=\"6.5\">\n<div data-e2e=\"image-placeholder\" class=\"bbc-153awg4 e1whu0\" readability=\"8\"><noscript><img srcset=\"http:\/\/nuevacordoba.net\/wp-content\/uploads\/2021\/05\/furukawa-el-caso-de-esclavitud-moderna-por-el-que-una-empresa-japonesa-y-el-gobierno-de-ecuador-fueron-obligados-a-pedir-disculpas-15.jpg 240w, http:\/\/nuevacordoba.net\/wp-content\/uploads\/2021\/05\/furukawa-el-caso-de-esclavitud-moderna-por-el-que-una-empresa-japonesa-y-el-gobierno-de-ecuador-fueron-obligados-a-pedir-disculpas-16.jpg 320w, http:\/\/nuevacordoba.net\/wp-content\/uploads\/2021\/05\/furukawa-el-caso-de-esclavitud-moderna-por-el-que-una-empresa-japonesa-y-el-gobierno-de-ecuador-fueron-obligados-a-pedir-disculpas-17.jpg 480w, http:\/\/nuevacordoba.net\/wp-content\/uploads\/2021\/05\/furukawa-el-caso-de-esclavitud-moderna-por-el-que-una-empresa-japonesa-y-el-gobierno-de-ecuador-fueron-obligados-a-pedir-disculpas-18.jpg 624w, http:\/\/nuevacordoba.net\/wp-content\/uploads\/2021\/05\/furukawa-el-caso-de-esclavitud-moderna-por-el-que-una-empresa-japonesa-y-el-gobierno-de-ecuador-fueron-obligados-a-pedir-disculpas-19.jpg 800w\" alt=\"La cocina de una de las viviendas donde viv\u00edan campesinos de Furukawa\" src=\"http:\/\/nuevacordoba.net\/wp-content\/uploads\/2021\/05\/furukawa-el-caso-de-esclavitud-moderna-por-el-que-una-empresa-japonesa-y-el-gobierno-de-ecuador-fueron-obligados-a-pedir-disculpas-1.jpg\" width=\"976\" class=\"bbc-fat2bc e1enwo3v0\"><\/noscript><\/p>\n<p role=\"text\" class=\"bbc-1s1cxbv etq3yw90\"><span class=\"bbc-1gnhmg2 e1yt7oin0\">Fuente de la imagen, <\/span><span lang=\"en-GB\">Walker Vizcarra\/PRESSENZA<\/span><\/p>\n<\/div>\n<\/div>\n<div dir=\"ltr\" class=\"bbc-3edg7g e57qer20\" readability=\"6.5\"><figcaption dir=\"ltr\" class=\"bbc-1t9zlwf eede9f50\" readability=\"3\"><span class=\"bbc-1gnhmg2 e1yt7oin0\">Pie de foto, <\/span><\/p>\n<p>Los campesinos explotados viv\u00edan en \u00abcondiciones infrahumanas\u00bb y la mayor\u00eda sufre de problemas respiratorios por el holl\u00edn de los mecheros de kerosene que usaban.<\/p>\n<\/figcaption><\/div>\n<\/div>\n<\/figure>\n<\/div>\n<div dir=\"ltr\" class=\"bbc-19j92fr e57qer20\" readability=\"10\">\n<p dir=\"ltr\" class=\"bbc-bm53ic e1cc2ql70\">\u00abPor esta raz\u00f3n es que responsabiliza de la totalidad de la vulneraci\u00f3n de los derechos de las victimas expuestos en esta sentencia al Ministerio de Trabajo, porque la omisi\u00f3n de sus atribuciones propici\u00f3 que estos actos se cometan\u00bb. <\/p>\n<\/div>\n<p><h2 id=\"Reparaci\u00f3n\" tabindex=\"-1\" class=\"bbc-l3e97o e14hemmw0\">Reparaci\u00f3n<\/h2>\n<\/p>\n<div dir=\"ltr\" class=\"bbc-19j92fr e57qer20\" readability=\"8\">\n<p dir=\"ltr\" class=\"bbc-bm53ic e1cc2ql70\">El juez Vera Cede\u00f1o determin\u00f3 que Furukawa le pague a cada uno de los demandantes una suma que deber\u00e1 ser determinada por un perito acreditado por el Consejo Nacional de la Judicatura. <\/p>\n<\/div>\n<div dir=\"ltr\" class=\"bbc-19j92fr e57qer20\" readability=\"11\">\n<p dir=\"ltr\" class=\"bbc-bm53ic e1cc2ql70\">Adem\u00e1s, la abacalera, subsidiaria de la compa\u00f1\u00eda japonesa FPC Marketing Co. Ltd., deber\u00e1 entregar a cada campesino afectado <b>cinco hect\u00e1reas de tierra<\/b> o su equivalente en dinero.<\/p>\n<\/div>\n<div dir=\"ltr\" class=\"bbc-19j92fr e57qer20\" readability=\"7\">\n<p dir=\"ltr\" class=\"bbc-bm53ic e1cc2ql70\">Pero las reparaciones van m\u00e1s all\u00e1 de lo econ\u00f3mico.<\/p>\n<\/div>\n<div dir=\"ltr\" class=\"bbc-19j92fr e57qer20\" readability=\"9\">\n<p dir=\"ltr\" class=\"bbc-bm53ic e1cc2ql70\">El magistrado tambi\u00e9n orden\u00f3 a la compa\u00f1\u00eda <b>que se disculpe p\u00fablicamente<\/b> con sus exempleados, a trav\u00e9s de una publicaci\u00f3n en los diarios de mayor circulaci\u00f3n del pa\u00eds. <\/p>\n<\/div>\n<div dir=\"ltr\" class=\"bbc-19j92fr e57qer20\" readability=\"8\">\n<p dir=\"ltr\" class=\"bbc-bm53ic e1cc2ql70\">Por su parte, el gobierno ecuatoriano tambi\u00e9n deber\u00e1 pedir perd\u00f3n.<\/p>\n<\/div>\n<div dir=\"ltr\" class=\"bbc-19j92fr e57qer20\" readability=\"10\">\n<p dir=\"ltr\" class=\"bbc-bm53ic e1cc2ql70\">La sentencia dispone que los Ministerios de Trabajo, Inclusi\u00f3n Econ\u00f3mica y Social y Salud P\u00fablica emitan disculpas p\u00fablicas en sus p\u00e1ginas web por no haber actuado oportunamente para frenar las violaciones.<\/p>\n<\/div>\n<div dir=\"ltr\" class=\"bbc-19j92fr e57qer20\" readability=\"10\">\n<p dir=\"ltr\" class=\"bbc-bm53ic e1cc2ql70\">El ministro de Trabajo, Andr\u00e9s Isch, dijo a BBC Mundo que \u00ab<b>la sentencia se acatar\u00e1 en su totalidad<\/b>\u00ab.<\/p>\n<\/div>\n<div dir=\"ltr\" class=\"bbc-1ka88fa e57qer20\">\n<figure class=\"bbc-1qdcvv9 e6bmn90\">\n<div dir=\"ltr\" class=\"bbc-172p16q e57qer20\">\n<div dir=\"ltr\" class=\"bbc-189y18v e57qer20\" readability=\"6.5\">\n<div data-e2e=\"image-placeholder\" class=\"bbc-153awg4 e1whu0\" readability=\"8\"><noscript><img srcset=\"http:\/\/nuevacordoba.net\/wp-content\/uploads\/2021\/05\/furukawa-el-caso-de-esclavitud-moderna-por-el-que-una-empresa-japonesa-y-el-gobierno-de-ecuador-fueron-obligados-a-pedir-disculpas-20.jpg 240w, http:\/\/nuevacordoba.net\/wp-content\/uploads\/2021\/05\/furukawa-el-caso-de-esclavitud-moderna-por-el-que-una-empresa-japonesa-y-el-gobierno-de-ecuador-fueron-obligados-a-pedir-disculpas-21.jpg 320w, http:\/\/nuevacordoba.net\/wp-content\/uploads\/2021\/05\/furukawa-el-caso-de-esclavitud-moderna-por-el-que-una-empresa-japonesa-y-el-gobierno-de-ecuador-fueron-obligados-a-pedir-disculpas-22.jpg 480w, http:\/\/nuevacordoba.net\/wp-content\/uploads\/2021\/05\/furukawa-el-caso-de-esclavitud-moderna-por-el-que-una-empresa-japonesa-y-el-gobierno-de-ecuador-fueron-obligados-a-pedir-disculpas-23.jpg 624w, http:\/\/nuevacordoba.net\/wp-content\/uploads\/2021\/05\/furukawa-el-caso-de-esclavitud-moderna-por-el-que-una-empresa-japonesa-y-el-gobierno-de-ecuador-fueron-obligados-a-pedir-disculpas-24.jpg 800w\" alt=\"Una de las haciendas de Furukawa Plantaciones C.A. del Ecuador\" src=\"http:\/\/nuevacordoba.net\/wp-content\/uploads\/2021\/05\/furukawa-el-caso-de-esclavitud-moderna-por-el-que-una-empresa-japonesa-y-el-gobierno-de-ecuador-fueron-obligados-a-pedir-disculpas-2.jpg\" width=\"976\" class=\"bbc-fat2bc e1enwo3v0\"><\/noscript><\/p>\n<p role=\"text\" class=\"bbc-1s1cxbv etq3yw90\"><span class=\"bbc-1gnhmg2 e1yt7oin0\">Fuente de la imagen, <\/span><span lang=\"en-GB\">Walker Vizcarra\/PRESSENZA<\/span><\/p>\n<\/div>\n<\/div>\n<div dir=\"ltr\" class=\"bbc-3edg7g e57qer20\" readability=\"6.5\"><figcaption dir=\"ltr\" class=\"bbc-1t9zlwf eede9f50\" readability=\"3\"><span class=\"bbc-1gnhmg2 e1yt7oin0\">Pie de foto, <\/span><\/p>\n<p>Furukawa tiene 23 haciendas distribuidas en una superficie de 2.300 hect\u00e1reas en el noroeste de Ecuador.<\/p>\n<\/figcaption><\/div>\n<\/div>\n<\/figure>\n<\/div>\n<div dir=\"ltr\" class=\"bbc-19j92fr e57qer20\" readability=\"9\">\n<p dir=\"ltr\" class=\"bbc-bm53ic e1cc2ql70\">BBC Mundo tambi\u00e9n consult\u00f3 a los representantes de Furukawa Plantaciones C.A. del Ecuador sobre el fallo, pero no recibi\u00f3 una respuesta.<\/p>\n<\/div>\n<div dir=\"ltr\" class=\"bbc-19j92fr e57qer20\" readability=\"7\">\n<p dir=\"ltr\" class=\"bbc-bm53ic e1cc2ql70\">Los abogados de la empresa le anunciaron al juez que apelar\u00e1n la sentencia.<\/p>\n<\/div>\n<p><h2 id=\"Condecoraci\u00f3n-al-m\u00e9rito-laboral\" tabindex=\"-1\" class=\"bbc-l3e97o e14hemmw0\">Condecoraci\u00f3n al m\u00e9rito laboral<\/h2>\n<\/p>\n<div dir=\"ltr\" class=\"bbc-19j92fr e57qer20\" readability=\"11\">\n<p dir=\"ltr\" class=\"bbc-bm53ic e1cc2ql70\">Dos d\u00edas despu\u00e9s de conocerse el fallo, el Ministerio de Trabajo anunci\u00f3 que <b>le retirar\u00eda a la empresa <\/b>Furukawa un reconocimiento al m\u00e9rito laboral que hab\u00eda recibido de parte del gobierno ecuatoriano en 2005, durante la administraci\u00f3n de Alfredo Palacio.<\/p>\n<\/div>\n<div dir=\"ltr\" class=\"bbc-19j92fr e57qer20\" readability=\"11\">\n<p dir=\"ltr\" class=\"bbc-bm53ic e1cc2ql70\">\u00abHemos retirado, por nuestra propia iniciativa, una condecoraci\u00f3n dada a Furukawa hace varios a\u00f1os desde el Ministerio del Trabajo\u00bb, confirm\u00f3 Isch a BBC Mundo.<\/p>\n<\/div>\n<div dir=\"ltr\" class=\"bbc-19j92fr e57qer20\" readability=\"8\">\n<p dir=\"ltr\" class=\"bbc-bm53ic e1cc2ql70\">Pero \u00bfc\u00f3mo se explica que una empresa que explotaba a sus trabajadores haya recibido una condecoraci\u00f3n al m\u00e9rito laboral del Estado ecuatoriano?<\/p>\n<\/div>\n<div dir=\"ltr\" class=\"bbc-19j92fr e57qer20\" readability=\"11\">\n<p dir=\"ltr\" class=\"bbc-bm53ic e1cc2ql70\">Isch, quien asumi\u00f3 en 2020, responsabiliza a los gobiernos anteriores, en particular al exministro de Trabajo Galo Chiriboga quien emiti\u00f3 el reconocimiento.<\/p>\n<\/div>\n<div dir=\"ltr\" class=\"bbc-19j92fr e57qer20\" readability=\"10\">\n<p dir=\"ltr\" class=\"bbc-bm53ic e1cc2ql70\">\u00abLa \u00fanica explicaci\u00f3n que puedo asumir (evidentemente no conozco los motivos) es que se limitaron a analizar el volumen de exportaci\u00f3n de la empresa y <b>nunca hicieron una inspecci\u00f3n<\/b> o revisi\u00f3n exhaustiva de la misma\u00bb, se\u00f1al\u00f3.<\/p>\n<\/div>\n<div dir=\"ltr\" class=\"bbc-19j92fr e57qer20\" readability=\"10\">\n<p dir=\"ltr\" class=\"bbc-bm53ic e1cc2ql70\">\u00abSin duda, <b>el Estado fall\u00f3 por d\u00e9cadas<\/b> en identificar los abusos y proteger adecuadamente a quienes estaban en una situaci\u00f3n de vulnerabilidad (la sentencia identifica muy claramente dichos abusos)\u00bb.<\/p>\n<\/div>\n<div dir=\"ltr\" class=\"bbc-19j92fr e57qer20\" readability=\"8\">\n<p dir=\"ltr\" class=\"bbc-bm53ic e1cc2ql70\">\u00abEste caso no se puede repetir\u00bb, agreg\u00f3.<\/p>\n<\/div>\n<div dir=\"ltr\" class=\"bbc-1ka88fa e57qer20\">\n<figure class=\"bbc-1qdcvv9 e6bmn90\">\n<div dir=\"ltr\" class=\"bbc-172p16q e57qer20\">\n<div dir=\"ltr\" class=\"bbc-189y18v e57qer20\" readability=\"6.5\">\n<div data-e2e=\"image-placeholder\" class=\"bbc-153awg4 e1whu0\" readability=\"8\"><noscript><img srcset=\"http:\/\/nuevacordoba.net\/wp-content\/uploads\/2021\/05\/furukawa-el-caso-de-esclavitud-moderna-por-el-que-una-empresa-japonesa-y-el-gobierno-de-ecuador-fueron-obligados-a-pedir-disculpas-25.jpg 240w, http:\/\/nuevacordoba.net\/wp-content\/uploads\/2021\/05\/furukawa-el-caso-de-esclavitud-moderna-por-el-que-una-empresa-japonesa-y-el-gobierno-de-ecuador-fueron-obligados-a-pedir-disculpas-26.jpg 320w, http:\/\/nuevacordoba.net\/wp-content\/uploads\/2021\/05\/furukawa-el-caso-de-esclavitud-moderna-por-el-que-una-empresa-japonesa-y-el-gobierno-de-ecuador-fueron-obligados-a-pedir-disculpas-27.jpg 480w, http:\/\/nuevacordoba.net\/wp-content\/uploads\/2021\/05\/furukawa-el-caso-de-esclavitud-moderna-por-el-que-una-empresa-japonesa-y-el-gobierno-de-ecuador-fueron-obligados-a-pedir-disculpas-28.jpg 624w, http:\/\/nuevacordoba.net\/wp-content\/uploads\/2021\/05\/furukawa-el-caso-de-esclavitud-moderna-por-el-que-una-empresa-japonesa-y-el-gobierno-de-ecuador-fueron-obligados-a-pedir-disculpas-29.jpg 800w\" alt=\"Manos con mutilaciones por accidentes de trabajo con el abac\u00e1\" src=\"http:\/\/nuevacordoba.net\/wp-content\/uploads\/2021\/05\/furukawa-el-caso-de-esclavitud-moderna-por-el-que-una-empresa-japonesa-y-el-gobierno-de-ecuador-fueron-obligados-a-pedir-disculpas-3.jpg\" width=\"976\" class=\"bbc-fat2bc e1enwo3v0\"><\/noscript><\/p>\n<p role=\"text\" class=\"bbc-1s1cxbv etq3yw90\"><span class=\"bbc-1gnhmg2 e1yt7oin0\">Fuente de la imagen, <\/span><span lang=\"en-GB\">Walker Vizcarra\/PRESSENZA<\/span><\/p>\n<\/div>\n<\/div>\n<div dir=\"ltr\" class=\"bbc-3edg7g e57qer20\" readability=\"6.5\"><figcaption dir=\"ltr\" class=\"bbc-1t9zlwf eede9f50\" readability=\"3\"><span class=\"bbc-1gnhmg2 e1yt7oin0\">Pie de foto, <\/span><\/p>\n<p>Muchos de los abacaleros de Furukawa tienen las manos deformadas por trabajar sin elementos de protecci\u00f3n.<\/p>\n<\/figcaption><\/div>\n<\/div>\n<\/figure>\n<\/div>\n<div dir=\"ltr\" class=\"bbc-19j92fr e57qer20\" readability=\"12\">\n<p dir=\"ltr\" class=\"bbc-bm53ic e1cc2ql70\">Sin embargo, activistas por los derechos humanos que se unieron para formar el Comit\u00e9 de Solidaridad Furukawa, aseguran que dicha condecoraci\u00f3n revela una connivencia entre el Estado y el sector agroexportador, que <b>a\u00fan sigue vigente<\/b>.<\/p>\n<\/div>\n<div dir=\"ltr\" class=\"bbc-19j92fr e57qer20\" readability=\"11\">\n<p dir=\"ltr\" class=\"bbc-bm53ic e1cc2ql70\">\u00abHay un inter\u00e9s del Estado en promover a las empresas que les suponen ingresos interesantes\u00bb, afirma Patricia Carri\u00f3n, abogada de la Comisi\u00f3n Ecum\u00e9nica de Derechos Humanos y una de las patrocinadoras de los extrabajadores de Furukawa.<\/p>\n<\/div>\n<div dir=\"ltr\" class=\"bbc-19j92fr e57qer20\" readability=\"9\">\n<p dir=\"ltr\" class=\"bbc-bm53ic e1cc2ql70\">Seg\u00fan Carri\u00f3n, esto lleva a las autoridades a proteger -\u00abya sea por acci\u00f3n u omisi\u00f3n\u00bb- a las grandes compa\u00f1\u00edas agroexportadoras como Furukawa. <\/p>\n<\/div>\n<div dir=\"ltr\" class=\"bbc-19j92fr e57qer20\" readability=\"10\">\n<p dir=\"ltr\" class=\"bbc-bm53ic e1cc2ql70\">\u00abO las autoridades <b>no tienen idea<\/b> de lo que est\u00e1 sucediendo en estas industrias, o <b>est\u00e1n ocultando<\/b> las situaciones que viven los trabajadores all\u00ed\u00bb, se\u00f1ala.<\/p>\n<\/div>\n<div dir=\"ltr\" class=\"bbc-19j92fr e57qer20\" readability=\"8\">\n<p dir=\"ltr\" class=\"bbc-bm53ic e1cc2ql70\">La letrada asegura que a\u00fan hoy siguen confluyendo los \u00abintereses econ\u00f3micos y pol\u00edticos\u00bb del gobierno y este sector.<\/p>\n<\/div>\n<div dir=\"ltr\" class=\"bbc-19j92fr e57qer20\" readability=\"9\">\n<p dir=\"ltr\" class=\"bbc-bm53ic e1cc2ql70\">\u00abEl actual gerente de Producci\u00f3n de Furukawa fue viceministro de Agricultura durante el gobierno actual de Len\u00edn Moreno\u00bb, ejemplifica.<\/p>\n<\/div>\n<p><h2 id=\"Desde-1963\" tabindex=\"-1\" class=\"bbc-l3e97o e14hemmw0\">Desde 1963<\/h2>\n<\/p>\n<div dir=\"ltr\" class=\"bbc-19j92fr e57qer20\" readability=\"13\">\n<p dir=\"ltr\" class=\"bbc-bm53ic e1cc2ql70\">Furukawa Plantaciones funciona desde hace casi seis d\u00e9cadas en Ecuador, pa\u00eds que es el segundo productor mundial de fibra de abac\u00e1, un material altamente resistente que se usa en varias industrias, incluyendo la automotriz, donde a veces sustituye a la fibra de vidrio.<\/p>\n<\/div>\n<div dir=\"ltr\" class=\"bbc-19j92fr e57qer20\" readability=\"10\">\n<p dir=\"ltr\" class=\"bbc-bm53ic e1cc2ql70\">El pa\u00eds exporta cada a\u00f1o unas 7.000 toneladas de fibra de abac\u00e1 a Estados Unidos, Europa y Asia, generando m\u00e1s de US$17 millones. <\/p>\n<\/div>\n<div dir=\"ltr\" class=\"bbc-1ka88fa e57qer20\">\n<figure class=\"bbc-1qdcvv9 e6bmn90\">\n<div dir=\"ltr\" class=\"bbc-172p16q e57qer20\">\n<div dir=\"ltr\" class=\"bbc-189y18v e57qer20\" readability=\"6.5\">\n<div data-e2e=\"image-placeholder\" class=\"bbc-153awg4 e1whu0\" readability=\"8\"><noscript><img srcset=\"http:\/\/nuevacordoba.net\/wp-content\/uploads\/2021\/05\/furukawa-el-caso-de-esclavitud-moderna-por-el-que-una-empresa-japonesa-y-el-gobierno-de-ecuador-fueron-obligados-a-pedir-disculpas-30.jpg 240w, http:\/\/nuevacordoba.net\/wp-content\/uploads\/2021\/05\/furukawa-el-caso-de-esclavitud-moderna-por-el-que-una-empresa-japonesa-y-el-gobierno-de-ecuador-fueron-obligados-a-pedir-disculpas-31.jpg 320w, http:\/\/nuevacordoba.net\/wp-content\/uploads\/2021\/05\/furukawa-el-caso-de-esclavitud-moderna-por-el-que-una-empresa-japonesa-y-el-gobierno-de-ecuador-fueron-obligados-a-pedir-disculpas-32.jpg 480w, http:\/\/nuevacordoba.net\/wp-content\/uploads\/2021\/05\/furukawa-el-caso-de-esclavitud-moderna-por-el-que-una-empresa-japonesa-y-el-gobierno-de-ecuador-fueron-obligados-a-pedir-disculpas-33.jpg 624w, http:\/\/nuevacordoba.net\/wp-content\/uploads\/2021\/05\/furukawa-el-caso-de-esclavitud-moderna-por-el-que-una-empresa-japonesa-y-el-gobierno-de-ecuador-fueron-obligados-a-pedir-disculpas-34.jpg 800w\" alt=\"Un trabajador muestra las fibras de abac\u00e1\" src=\"http:\/\/nuevacordoba.net\/wp-content\/uploads\/2021\/05\/furukawa-el-caso-de-esclavitud-moderna-por-el-que-una-empresa-japonesa-y-el-gobierno-de-ecuador-fueron-obligados-a-pedir-disculpas-4.jpg\" width=\"976\" class=\"bbc-fat2bc e1enwo3v0\"><\/noscript><\/p>\n<p role=\"text\" class=\"bbc-1s1cxbv etq3yw90\"><span class=\"bbc-1gnhmg2 e1yt7oin0\">Fuente de la imagen, <\/span><span lang=\"en-GB\">Walker Vizcarra\/PRESSENZA<\/span><\/p>\n<\/div>\n<\/div>\n<div dir=\"ltr\" class=\"bbc-3edg7g e57qer20\" readability=\"6.5\"><figcaption dir=\"ltr\" class=\"bbc-1t9zlwf eede9f50\" readability=\"3\"><span class=\"bbc-1gnhmg2 e1yt7oin0\">Pie de foto, <\/span><\/p>\n<p>Ecuador es el segundo productor mundial de fibra de abac\u00e1, despu\u00e9s de Filipinas.<\/p>\n<\/figcaption><\/div>\n<\/div>\n<\/figure>\n<\/div>\n<div dir=\"ltr\" class=\"bbc-19j92fr e57qer20\" readability=\"12\">\n<p dir=\"ltr\" class=\"bbc-bm53ic e1cc2ql70\">La principal abacalera de Ecuador tiene <b>23 haciendas<\/b> distribuidas en una superficie de <b>2.300 hect\u00e1reas<\/b>, en las provincias de Santo Domingo de los Ts\u00e1chilas, Los R\u00edos y Esmeraldas, en el noroeste de Ecuador.<\/p>\n<\/div>\n<div dir=\"ltr\" class=\"bbc-19j92fr e57qer20\" readability=\"9\">\n<p dir=\"ltr\" class=\"bbc-bm53ic e1cc2ql70\">Los 123 extrabajadores que denunciaron a la compa\u00f1\u00eda viv\u00edan junto con sus familias en precarias viviendas construidas en varias de las haciendas, que ahora han sido desmanteladas en su mayor\u00eda.<\/p>\n<\/div>\n<div dir=\"ltr\" class=\"bbc-19j92fr e57qer20\" readability=\"14\">\n<p dir=\"ltr\" class=\"bbc-bm53ic e1cc2ql70\">Walker Vizcarra, un fot\u00f3grafo y activista contra la violencia, retrat\u00f3 algunos de estos lugares en 2019, y le cont\u00f3 a BBC Mundo que eran peque\u00f1as construcciones de unos 10 a 15 metros cuadrados, donde viv\u00edan familias de 3 o 4 personas, en promedio.<\/p>\n<\/div>\n<div dir=\"ltr\" class=\"bbc-19j92fr e57qer20\" readability=\"9\">\n<p dir=\"ltr\" class=\"bbc-bm53ic e1cc2ql70\">\u00abHab\u00eda una sola letrina para 17 casas, que quedaba a unos 20 metros de las viviendas\u00bb, relat\u00f3.<\/p>\n<\/div>\n<div dir=\"ltr\" class=\"bbc-19j92fr e57qer20\" readability=\"7\">\n<p dir=\"ltr\" class=\"bbc-bm53ic e1cc2ql70\">Vizcarra tambi\u00e9n observ\u00f3 que muchas de las personas ten\u00edan <b>partes de las manos mutiladas<\/b>. <\/p>\n<\/div>\n<div dir=\"ltr\" class=\"bbc-19j92fr e57qer20\" readability=\"13\">\n<p dir=\"ltr\" class=\"bbc-bm53ic e1cc2ql70\">\u00abLas deformidades en los dedos se deben a que cuando pasan las fibras por la m\u00e1quina que las deshilacha, muchas veces por la fuerza, se suelta y golpea los dedos de las manos, a veces les corta los dedos o los rompe\u00bb, explic\u00f3.<\/p>\n<\/div>\n<p><h2 id=\"Pobres-y-enfermos\" tabindex=\"-1\" class=\"bbc-l3e97o e14hemmw0\">Pobres y enfermos<\/h2>\n<\/p>\n<div dir=\"ltr\" class=\"bbc-19j92fr e57qer20\" readability=\"10\">\n<p dir=\"ltr\" class=\"bbc-bm53ic e1cc2ql70\">Un peritaje m\u00e9dico realizado por el Ministerio de Salud a pedido de la defensa determin\u00f3 que, adem\u00e1s de lesiones en las extremidades, todos los demandantes sufr\u00edan alguna<b> enfermedad cr\u00f3nica<\/b>.<\/p>\n<\/div>\n<div dir=\"ltr\" class=\"bbc-19j92fr e57qer20\" readability=\"13\">\n<p dir=\"ltr\" class=\"bbc-bm53ic e1cc2ql70\">Algunos ten\u00edan infecciones en la piel, pero la mayor\u00eda padec\u00eda de enfermedades respiratorias como consecuencia de aspirar el polvillo que se produce al procesar el abac\u00e1, pero, sobre todo, por los residuos de los mecheros de kerosene usados para poder trabajar de noche.<\/p>\n<\/div>\n<div dir=\"ltr\" class=\"bbc-19j92fr e57qer20\" readability=\"9\">\n<p dir=\"ltr\" class=\"bbc-bm53ic e1cc2ql70\">Incluso los ni\u00f1os padec\u00edan de estas enfermedades. Seg\u00fan Carri\u00f3n, muchos eran obligados a trabajar desde los 8 o 9 a\u00f1os de edad.<\/p>\n<\/div>\n<div dir=\"ltr\" class=\"bbc-1ka88fa e57qer20\">\n<figure class=\"bbc-1qdcvv9 e6bmn90\">\n<div dir=\"ltr\" class=\"bbc-172p16q e57qer20\">\n<div dir=\"ltr\" class=\"bbc-189y18v e57qer20\" readability=\"6.5\">\n<div data-e2e=\"image-placeholder\" class=\"bbc-153awg4 e1whu0\" readability=\"8\"><noscript><img srcset=\"http:\/\/nuevacordoba.net\/wp-content\/uploads\/2021\/05\/furukawa-el-caso-de-esclavitud-moderna-por-el-que-una-empresa-japonesa-y-el-gobierno-de-ecuador-fueron-obligados-a-pedir-disculpas-35.jpg 240w, http:\/\/nuevacordoba.net\/wp-content\/uploads\/2021\/05\/furukawa-el-caso-de-esclavitud-moderna-por-el-que-una-empresa-japonesa-y-el-gobierno-de-ecuador-fueron-obligados-a-pedir-disculpas-36.jpg 320w, http:\/\/nuevacordoba.net\/wp-content\/uploads\/2021\/05\/furukawa-el-caso-de-esclavitud-moderna-por-el-que-una-empresa-japonesa-y-el-gobierno-de-ecuador-fueron-obligados-a-pedir-disculpas-37.jpg 480w, http:\/\/nuevacordoba.net\/wp-content\/uploads\/2021\/05\/furukawa-el-caso-de-esclavitud-moderna-por-el-que-una-empresa-japonesa-y-el-gobierno-de-ecuador-fueron-obligados-a-pedir-disculpas-38.jpg 624w, http:\/\/nuevacordoba.net\/wp-content\/uploads\/2021\/05\/furukawa-el-caso-de-esclavitud-moderna-por-el-que-una-empresa-japonesa-y-el-gobierno-de-ecuador-fueron-obligados-a-pedir-disculpas-39.jpg 800w\" alt=\"Un ni\u00f1o afuera de una vivienda en una de las haciendas de Furukawa\" src=\"http:\/\/nuevacordoba.net\/wp-content\/uploads\/2021\/05\/furukawa-el-caso-de-esclavitud-moderna-por-el-que-una-empresa-japonesa-y-el-gobierno-de-ecuador-fueron-obligados-a-pedir-disculpas-5.jpg\" width=\"976\" class=\"bbc-fat2bc e1enwo3v0\"><\/noscript><\/p>\n<p role=\"text\" class=\"bbc-1s1cxbv etq3yw90\"><span class=\"bbc-1gnhmg2 e1yt7oin0\">Fuente de la imagen, <\/span><span lang=\"en-GB\">Walker Vizcarra\/PRESSENZA<\/span><\/p>\n<\/div>\n<\/div>\n<div dir=\"ltr\" class=\"bbc-3edg7g e57qer20\" readability=\"6\"><figcaption dir=\"ltr\" class=\"bbc-1t9zlwf eede9f50\" readability=\"2\"><span class=\"bbc-1gnhmg2 e1yt7oin0\">Pie de foto, <\/span><\/p>\n<p>Las autoridades constataron que en las haciendas de Furukawa hab\u00eda trabajo infantil.<\/p>\n<\/figcaption><\/div>\n<\/div>\n<\/figure>\n<\/div>\n<div dir=\"ltr\" class=\"bbc-19j92fr e57qer20\" readability=\"9\">\n<p dir=\"ltr\" class=\"bbc-bm53ic e1cc2ql70\">Un registro sobre condiciones de vida de 400 campesinos abacaleros realizado en 2019 por el Ministerio de Inclusi\u00f3n Econ\u00f3mica y Social mostr\u00f3 que el<b> 83% viv\u00eda en condiciones de extrema pobreza<\/b> y apenas el 2% no era pobre.<\/p>\n<\/div>\n<div dir=\"ltr\" class=\"bbc-19j92fr e57qer20\" readability=\"7\">\n<p dir=\"ltr\" class=\"bbc-bm53ic e1cc2ql70\">La abogada se\u00f1ala que es esta pobreza la que mantiene esclavizados a los trabajadores.<\/p>\n<\/div>\n<div dir=\"ltr\" class=\"bbc-19j92fr e57qer20\" readability=\"13\">\n<p dir=\"ltr\" class=\"bbc-bm53ic e1cc2ql70\">\u00abViven en condiciones que no les permiten irse a otro lado a buscar trabajo\u00bb, afirma, enumerando, entre otros obst\u00e1culos, la falta de medios para movilizarse desde haciendas muy alejadas de las v\u00edas principales.<\/p>\n<\/div>\n<div dir=\"ltr\" class=\"bbc-19j92fr e57qer20\" readability=\"11\">\n<p dir=\"ltr\" class=\"bbc-bm53ic e1cc2ql70\">Fue gracias a una denuncia investigada en 2019 por la entonces Defensora del Pueblo Gina Benavides <b>-la primera mujer en ocupar el cargo<\/b>&#8211; y gracias a un grupo de abogadas voluntarias que se unieron para defender a los trabajadores explotados -entre ellas Carri\u00f3n y la abogada principal, Alejandra Zambrano- que este caso de esclavitud moderna finalmente sali\u00f3 a la luz y se lleg\u00f3 a una condena.<\/p>\n<\/div>\n<p><h2 id=\"Qu\u00e9-pasa-ahora\" tabindex=\"-1\" class=\"bbc-l3e97o e14hemmw0\">Qu\u00e9 pasa ahora<\/h2>\n<\/p>\n<div dir=\"ltr\" class=\"bbc-19j92fr e57qer20\" readability=\"9\">\n<p dir=\"ltr\" class=\"bbc-bm53ic e1cc2ql70\">Pero a pesar de la hist\u00f3rica sentencia contra Furukawa Plantaciones C.A. del Ecuador, lo cierto es que la empresa ha podido <b>seguir operando como siempre<\/b>.<\/p>\n<\/div>\n<div dir=\"ltr\" class=\"bbc-19j92fr e57qer20\" readability=\"11\">\n<p dir=\"ltr\" class=\"bbc-bm53ic e1cc2ql70\">M\u00e1s all\u00e1 de una multa de US$42.880 y una clausura por 90 d\u00edas ordenada por el Ministerio de Trabajo a principios de 2019, despu\u00e9s de que la Defensor\u00eda present\u00f3 su informe sobre los abusos, la abacalera no ha sufrido cierres ni recibido otras sanciones.<\/p>\n<\/div>\n<div dir=\"ltr\" class=\"bbc-19j92fr e57qer20\" readability=\"19\">\n<p dir=\"ltr\" class=\"bbc-bm53ic e1cc2ql70\">En el comunicado emitido por el ministerio para anunciar la clausura, en febrero de 2019, se detallaba que en las inspecciones se hallaron, entre otros, \u00abcondiciones de trabajo infrahumanas, trabajo infantil, insalubridad, riesgo laboral, falta de entrega de ropa y herramientas de trabajo, accidentes laborales (y) personas de tercera edad\u00bb.<\/p>\n<\/div>\n<div dir=\"ltr\" class=\"bbc-1ka88fa e57qer20\">\n<figure class=\"bbc-1qdcvv9 e6bmn90\">\n<div dir=\"ltr\" class=\"bbc-172p16q e57qer20\">\n<div dir=\"ltr\" class=\"bbc-189y18v e57qer20\" readability=\"6.5\">\n<div data-e2e=\"image-placeholder\" class=\"bbc-1k5hvrj e1whu0\" readability=\"8\"><noscript><img srcset=\"http:\/\/nuevacordoba.net\/wp-content\/uploads\/2021\/05\/furukawa-el-caso-de-esclavitud-moderna-por-el-que-una-empresa-japonesa-y-el-gobierno-de-ecuador-fueron-obligados-a-pedir-disculpas-40.jpg 240w, http:\/\/nuevacordoba.net\/wp-content\/uploads\/2021\/05\/furukawa-el-caso-de-esclavitud-moderna-por-el-que-una-empresa-japonesa-y-el-gobierno-de-ecuador-fueron-obligados-a-pedir-disculpas-41.jpg 320w, http:\/\/nuevacordoba.net\/wp-content\/uploads\/2021\/05\/furukawa-el-caso-de-esclavitud-moderna-por-el-que-una-empresa-japonesa-y-el-gobierno-de-ecuador-fueron-obligados-a-pedir-disculpas-42.jpg 480w, http:\/\/nuevacordoba.net\/wp-content\/uploads\/2021\/05\/furukawa-el-caso-de-esclavitud-moderna-por-el-que-una-empresa-japonesa-y-el-gobierno-de-ecuador-fueron-obligados-a-pedir-disculpas-43.jpg 624w, http:\/\/nuevacordoba.net\/wp-content\/uploads\/2021\/05\/furukawa-el-caso-de-esclavitud-moderna-por-el-que-una-empresa-japonesa-y-el-gobierno-de-ecuador-fueron-obligados-a-pedir-disculpas-44.jpg 800w\" alt=\"Fibras de abac\u00e1\" src=\"http:\/\/nuevacordoba.net\/wp-content\/uploads\/2021\/05\/furukawa-el-caso-de-esclavitud-moderna-por-el-que-una-empresa-japonesa-y-el-gobierno-de-ecuador-fueron-obligados-a-pedir-disculpas-6.jpg\" width=\"976\" class=\"bbc-fat2bc e1enwo3v0\"><\/noscript><\/p>\n<p role=\"text\" class=\"bbc-1s1cxbv etq3yw90\"><span class=\"bbc-1gnhmg2 e1yt7oin0\">Fuente de la imagen, <\/span><span lang=\"en-GB\">Walker Vizcarra\/PRESSENZA<\/span><\/p>\n<\/div>\n<\/div>\n<div dir=\"ltr\" class=\"bbc-3edg7g e57qer20\" readability=\"7.5\"><figcaption dir=\"ltr\" class=\"bbc-1t9zlwf eede9f50\" readability=\"5\"><span class=\"bbc-1gnhmg2 e1yt7oin0\">Pie de foto, <\/span><\/p>\n<p>La principal abacalera de Ecuador asegura tener solo dos centenares de empleados, pero un censo del Estado corrobor\u00f3 que m\u00e1s de 1.200 personas viv\u00edan y trabajaban dentro de las haciendas de la empresa.<\/p>\n<\/figcaption><\/div>\n<\/div>\n<\/figure>\n<\/div>\n<div dir=\"ltr\" class=\"bbc-19j92fr e57qer20\" readability=\"12\">\n<p dir=\"ltr\" class=\"bbc-bm53ic e1cc2ql70\">Furukawa Plantaciones afirma tener <b>198 trabajadores directos<\/b> que ganan salarios iguales o superiores a los establecidos por ley y gozan de todos los beneficios legales, incluyendo seguro social, uniformes, guantes y otros elementos para el desempe\u00f1o de sus labores.<\/p>\n<\/div>\n<div dir=\"ltr\" class=\"bbc-19j92fr e57qer20\" readability=\"10\">\n<p dir=\"ltr\" class=\"bbc-bm53ic e1cc2ql70\">Sin embargo, un censo realizado por la Secretar\u00eda Nacional de Gesti\u00f3n de la Pol\u00edtica (actual Ministerio de Gobierno) en marzo de 2019 revel\u00f3 que <b>1<\/b><b>.<\/b><b>244 personas<\/b> viv\u00edan y trabajaban dentro de las haciendas de Furukawa.<\/p>\n<\/div>\n<div dir=\"ltr\" class=\"bbc-19j92fr e57qer20\" readability=\"10\">\n<p dir=\"ltr\" class=\"bbc-bm53ic e1cc2ql70\">As\u00ed lo detalla un informe publicado por la Federaci\u00f3n Internacional de Derechos Humanos (FIDH), que en julio del 2019 coordin\u00f3 una misi\u00f3n que verific\u00f3 \u00abla existencia de casos de <b>formas contempor\u00e1neas de esclavitud<\/b> moderna en el Ecuador\u00bb.<\/p>\n<\/div>\n<div dir=\"ltr\" class=\"bbc-19j92fr e57qer20\" readability=\"9\">\n<p dir=\"ltr\" class=\"bbc-bm53ic e1cc2ql70\">La mayor\u00eda de las personas eran afrodescendientes, no hab\u00edan recibido educaci\u00f3n formal y eran analfabetas.<\/p>\n<\/div>\n<p><h2 id=\"Temor\" tabindex=\"-1\" class=\"bbc-l3e97o e14hemmw0\">Temor<\/h2>\n<\/p>\n<div dir=\"ltr\" class=\"bbc-19j92fr e57qer20\" readability=\"10\">\n<p dir=\"ltr\" class=\"bbc-bm53ic e1cc2ql70\">Seg\u00fan Carri\u00f3n, solo 123 se animaron a denunciar a sus empleadores, sabiendo que se quedar\u00edan sin empleo. <\/p>\n<\/div>\n<div dir=\"ltr\" class=\"bbc-19j92fr e57qer20\" readability=\"13\">\n<p dir=\"ltr\" class=\"bbc-bm53ic e1cc2ql70\">\u00abMuchos no pueden darse el lujo de reclamar\u00bb, sostiene, asegurando que el trabajo esclavo \u00abes la <b>cotidianidad del agro<\/b> ecuatoriano\u00bb, y tambi\u00e9n ocurre en otras industrias redituables para el pa\u00eds, como la del banano y el camar\u00f3n.<\/p>\n<\/div>\n<div dir=\"ltr\" class=\"bbc-19j92fr e57qer20\" readability=\"9\">\n<p dir=\"ltr\" class=\"bbc-bm53ic e1cc2ql70\">\u00ab<b>Me vuelvo a sentir un ser humano<\/b>\u00ab, cuenta que le dijo una de sus representadas tras ganar el juicio.<\/p>\n<\/div>\n<div dir=\"ltr\" class=\"bbc-1ka88fa e57qer20\">\n<figure class=\"bbc-1qdcvv9 e6bmn90\">\n<div dir=\"ltr\" class=\"bbc-172p16q e57qer20\">\n<div dir=\"ltr\" class=\"bbc-189y18v e57qer20\" readability=\"6.5\">\n<div data-e2e=\"image-placeholder\" class=\"bbc-1giy7xz e1whu0\" readability=\"8\"><noscript><img srcset=\"http:\/\/nuevacordoba.net\/wp-content\/uploads\/2021\/05\/furukawa-el-caso-de-esclavitud-moderna-por-el-que-una-empresa-japonesa-y-el-gobierno-de-ecuador-fueron-obligados-a-pedir-disculpas-45.jpg 240w, http:\/\/nuevacordoba.net\/wp-content\/uploads\/2021\/05\/furukawa-el-caso-de-esclavitud-moderna-por-el-que-una-empresa-japonesa-y-el-gobierno-de-ecuador-fueron-obligados-a-pedir-disculpas-46.jpg 320w, http:\/\/nuevacordoba.net\/wp-content\/uploads\/2021\/05\/furukawa-el-caso-de-esclavitud-moderna-por-el-que-una-empresa-japonesa-y-el-gobierno-de-ecuador-fueron-obligados-a-pedir-disculpas-47.jpg 480w, http:\/\/nuevacordoba.net\/wp-content\/uploads\/2021\/05\/furukawa-el-caso-de-esclavitud-moderna-por-el-que-una-empresa-japonesa-y-el-gobierno-de-ecuador-fueron-obligados-a-pedir-disculpas-48.jpg 624w, http:\/\/nuevacordoba.net\/wp-content\/uploads\/2021\/05\/furukawa-el-caso-de-esclavitud-moderna-por-el-que-una-empresa-japonesa-y-el-gobierno-de-ecuador-fueron-obligados-a-pedir-disculpas-49.jpg 800w\" alt=\"Una madre con su beb\u00e9 en una de las haciendas de Furukawa\" src=\"http:\/\/nuevacordoba.net\/wp-content\/uploads\/2021\/05\/furukawa-el-caso-de-esclavitud-moderna-por-el-que-una-empresa-japonesa-y-el-gobierno-de-ecuador-fueron-obligados-a-pedir-disculpas-7.jpg\" width=\"976\" class=\"bbc-fat2bc e1enwo3v0\"><\/noscript><\/p>\n<p role=\"text\" class=\"bbc-1s1cxbv etq3yw90\"><span class=\"bbc-1gnhmg2 e1yt7oin0\">Fuente de la imagen, <\/span><span lang=\"en-GB\">Walker Vizcarra\/PRESSENZA<\/span><\/p>\n<\/div>\n<\/div>\n<div dir=\"ltr\" class=\"bbc-3edg7g e57qer20\" readability=\"6.5\"><figcaption dir=\"ltr\" class=\"bbc-1t9zlwf eede9f50\" readability=\"3\"><span class=\"bbc-1gnhmg2 e1yt7oin0\">Pie de foto, <\/span><\/p>\n<p>Los abusos en las haciendas de Furukawa llegaron a la justicia gracias al trabajo de un grupo compuesto principalmente por mujeres.<\/p>\n<\/figcaption><\/div>\n<\/div>\n<\/figure>\n<\/div>\n<div dir=\"ltr\" class=\"bbc-19j92fr e57qer20\" readability=\"12\">\n<p dir=\"ltr\" class=\"bbc-bm53ic e1cc2ql70\">Sin embargo, la abogada advierte que las v\u00edctimas no recibir\u00e1n compensaci\u00f3n alguna hasta que la sentencia quede firme, despu\u00e9s de que se resuelva la apelaci\u00f3n, que ya fue presentada por el Ministerio de Trabajo.<\/p>\n<\/div>\n<div dir=\"ltr\" class=\"bbc-19j92fr e57qer20\" readability=\"9\">\n<p dir=\"ltr\" class=\"bbc-bm53ic e1cc2ql70\">Consultado sobre esto, el ministro Isch explic\u00f3 que \u00abhay una norma que obliga a las instituciones p\u00fablicas a impugnar las decisiones que son en su contra\u00bb.<\/p>\n<\/div>\n<div dir=\"ltr\" class=\"bbc-19j92fr e57qer20\" readability=\"10\">\n<p dir=\"ltr\" class=\"bbc-bm53ic e1cc2ql70\">No obstante, el funcionario asegur\u00f3: \u00abNo vamos a esperar al resultado de la segunda instancia, sino que vamos a cumplir con las obligaciones inmediatamente\u00bb.<\/p>\n<\/div>\n<div dir=\"ltr\" class=\"bbc-19j92fr e57qer20\" readability=\"9\">\n<p dir=\"ltr\" class=\"bbc-bm53ic e1cc2ql70\">Entre estas, dijo, se incluye ordenar <b>inspecciones mensuales<\/b> de la empresa Furukawa.<\/p>\n<\/div>\n<div dir=\"ltr\" class=\"bbc-19j92fr e57qer20\" readability=\"9\">\n<p dir=\"ltr\" class=\"bbc-bm53ic e1cc2ql70\">Isch neg\u00f3 que hoy existan otros casos de esclavitud moderna en Ecuador, como denuncian los organismos de derechos humanos. <\/p>\n<\/div>\n<div dir=\"ltr\" class=\"bbc-19j92fr e57qer20\" readability=\"9\">\n<p dir=\"ltr\" class=\"bbc-bm53ic e1cc2ql70\">\u00abPermanentemente se realizan inspecciones tanto por denuncias como de manera aleatoria. <b>No se ha identificado situaciones similares<\/b> desde que yo asum\u00ed el cargo\u00bb, se\u00f1al\u00f3.<\/p>\n<\/div>\n<div dir=\"ltr\" class=\"bbc-19j92fr e57qer20\" readability=\"10\">\n<p dir=\"ltr\" class=\"bbc-bm53ic e1cc2ql70\">Tambi\u00e9n resalt\u00f3 que \u00abes urgente generar cada vez m\u00e1s confianza en la ciudadan\u00eda, precisamente para que si existe cualquier caso de abuso los ciudadanos est\u00e9n dispuestos a denunciar y que sea m\u00e1s f\u00e1cil tomar acciones correctivas y de protecci\u00f3n\u00bb.<\/p>\n<\/div>\n<div dir=\"ltr\" class=\"bbc-1ka88fa e57qer20\">\n<figure class=\"bbc-1qdcvv9 e6bmn90\">\n<div dir=\"ltr\" class=\"bbc-172p16q e57qer20\">\n<div dir=\"ltr\" class=\"bbc-189y18v e57qer20\" readability=\"6.5\">\n<div data-e2e=\"image-placeholder\" class=\"bbc-153awg4 e1whu0\" readability=\"8\"><noscript><img srcset=\"http:\/\/nuevacordoba.net\/wp-content\/uploads\/2021\/05\/furukawa-el-caso-de-esclavitud-moderna-por-el-que-una-empresa-japonesa-y-el-gobierno-de-ecuador-fueron-obligados-a-pedir-disculpas-50.jpg 240w, http:\/\/nuevacordoba.net\/wp-content\/uploads\/2021\/05\/furukawa-el-caso-de-esclavitud-moderna-por-el-que-una-empresa-japonesa-y-el-gobierno-de-ecuador-fueron-obligados-a-pedir-disculpas-51.jpg 320w, http:\/\/nuevacordoba.net\/wp-content\/uploads\/2021\/05\/furukawa-el-caso-de-esclavitud-moderna-por-el-que-una-empresa-japonesa-y-el-gobierno-de-ecuador-fueron-obligados-a-pedir-disculpas-52.jpg 480w, http:\/\/nuevacordoba.net\/wp-content\/uploads\/2021\/05\/furukawa-el-caso-de-esclavitud-moderna-por-el-que-una-empresa-japonesa-y-el-gobierno-de-ecuador-fueron-obligados-a-pedir-disculpas-53.jpg 624w, http:\/\/nuevacordoba.net\/wp-content\/uploads\/2021\/05\/furukawa-el-caso-de-esclavitud-moderna-por-el-que-una-empresa-japonesa-y-el-gobierno-de-ecuador-fueron-obligados-a-pedir-disculpas-54.jpg 800w\" alt=\"Un trabajador en una de las haciendas de Furukawa\" src=\"http:\/\/nuevacordoba.net\/wp-content\/uploads\/2021\/05\/furukawa-el-caso-de-esclavitud-moderna-por-el-que-una-empresa-japonesa-y-el-gobierno-de-ecuador-fueron-obligados-a-pedir-disculpas-8.jpg\" width=\"976\" class=\"bbc-fat2bc e1enwo3v0\"><\/noscript><\/p>\n<p role=\"text\" class=\"bbc-1s1cxbv etq3yw90\"><span class=\"bbc-1gnhmg2 e1yt7oin0\">Fuente de la imagen, <\/span><span lang=\"en-GB\">Walker Vizcarra\/PRESSENZA<\/span><\/p>\n<\/div>\n<\/div>\n<div dir=\"ltr\" class=\"bbc-3edg7g e57qer20\" readability=\"6\"><figcaption dir=\"ltr\" class=\"bbc-1t9zlwf eede9f50\" readability=\"2\"><span class=\"bbc-1gnhmg2 e1yt7oin0\">Pie de foto, <\/span><\/p>\n<p>Otro grupo de empleados de Furukawa ya inici\u00f3 una nueva demanda contra la empresa.<\/p>\n<\/figcaption><\/div>\n<\/div>\n<\/figure>\n<\/div>\n<div dir=\"ltr\" class=\"bbc-19j92fr e57qer20\" readability=\"11\">\n<p dir=\"ltr\" class=\"bbc-bm53ic e1cc2ql70\">Por su parte, Carri\u00f3n se\u00f1ala que, m\u00e1s all\u00e1 de lo que decida el tribunal de apelaciones, este in\u00e9dito fallo ya ha tenido consecuencias positivas.<\/p>\n<\/div>\n<div dir=\"ltr\" class=\"bbc-19j92fr e57qer20\" readability=\"11\">\n<p dir=\"ltr\" class=\"bbc-bm53ic e1cc2ql70\">\u00abOtros 188 trabajadores y extrabajadores de Furukawa ya le han pedido a la Defensor\u00eda del Pueblo que los patrocine para denunciar a la empresa\u00bb, cuenta, mostr\u00e1ndose esperanzada de que la sentencia <b>aliente a otras v\u00edctimas de trabajo esclavo<\/b> a buscar justicia.<\/p>\n<\/div>\n<div dir=\"ltr\" class=\"bbc-19j92fr e57qer20\" readability=\"8\">\n<p dir=\"ltr\" class=\"bbc-bm53ic e1cc2ql70\"><i class=\"bbc-h1y5j7 ewc4zcb0\">*Todas las fotos son gentileza del fot\u00f3grafo Walker Vizcarra de la agencia internacional de noticias Pressenza <\/i><\/p>\n<\/div>\n<div dir=\"ltr\" class=\"bbc-1ka88fa e57qer20\">\n<figure class=\"bbc-1qdcvv9 e6bmn90\">\n<div dir=\"ltr\" class=\"bbc-172p16q e57qer20\">\n<div dir=\"ltr\" class=\"bbc-189y18v e57qer20\">\n<div data-e2e=\"image-placeholder\" class=\"bbc-367mqz e1whu0\"><noscript><img srcset=\"http:\/\/nuevacordoba.net\/wp-content\/uploads\/2021\/05\/furukawa-el-caso-de-esclavitud-moderna-por-el-que-una-empresa-japonesa-y-el-gobierno-de-ecuador-fueron-obligados-a-pedir-disculpas-55.jpg 240w, http:\/\/nuevacordoba.net\/wp-content\/uploads\/2021\/05\/furukawa-el-caso-de-esclavitud-moderna-por-el-que-una-empresa-japonesa-y-el-gobierno-de-ecuador-fueron-obligados-a-pedir-disculpas-56.jpg 320w, http:\/\/nuevacordoba.net\/wp-content\/uploads\/2021\/05\/furukawa-el-caso-de-esclavitud-moderna-por-el-que-una-empresa-japonesa-y-el-gobierno-de-ecuador-fueron-obligados-a-pedir-disculpas-57.jpg 464w\" alt=\"l\u00ednea separatoria\" src=\"http:\/\/nuevacordoba.net\/wp-content\/uploads\/2021\/05\/furukawa-el-caso-de-esclavitud-moderna-por-el-que-una-empresa-japonesa-y-el-gobierno-de-ecuador-fueron-obligados-a-pedir-disculpas-9.jpg\" width=\"464\" class=\"bbc-fat2bc e1enwo3v0\"><\/noscript><\/div>\n<\/div>\n<\/div>\n<\/figure>\n<\/div>\n<div dir=\"ltr\" class=\"bbc-19j92fr e57qer20\" readability=\"8\">\n<p dir=\"ltr\" class=\"bbc-bm53ic e1cc2ql70\"><i class=\"bbc-h1y5j7 ewc4zcb0\">Ahora puedes recibir notificaciones de BBC News Mundo. Descarga la nueva versi\u00f3n de nuestra app y act\u00edvalas para no perderte nuestro mejor contenido.<\/i><\/p>\n<\/div>\n","protected":false},"excerpt":{"rendered":"<p>Redacci\u00f3n BBC News Mundo 1 hora Fuente de la imagen, Walker Vizcarra\/PRESSENZA Pie de foto, Entre las personas esclavizadas hab\u00eda ni\u00f1os y mayores. Condiciones de trabajo \u00abinfrahumanas\u00bb, sin agua potable, luz y saneamiento. Jornadas laborales de m\u00e1s de 10 horas sin contratos ni seguridad social. Hacinamiento. Trabajo infantil. Mutilaciones por el uso inseguro de maquinaria [&hellip;]<\/p>\n","protected":false},"author":1,"featured_media":4204,"comment_status":"closed","ping_status":"closed","sticky":false,"template":"","format":"standard","meta":[],"categories":[13],"tags":[],"_links":{"self":[{"href":"http:\/\/nuevacordoba.net\/index.php\/wp-json\/wp\/v2\/posts\/4203"}],"collection":[{"href":"http:\/\/nuevacordoba.net\/index.php\/wp-json\/wp\/v2\/posts"}],"about":[{"href":"http:\/\/nuevacordoba.net\/index.php\/wp-json\/wp\/v2\/types\/post"}],"author":[{"embeddable":true,"href":"http:\/\/nuevacordoba.net\/index.php\/wp-json\/wp\/v2\/users\/1"}],"replies":[{"embeddable":true,"href":"http:\/\/nuevacordoba.net\/index.php\/wp-json\/wp\/v2\/comments?post=4203"}],"version-history":[{"count":0,"href":"http:\/\/nuevacordoba.net\/index.php\/wp-json\/wp\/v2\/posts\/4203\/revisions"}],"wp:featuredmedia":[{"embeddable":true,"href":"http:\/\/nuevacordoba.net\/index.php\/wp-json\/wp\/v2\/media\/4204"}],"wp:attachment":[{"href":"http:\/\/nuevacordoba.net\/index.php\/wp-json\/wp\/v2\/media?parent=4203"}],"wp:term":[{"taxonomy":"category","embeddable":true,"href":"http:\/\/nuevacordoba.net\/index.php\/wp-json\/wp\/v2\/categories?post=4203"},{"taxonomy":"post_tag","embeddable":true,"href":"http:\/\/nuevacordoba.net\/index.php\/wp-json\/wp\/v2\/tags?post=4203"}],"curies":[{"name":"wp","href":"https:\/\/api.w.org\/{rel}","templated":true}]}}