{"id":42034,"date":"2024-03-13T13:47:19","date_gmt":"2024-03-13T13:47:19","guid":{"rendered":"https:\/\/www.checkinmag.com\/?p=3393"},"modified":"2024-03-13T13:47:19","modified_gmt":"2024-03-13T13:47:19","slug":"scioli-y-yanina-martinez-encabezaron-la-primera-reunion-del-ano-del-cft","status":"publish","type":"post","link":"http:\/\/nuevacordoba.net\/index.php\/2024\/03\/13\/scioli-y-yanina-martinez-encabezaron-la-primera-reunion-del-ano-del-cft\/","title":{"rendered":"Scioli y Yanina Mart\u00ednez encabezaron la primera reuni\u00f3n del a\u00f1o del CFT"},"content":{"rendered":"<p><strong>Con la participaci\u00f3n de los m\u00e1ximos representantes de turismo de todas las regiones tur\u00edsticas del pa\u00eds, se llev\u00f3 a cabo el CFT en C\u00f3rdoba, donde fueron elegidas sus nuevas autoridades.<\/strong><\/p>\n<p>La 165\u00aa Asamblea del Consejo Federal de Turismo se realiz\u00f3 en C\u00f3rdoba con la presencia del secretario de Turismo, Ambiente y Deportes, Daniel Scioli; la subsecretaria de Turismo, Yanina Mart\u00ednez; la vicegobernadora Myrian Prunotto; el presidente de la Agencia C\u00f3rdoba Turismo, Dar\u00edo Capitani; y las m\u00e1ximas autoridades del \u00e1rea de todas las regiones del pa\u00eds.<\/p>\n<p>Tambi\u00e9n hizo parte de la Asamblea el subsecretario de Turismo de la Ciudad de C\u00f3rdoba, Marcelo Valdomero. Por la lluvia intensa que complic\u00f3 los traslados, algunos de los ministros y secretarios participaron del encuentro de manera virtual.<\/p>\n<p>En ese contexto, Scioli manifest\u00f3: \u201cEl objetivo de esta gesti\u00f3n es que aumente el turismo receptivo: nuestro gran desaf\u00edo es romper la estacionalidad. Tenemos que tener la cabeza abierta para poder recibir inversiones en materia deportiva y tur\u00edstica, desarrollando todo el potencial de cada provincia para que puedan ser sede de grandes eventos que permitan generar ingreso de turistas y movilicen las econom\u00edas regionales de cada rinc\u00f3n del pa\u00eds\u201d.<\/p>\n<p>\u201cEsta asamblea ser\u00e1 la gu\u00eda de trabajo para todos los objetivos que tengamos en materia de turismo, tenemos la gran oportunidad de hacer algo hist\u00f3rico y no tengo dudas de que lo vamos&nbsp;a&nbsp;lograr\u201d, puntualiz\u00f3.<\/p>\n<p>En tanto, la subsecretaria Mart\u00ednez se\u00f1al\u00f3: \u201cLa actividad tur\u00edstica tiene que estar al servicio del crecimiento y desarrollo de cada una de las provincias. Hay que trabajar todos juntos para dejar plasmada la pol\u00edtica federal de turismo y que sea la bandera de la Argentina la que nos lleve a lograr los objetivos y el fin com\u00fan, que es el bienestar general\u201d.<\/p>\n<figure class=\"wp-block-gallery has-nested-images columns-default is-cropped wp-block-gallery-1 is-layout-flex wp-block-gallery-is-layout-flex\">\n<figure class=\"wp-block-image size-large\"><img loading=\"lazy\" fetchpriority=\"high\" decoding=\"async\" width=\"1024\" height=\"709\" data-id=\"3394\" src=\"http:\/\/nuevacordoba.net\/wp-content\/uploads\/2024\/03\/scioli-y-yanina-martinez-encabezaron-la-primera-reunion-del-ano-del-cft.jpg\" alt class=\"wp-image-3394\" srcset=\"http:\/\/nuevacordoba.net\/wp-content\/uploads\/2024\/03\/scioli-y-yanina-martinez-encabezaron-la-primera-reunion-del-ano-del-cft.jpg 1024w, http:\/\/nuevacordoba.net\/wp-content\/uploads\/2024\/03\/scioli-y-yanina-martinez-encabezaron-la-primera-reunion-del-ano-del-cft-2.jpg 300w, http:\/\/nuevacordoba.net\/wp-content\/uploads\/2024\/03\/scioli-y-yanina-martinez-encabezaron-la-primera-reunion-del-ano-del-cft-3.jpg 768w, http:\/\/nuevacordoba.net\/wp-content\/uploads\/2024\/03\/scioli-y-yanina-martinez-encabezaron-la-primera-reunion-del-ano-del-cft-4.jpg 1536w, http:\/\/nuevacordoba.net\/wp-content\/uploads\/2024\/03\/scioli-y-yanina-martinez-encabezaron-la-primera-reunion-del-ano-del-cft-5.jpg 2048w, http:\/\/nuevacordoba.net\/wp-content\/uploads\/2024\/03\/scioli-y-yanina-martinez-encabezaron-la-primera-reunion-del-ano-del-cft-6.jpg 606w, http:\/\/nuevacordoba.net\/wp-content\/uploads\/2024\/03\/scioli-y-yanina-martinez-encabezaron-la-primera-reunion-del-ano-del-cft-7.jpg 640w, http:\/\/nuevacordoba.net\/wp-content\/uploads\/2024\/03\/scioli-y-yanina-martinez-encabezaron-la-primera-reunion-del-ano-del-cft-8.jpg 681w\" sizes=\"(max-width: 1024px) 100vw, 1024px\"><\/figure>\n<figure class=\"wp-block-image size-large\"><img loading=\"lazy\" decoding=\"async\" width=\"1024\" height=\"695\" data-id=\"3396\" src=\"http:\/\/nuevacordoba.net\/wp-content\/uploads\/2024\/03\/scioli-y-yanina-martinez-encabezaron-la-primera-reunion-del-ano-del-cft-1.jpg\" alt class=\"wp-image-3396\" srcset=\"http:\/\/nuevacordoba.net\/wp-content\/uploads\/2024\/03\/scioli-y-yanina-martinez-encabezaron-la-primera-reunion-del-ano-del-cft-1.jpg 1024w, http:\/\/nuevacordoba.net\/wp-content\/uploads\/2024\/03\/scioli-y-yanina-martinez-encabezaron-la-primera-reunion-del-ano-del-cft-9.jpg 300w, http:\/\/nuevacordoba.net\/wp-content\/uploads\/2024\/03\/scioli-y-yanina-martinez-encabezaron-la-primera-reunion-del-ano-del-cft-10.jpg 768w, http:\/\/nuevacordoba.net\/wp-content\/uploads\/2024\/03\/scioli-y-yanina-martinez-encabezaron-la-primera-reunion-del-ano-del-cft-11.jpg 1536w, http:\/\/nuevacordoba.net\/wp-content\/uploads\/2024\/03\/scioli-y-yanina-martinez-encabezaron-la-primera-reunion-del-ano-del-cft-12.jpg 2048w, http:\/\/nuevacordoba.net\/wp-content\/uploads\/2024\/03\/scioli-y-yanina-martinez-encabezaron-la-primera-reunion-del-ano-del-cft-13.jpg 619w, http:\/\/nuevacordoba.net\/wp-content\/uploads\/2024\/03\/scioli-y-yanina-martinez-encabezaron-la-primera-reunion-del-ano-del-cft-14.jpg 640w, http:\/\/nuevacordoba.net\/wp-content\/uploads\/2024\/03\/scioli-y-yanina-martinez-encabezaron-la-primera-reunion-del-ano-del-cft-15.jpg 681w\" sizes=\"(max-width: 1024px) 100vw, 1024px\"><\/figure>\n<\/figure>\n<p>Adem\u00e1s, destac\u00f3 \u201cla incorporaci\u00f3n del turismo a Cuota Simple, alcanzada por la insistencia del secretario Scioli, que permiti\u00f3 que en el feriado de carnavales aumente la ocupaci\u00f3n de la temporada, con un movimiento total de 2.600.000 personas durante ese fin de semana largo. A la vez, ya hay buenos n\u00fameros para Semana Santa, con un 90 por ciento de ocupaci\u00f3n en los vuelos de Aerol\u00edneas Argentinas\u201d.<\/p>\n<p>Por su parte, el presidente de la C\u00e1mara Argentina de Turismo (CAT), Gustavo Hani, destac\u00f3 el trabajo conjunto de los sectores p\u00fablico y privado \u201cdesde el primer momento de esta gesti\u00f3n, para analizar las problem\u00e1ticas y avanzar en la b\u00fasqueda de soluciones\u201d y expres\u00f3 la satisfacci\u00f3n de la entidad que encabeza por el calendario de ferias internacionales previsto para 2024, \u201cque super\u00f3 las expectativas iniciales\u201d.<\/p>\n<p>Durante la Asamblea, fueron elegidos el nuevo presidente del CFT, Valent\u00edn D\u00edaz Gilligan (Ciudad Aut\u00f3noma de Buenos Aires), y los representantes ante el Instituto de Calidad Tur\u00edstica Argentina (ICTA). Tambi\u00e9n fueron ratificados los representantes ante el Instituto Nacional de Promoci\u00f3n Tur\u00edstica (INPROTUR).<\/p>\n<p>El temario incluy\u00f3 la presentaci\u00f3n de los planes de promoci\u00f3n tur\u00edstica nacional e internacional para 2024, la organizaci\u00f3n de la agenda de trabajo del a\u00f1o y un balance de las acciones realizadas en 2023.<\/p>\n<p>Por otra parte, se llev\u00f3 adelante una exposici\u00f3n del presidente de la Federaci\u00f3n Argentina de Asociaciones de Empresas de Viajes y Turismo (FAEVYT), Andr\u00e9s Dey\u00e1, sobre el Registro Nacional de Agencias de Viajes, y otra de la secretaria ejecutiva del INPROTUR, Natalia Recio; y el director de Mercados, Oscar Su\u00e1rez, sobre el Plan de Acciones de Promoci\u00f3n Tur\u00edstica Internacional 2024.<\/p>\n<p>Adem\u00e1s, se realiz\u00f3 una presentaci\u00f3n sobre \u201cAdhesi\u00f3n al C\u00f3digo Internacional para la Protecci\u00f3n de los Turistas\u201d, la convocatoria de precandidaturas para el Best Tourism Villages 2024 y la difusi\u00f3n del Reto de Innovaci\u00f3n en Proyectos Verdes de ONU Turismo. Asimismo, la directora de Relaciones Internacionales de la Subsecretar\u00eda de Turismo, Ana Garc\u00eda Allievi, analiz\u00f3 la importancia de la innovaci\u00f3n en el turismo.<\/p>\n<p>En otro segmento de la Asamblea, el director nacional de Marketing y Promoci\u00f3n Tur\u00edstica, Pablo Cagnoni, present\u00f3 el Plan de Promoci\u00f3n Tur\u00edstica Nacional 2024; en tanto que la directora nacional de Calidad e Innovaci\u00f3n Tur\u00edstica, In\u00e9s Guaita, y el director nacional de Desarrollo, Cr\u00e9ditos e Inversiones Tur\u00edsticas, Gustavo Casenave, expusieron sobre \u201cEstrategia de Actualizaci\u00f3n del PFETS \u2013 Plan Federal Estrat\u00e9gico de Turismo Sustentable\u201d.<\/p>\n<p>Por \u00faltimo, se defini\u00f3&nbsp; que la pr\u00f3xima asamblea del CFT ser\u00e1 el 25 de abril en la ciudad Aut\u00f3noma de Buenos Aires.<\/p>\n<p><a href=\"http:\/\/www.turismo.gob.ar\" data-type=\"link\" data-id=\"www.turismo.gob.ar\">www.turismo.gob.ar<\/a><\/p>\n","protected":false},"excerpt":{"rendered":"<p>Con la participaci\u00f3n de los m\u00e1ximos representantes de turismo de todas las regiones tur\u00edsticas del pa\u00eds, se llev\u00f3 a cabo el CFT en C\u00f3rdoba, donde fueron elegidas sus nuevas autoridades. La 165\u00aa Asamblea del Consejo Federal de Turismo se realiz\u00f3 en C\u00f3rdoba con la presencia del secretario de Turismo, Ambiente y Deportes, Daniel Scioli; la [&hellip;]<\/p>\n","protected":false},"author":1,"featured_media":42035,"comment_status":"closed","ping_status":"closed","sticky":false,"template":"","format":"standard","meta":[],"categories":[11],"tags":[],"_links":{"self":[{"href":"http:\/\/nuevacordoba.net\/index.php\/wp-json\/wp\/v2\/posts\/42034"}],"collection":[{"href":"http:\/\/nuevacordoba.net\/index.php\/wp-json\/wp\/v2\/posts"}],"about":[{"href":"http:\/\/nuevacordoba.net\/index.php\/wp-json\/wp\/v2\/types\/post"}],"author":[{"embeddable":true,"href":"http:\/\/nuevacordoba.net\/index.php\/wp-json\/wp\/v2\/users\/1"}],"replies":[{"embeddable":true,"href":"http:\/\/nuevacordoba.net\/index.php\/wp-json\/wp\/v2\/comments?post=42034"}],"version-history":[{"count":0,"href":"http:\/\/nuevacordoba.net\/index.php\/wp-json\/wp\/v2\/posts\/42034\/revisions"}],"wp:featuredmedia":[{"embeddable":true,"href":"http:\/\/nuevacordoba.net\/index.php\/wp-json\/wp\/v2\/media\/42035"}],"wp:attachment":[{"href":"http:\/\/nuevacordoba.net\/index.php\/wp-json\/wp\/v2\/media?parent=42034"}],"wp:term":[{"taxonomy":"category","embeddable":true,"href":"http:\/\/nuevacordoba.net\/index.php\/wp-json\/wp\/v2\/categories?post=42034"},{"taxonomy":"post_tag","embeddable":true,"href":"http:\/\/nuevacordoba.net\/index.php\/wp-json\/wp\/v2\/tags?post=42034"}],"curies":[{"name":"wp","href":"https:\/\/api.w.org\/{rel}","templated":true}]}}