{"id":4211,"date":"2021-05-07T17:30:31","date_gmt":"2021-05-07T17:30:31","guid":{"rendered":"https:\/\/puntoapunto.com.ar\/?p=277307"},"modified":"2021-05-07T17:30:31","modified_gmt":"2021-05-07T17:30:31","slug":"la-actividad-metalurgica-compenso-las-perdidas-de-la-pandemia-y-recupero-el-nivel-de-2019","status":"publish","type":"post","link":"http:\/\/nuevacordoba.net\/index.php\/2021\/05\/07\/la-actividad-metalurgica-compenso-las-perdidas-de-la-pandemia-y-recupero-el-nivel-de-2019\/","title":{"rendered":"La actividad metal\u00fargica compens\u00f3 las p\u00e9rdidas de la pandemia y recuper\u00f3 el nivel de 2019"},"content":{"rendered":"<p><!-- image --><\/p>\n<div class=\"td-post-featured-image\"><a href=\"http:\/\/nuevacordoba.net\/wp-content\/uploads\/2021\/05\/la-actividad-metalurgica-compenso-las-perdidas-de-la-pandemia-y-recupero-el-nivel-de-2019-5.jpg\" data-caption><img loading=\"lazy\" width=\"696\" height=\"406\" class=\"entry-thumb td-modal-image\" src=\"http:\/\/nuevacordoba.net\/wp-content\/uploads\/2021\/05\/la-actividad-metalurgica-compenso-las-perdidas-de-la-pandemia-y-recupero-el-nivel-de-2019.jpg\" srcset=\"http:\/\/nuevacordoba.net\/wp-content\/uploads\/2021\/05\/la-actividad-metalurgica-compenso-las-perdidas-de-la-pandemia-y-recupero-el-nivel-de-2019.jpg 696w, http:\/\/nuevacordoba.net\/wp-content\/uploads\/2021\/05\/la-actividad-metalurgica-compenso-las-perdidas-de-la-pandemia-y-recupero-el-nivel-de-2019-1.jpg 300w, http:\/\/nuevacordoba.net\/wp-content\/uploads\/2021\/05\/la-actividad-metalurgica-compenso-las-perdidas-de-la-pandemia-y-recupero-el-nivel-de-2019-2.jpg 768w, http:\/\/nuevacordoba.net\/wp-content\/uploads\/2021\/05\/la-actividad-metalurgica-compenso-las-perdidas-de-la-pandemia-y-recupero-el-nivel-de-2019-3.jpg 150w, http:\/\/nuevacordoba.net\/wp-content\/uploads\/2021\/05\/la-actividad-metalurgica-compenso-las-perdidas-de-la-pandemia-y-recupero-el-nivel-de-2019-4.jpg 720w, http:\/\/nuevacordoba.net\/wp-content\/uploads\/2021\/05\/la-actividad-metalurgica-compenso-las-perdidas-de-la-pandemia-y-recupero-el-nivel-de-2019-5.jpg 960w\" sizes=\"(max-width: 696px) 100vw, 696px\" alt title=\"industria\"><\/a><\/div>\n<p> <!-- content --><\/p>\n<div class=\"td-a-rec td-a-rec-id-content_top tdi_73_dd9 td_block_template_10\">\n<div class=\"g g-34\">\n<div class=\"g-single a-299\"><a class=\"gofollow\" data-track=\"Mjk5LDM0LDEsNjA=\" href=\"http:\/\/www.grupocanter.com.ar\/landing\/blanqueo\/pap\/?utm_source=Punto%20a%20Punto&amp;utm_medium=Banners&amp;utm_campaign=Blanqueo&amp;utm_term=950x187\"><img src=\"http:\/\/nuevacordoba.net\/wp-content\/uploads\/2021\/05\/la-actividad-metalurgica-compenso-las-perdidas-de-la-pandemia-y-recupero-el-nivel-de-2019.gif\"><\/a><\/div>\n<\/div>\n<\/div>\n<p>La <strong>actividad metal\u00fargica mostr\u00f3 en marzo un crecimiento del<\/strong>&nbsp;<strong>24,9%<\/strong>&nbsp;en relaci\u00f3n con el mismo mes del a\u00f1o pasado, cuyos \u00faltimos doce d\u00edas estuvieron signados por el inicio del aislamiento <a href=\"https:\/\/puntoapunto.com.ar\/tag\/social\/\" class=\"st_tag internal_tag\" rel=\"tag\" title=\"Posts tagged with social\">social<\/a>, y de esta manera equipar\u00f3 el nivel alcanzado en marzo de&nbsp;<strong>2019.<\/strong><\/p>\n<p>La informaci\u00f3n fue dada a conocer por la&nbsp;<strong>Asociaci\u00f3n de Industriales Metal\u00fargicos de la Rep\u00fablica Argentina<\/strong>&nbsp;(ADIMRA), que a su vez destac\u00f3 que el sector ya acumula siete meses consecutivos de crecimiento, en una serie que comenz\u00f3 con la flexibilizaci\u00f3n de las restricciones dispuestas en la segunda mitad de&nbsp;<strong>2020.<\/strong><\/p>\n<p>Asimismo, el nivel de empleo registr\u00f3 un aumento de&nbsp;<strong>2,3%<\/strong>&nbsp;con relaci\u00f3n al mismo mes de&nbsp;<strong>2020<\/strong>&nbsp;y acumula un crecimiento de&nbsp;<strong>1,4%<\/strong>&nbsp;en lo que va del a\u00f1o, en tanto s\u00f3lo el&nbsp;<strong>22%<\/strong>&nbsp;de las empresas manifest\u00f3 haber recurrido a la reducci\u00f3n de la cantidad de horas extras, el menor porcentaje de los \u00faltimos dos a\u00f1os.<\/p>\n<p>En relaci\u00f3n con el nivel de empleo, no se observan grandes cambios con relaci\u00f3n al trimestre anterior, teniendo en cuenta que se mantiene el&nbsp;<strong>38%<\/strong>&nbsp;de las empresas que prev\u00e9 un aumento en su plantilla de personal, mientras que solamente el&nbsp;<strong>20%<\/strong>&nbsp;de los empresarios espera una disminuci\u00f3n en el nivel de empleo.<\/p>\n<p><img loading=\"lazy\" class=\" jch-lazyloaded\" src=\"http:\/\/nuevacordoba.net\/wp-content\/uploads\/2021\/05\/la-actividad-metalurgica-compenso-las-perdidas-de-la-pandemia-y-recupero-el-nivel-de-2019.png\" alt=\"adimra3\" width=\"1000\" height=\"399\" data-src=\"http:\/\/nuevacordoba.net\/wp-content\/uploads\/2021\/05\/la-actividad-metalurgica-compenso-las-perdidas-de-la-pandemia-y-recupero-el-nivel-de-2019.png\"><\/p>\n<p>ADIMRA admiti\u00f3 que la mejora&nbsp;<strong>\u201cest\u00e1 vinculada principalmente a que en marzo del a\u00f1o pasado las empresas no hab\u00edan operado durante los \u00faltimos d\u00edas del mes\u201d<\/strong>, al tiempo que destac\u00f3 que en la comparaci\u00f3n mensual desestacionalizada hubo un crecimiento del&nbsp;<strong>0,7%<\/strong>&nbsp;respecto de febrero.<\/p>\n<p>Con el restablecimiento parcial de las restricciones, la entidad advirti\u00f3 que&nbsp;<strong>\u201cla producci\u00f3n de los pr\u00f3ximos meses estar\u00e1 parcialmente influenciada por lo que suceda en el marco del COVID-19\u201d<\/strong>&nbsp;y en ese sentido realiz\u00f3 un relevamiento que concluy\u00f3 que<strong>&nbsp;\u201cel 43% de los empresarios prev\u00e9 un aumento en su producci\u00f3n, pero el 12% espera una ca\u00edda\u201d<\/strong>.<\/p>\n<p>En cuanto a las expectativas de producci\u00f3n por regi\u00f3n, la provincia m\u00e1s optimista fue Mendoza, donde el&nbsp;<strong>75%<\/strong>&nbsp;de los empresarios prev\u00e9 un aumento en la actividad. En Santa Fe el porcentaje de visi\u00f3n positiva es de&nbsp;<strong>52%,<\/strong>&nbsp;mientras que en Buenos Aires (incluyendo CABA en la medici\u00f3n), el&nbsp;<strong>41%<\/strong>&nbsp;de los empresarios cree que la producci\u00f3n aumentar\u00e1. La provincia menos optimista fue C\u00f3rdoba donde el&nbsp;<strong>30%<\/strong>&nbsp;de los empresarios espera un aumento en la actividad.<\/p>\n<p><img loading=\"lazy\" class=\" jch-lazyloaded\" src=\"http:\/\/nuevacordoba.net\/wp-content\/uploads\/2021\/05\/la-actividad-metalurgica-compenso-las-perdidas-de-la-pandemia-y-recupero-el-nivel-de-2019-1.png\" alt=\"adimra4\" width=\"1000\" height=\"490\" data-src=\"http:\/\/nuevacordoba.net\/wp-content\/uploads\/2021\/05\/la-actividad-metalurgica-compenso-las-perdidas-de-la-pandemia-y-recupero-el-nivel-de-2019-1.png\"><\/p>\n<p>Las provincias que registraron los mayores incrementos en t\u00e9rminos interanuales fueron&nbsp;<strong>C\u00f3rdoba<\/strong>&nbsp;(+35,3%),&nbsp;<strong>Santa Fe<\/strong>&nbsp;(+32,8%) y&nbsp;<strong>Entre R\u00edos<\/strong>&nbsp;(+19,7%). Si bien&nbsp;<strong>Buenos Aires<\/strong>&nbsp;(+25,3%) y&nbsp;<strong>Mendoza<\/strong>&nbsp;(+17,7%) tambi\u00e9n tuvieron incrementos,&nbsp;<strong>ADIMRA<\/strong>&nbsp;se\u00f1al\u00f3 que ambas provincias&nbsp;<strong>\u201cno logran recuperar lo perdido en marzo de 2020 y se mantienen por debajo de los niveles de 2019\u201d<\/strong>.<\/p>\n<p>Asimismo, remarc\u00f3 las diferencias entre las subregiones, ya que&nbsp;<strong>\u201cel AMBA present\u00f3 un aumento de 27,6% <a href=\"https:\/\/puntoapunto.com.ar\/tag\/interanual\/\" class=\"st_tag internal_tag\" rel=\"tag\" title=\"Posts tagged with interanual\">interanual<\/a>, mientras que en el interior de la provincia el crecimiento fue de 19,5% con relaci\u00f3n a marzo de 2020\u201d<\/strong>.<\/p>\n<p>A nivel sectorial, tambi\u00e9n se registr\u00f3 una recuperaci\u00f3n entre los principales rubros, con alzas del&nbsp;<strong>43,1%<\/strong>&nbsp;en el nivel de producci\u00f3n de Fundici\u00f3n. Por otro lado, los rubros de&nbsp;<strong>Equipamiento m\u00e9dico<\/strong>&nbsp;(+11,5%),<strong>&nbsp;Equipos y aparatos el\u00e9ctricos<\/strong>&nbsp;(+16,4%) y<strong>&nbsp;Bienes de capital<\/strong>&nbsp;(16,9%) tambi\u00e9n presentaron aumentos en sus niveles de actividad, pero a\u00fan no logran recuperar lo perdido en&nbsp;<strong>2020.<\/strong><\/p>\n<p>El sector de&nbsp;<strong>Autopartes<\/strong>&nbsp;(+31,6%) mantiene un crecimiento sostenido desde su recuperaci\u00f3n en octubre de&nbsp;<strong>2020.<\/strong>&nbsp;Asimismo, los sectores de&nbsp;<strong>Maquinaria agr\u00edcola<\/strong>&nbsp;(+29,1%) y&nbsp;<strong>Carrocer\u00edas y remolques<\/strong>&nbsp;(+8,7%) contin\u00faan con una tendencia de crecimiento presentando fuertes incrementos interanuales.<\/p>\n<p>No tags for this post. <!-- A generated by theme --> <!-- end A --> <\/p>\n","protected":false},"excerpt":{"rendered":"<p>La actividad metal\u00fargica mostr\u00f3 en marzo un crecimiento del&nbsp;24,9%&nbsp;en relaci\u00f3n con el mismo mes del a\u00f1o pasado, cuyos \u00faltimos doce d\u00edas estuvieron signados por el inicio del aislamiento social, y de esta manera equipar\u00f3 el nivel alcanzado en marzo de&nbsp;2019. La informaci\u00f3n fue dada a conocer por la&nbsp;Asociaci\u00f3n de Industriales Metal\u00fargicos de la Rep\u00fablica Argentina&nbsp;(ADIMRA), [&hellip;]<\/p>\n","protected":false},"author":1,"featured_media":4212,"comment_status":"open","ping_status":"closed","sticky":false,"template":"","format":"standard","meta":[],"categories":[14],"tags":[],"_links":{"self":[{"href":"http:\/\/nuevacordoba.net\/index.php\/wp-json\/wp\/v2\/posts\/4211"}],"collection":[{"href":"http:\/\/nuevacordoba.net\/index.php\/wp-json\/wp\/v2\/posts"}],"about":[{"href":"http:\/\/nuevacordoba.net\/index.php\/wp-json\/wp\/v2\/types\/post"}],"author":[{"embeddable":true,"href":"http:\/\/nuevacordoba.net\/index.php\/wp-json\/wp\/v2\/users\/1"}],"replies":[{"embeddable":true,"href":"http:\/\/nuevacordoba.net\/index.php\/wp-json\/wp\/v2\/comments?post=4211"}],"version-history":[{"count":0,"href":"http:\/\/nuevacordoba.net\/index.php\/wp-json\/wp\/v2\/posts\/4211\/revisions"}],"wp:featuredmedia":[{"embeddable":true,"href":"http:\/\/nuevacordoba.net\/index.php\/wp-json\/wp\/v2\/media\/4212"}],"wp:attachment":[{"href":"http:\/\/nuevacordoba.net\/index.php\/wp-json\/wp\/v2\/media?parent=4211"}],"wp:term":[{"taxonomy":"category","embeddable":true,"href":"http:\/\/nuevacordoba.net\/index.php\/wp-json\/wp\/v2\/categories?post=4211"},{"taxonomy":"post_tag","embeddable":true,"href":"http:\/\/nuevacordoba.net\/index.php\/wp-json\/wp\/v2\/tags?post=4211"}],"curies":[{"name":"wp","href":"https:\/\/api.w.org\/{rel}","templated":true}]}}