{"id":4232,"date":"2021-05-08T14:17:02","date_gmt":"2021-05-08T14:17:02","guid":{"rendered":"http:\/\/nuevacordoba.net\/index.php\/2021\/05\/08\/la-segunda-paliza-de-monzon-a-benvenuti\/"},"modified":"2021-05-08T14:17:02","modified_gmt":"2021-05-08T14:17:02","slug":"la-segunda-paliza-de-monzon-a-benvenuti","status":"publish","type":"post","link":"http:\/\/nuevacordoba.net\/index.php\/2021\/05\/08\/la-segunda-paliza-de-monzon-a-benvenuti\/","title":{"rendered":"La segunda paliza de Monz\u00f3n a Benvenuti"},"content":{"rendered":"<div class=\"image\" id=\"image\" readability=\"8\"> <img src=\"http:\/\/nuevacordoba.net\/wp-content\/uploads\/2021\/05\/la-segunda-paliza-de-monzon-a-benvenuti.jpg\" alt=\"Monz\u00f3n - Benvenutti, a 50 a\u00f1os de la revancha en Roma (foto archivo)\" title=\"Monz\u00f3n - Benvenutti, a 50 a\u00f1os de la revancha en Roma (foto archivo)\"><\/p>\n<p>Monz\u00f3n &#8211; Benvenutti, a 50 a\u00f1os de la revancha en Roma (foto archivo)<\/p>\n<\/div>\n<p>Hace medio siglo el santafesino Carlos Monz\u00f3n consolidaba su etapa de pleno ascenso camino de su brillante ciclo como campe\u00f3n mundial de peso mediano, cuando en menos de tres rounds defini\u00f3 la revancha con el italiano Nino Benvenuti en el estadio Louis II de Montecarlo, principado de M\u00f3naco.<\/p>\n<p>En rigor, Monz\u00f3n se perfilaba como amplio favorito para refrendar la superioridad que hab\u00eda establecido al momento de destronar a Benvenuti, el 7 de noviembre de 1970 en el Palazzo dello Sport de Roma (nocaut absoluto en la duod\u00e9cima vuelta), pero persist\u00edan a\u00fan ciertas dudas acerca de su verdadera jerarqu\u00eda y la velada sospecha de que ser\u00eda el suyo un reinado fugaz.<\/p>\n<p>Fuera de esas reservas, daba toda la sensaci\u00f3n de que el italiano jam\u00e1s regresar\u00eda del ocaso, por la propia derrota ante Monz\u00f3n y por su estrepitoso fracaso en un combate preparatorio, con otro argentino, el porte\u00f1o Jorge Roberto Chirino, que el 17 de marzo de ese 1971 le hab\u00eda dado una tunda en Bologna con la recompensa de una victoria por decisi\u00f3n.<\/p>\n<p>Por cierto: seg\u00fan las reglas t\u00e1citas de este tiempo, un retador al t\u00edtulo mundial declinar\u00eda subir al ring a menos de 50 d\u00edas de un compromiso titular y ante la eventualidad de una derrota dif\u00edcilmente pudiera mantener su condici\u00f3n de aspirante.<\/p>\n<div class=\"image\" id=\"image\" readability=\"8\"> <img src=\"http:\/\/nuevacordoba.net\/wp-content\/uploads\/2021\/05\/la-segunda-paliza-de-monzon-a-benvenuti-1.jpg\" alt=\"El santafesino puso fin a los deseos de Benvenutti de recuperar el cintur\u00f3n de campe\u00f3n del mundo de los medianos (foto archivo) \" title=\"El santafesino puso fin a los deseos de Benvenutti de recuperar el cintur\u00f3n de campe\u00f3n del mundo de los medianos (foto archivo) \"><\/p>\n<p>El santafesino puso fin a los deseos de Benvenutti de recuperar el cintur\u00f3n de campe\u00f3n del mundo de los medianos (foto archivo) <\/p>\n<\/div>\n<p>Pero eran aquellas \u00e9pocas de una din\u00e1mica diferente de la de hoy, en su momento se hab\u00eda firmado una cl\u00e1usula de defensa obligatoria (formal, desde luego, por cuanto a la hora de enfrentarse en Roma pocos hab\u00edan apostado al triunfo de Monz\u00f3n sobre Benvenuti) y el s\u00e1bado 8 de mayo de 1971 se formaliz\u00f3 el desquite.<\/p>\n<p>Monz\u00f3n llegaba con tres \u00e9xitos en serie en sendos compromisos fuera de t\u00edtulo y los tres resueltos de forma categ\u00f3rica en el segundo round: en diciembre del 70 con Charley Austin, en febrero del 71 con Domingo Guerrero y en marzo con Roy Lee).<\/p>\n<p>Pudo haber sido el cuarto fuera de combate al hilo en la segunda vuelta, pero la revancha termin\u00f3 al minuto y cinco segundos de la tercera, cuando Benvenuti cay\u00f3 dos veces, su entrenador Bruno Amaduzzi lanz\u00f3 la toalla y el juez argentino V\u00edctor Avenda\u00f1o convalid\u00f3 el abandono.<\/p>\n<p>Esa noche de la que hoy se cumplen 50 a\u00f1os sell\u00f3 el destino deportivo de cada quien (a los pocos d\u00edas Benvenuti anunci\u00f3 que colgaba los guantes y Monz\u00f3n fue monarca mediano hasta julio del 77 inclusive) y asimismo redund\u00f3 en un eslab\u00f3n de los que labr\u00f3 una amistad que incluy\u00f3 una visita al penal de Jun\u00edn despu\u00e9s del femicidio de Alicia Muniz. <\/p>\n","protected":false},"excerpt":{"rendered":"<p>Monz\u00f3n &#8211; Benvenutti, a 50 a\u00f1os de la revancha en Roma (foto archivo) Hace medio siglo el santafesino Carlos Monz\u00f3n consolidaba su etapa de pleno ascenso camino de su brillante ciclo como campe\u00f3n mundial de peso mediano, cuando en menos de tres rounds defini\u00f3 la revancha con el italiano Nino Benvenuti en el estadio Louis [&hellip;]<\/p>\n","protected":false},"author":1,"featured_media":4233,"comment_status":"closed","ping_status":"closed","sticky":false,"template":"","format":"standard","meta":[],"categories":[10],"tags":[],"_links":{"self":[{"href":"http:\/\/nuevacordoba.net\/index.php\/wp-json\/wp\/v2\/posts\/4232"}],"collection":[{"href":"http:\/\/nuevacordoba.net\/index.php\/wp-json\/wp\/v2\/posts"}],"about":[{"href":"http:\/\/nuevacordoba.net\/index.php\/wp-json\/wp\/v2\/types\/post"}],"author":[{"embeddable":true,"href":"http:\/\/nuevacordoba.net\/index.php\/wp-json\/wp\/v2\/users\/1"}],"replies":[{"embeddable":true,"href":"http:\/\/nuevacordoba.net\/index.php\/wp-json\/wp\/v2\/comments?post=4232"}],"version-history":[{"count":0,"href":"http:\/\/nuevacordoba.net\/index.php\/wp-json\/wp\/v2\/posts\/4232\/revisions"}],"wp:featuredmedia":[{"embeddable":true,"href":"http:\/\/nuevacordoba.net\/index.php\/wp-json\/wp\/v2\/media\/4233"}],"wp:attachment":[{"href":"http:\/\/nuevacordoba.net\/index.php\/wp-json\/wp\/v2\/media?parent=4232"}],"wp:term":[{"taxonomy":"category","embeddable":true,"href":"http:\/\/nuevacordoba.net\/index.php\/wp-json\/wp\/v2\/categories?post=4232"},{"taxonomy":"post_tag","embeddable":true,"href":"http:\/\/nuevacordoba.net\/index.php\/wp-json\/wp\/v2\/tags?post=4232"}],"curies":[{"name":"wp","href":"https:\/\/api.w.org\/{rel}","templated":true}]}}