{"id":4256,"date":"2021-05-08T18:56:08","date_gmt":"2021-05-08T18:56:08","guid":{"rendered":"http:\/\/nuevacordoba.net\/index.php\/2021\/05\/08\/moby-hay-que-desmitificar-el-culto-y-la-obsesion-que-existe-en-torno-a-la-fama\/"},"modified":"2021-05-08T18:56:08","modified_gmt":"2021-05-08T18:56:08","slug":"moby-hay-que-desmitificar-el-culto-y-la-obsesion-que-existe-en-torno-a-la-fama","status":"publish","type":"post","link":"http:\/\/nuevacordoba.net\/index.php\/2021\/05\/08\/moby-hay-que-desmitificar-el-culto-y-la-obsesion-que-existe-en-torno-a-la-fama\/","title":{"rendered":"Moby: \u00abHay que desmitificar el culto y la obsesi\u00f3n que existe en torno a la fama\u00bb"},"content":{"rendered":"<div class=\"image\" id=\"image\" readability=\"7\"> <img src=\"http:\/\/nuevacordoba.net\/wp-content\/uploads\/2021\/05\/moby-hay-que-desmitificar-el-culto-y-la-obsesion-que-existe-en-torno-a-la-fama.jpg\" alt=\"Moby realiza un novedoso repaso de su obra en su nuevo trabajo &quot;Reprise&quot;.\" title=\"Moby realiza un novedoso repaso de su obra en su nuevo trabajo &quot;Reprise&quot;.\"><\/p>\n<p>Moby realiza un novedoso repaso de su obra en su nuevo trabajo \u00abReprise\u00bb.<\/p>\n<\/div>\n<p>A casi tres d\u00e9cadas de su debut discogr\u00e1fico y a poco m\u00e1s de 20 a\u00f1os de acaparar la atenci\u00f3n del mundillo musical con su exitoso \u00e1lbum \u00abPlay\u00bb, el artista neoyorkino Moby realiza un novedoso repaso de su obra en su nuevo trabajo \u00abReprise\u00bb, al reversionar sus cl\u00e1sicos junto a la sinf\u00f3nica Budapest Art Orchestra y un pu\u00f1ado de figuras invitadas entre las que destacan Gregory Porter, Kris Kristofferson y Mark Lanegan.<\/p>\n<p>El lanzamiento, previsto para el 28 de mayo, ser\u00e1 acompa\u00f1ado de \u00abMoby Doc\u00bb, un surrealista filme biogr\u00e1fico dirigido por Rob Bralver, en el que a trav\u00e9s de distintos recursos narrativos, el compositor relata sin rodeos su dura infancia, su especial conexi\u00f3n con la m\u00fasica y los animales, su temprana fascinaci\u00f3n por el punk rock, su irrupci\u00f3n en la escena electr\u00f3nica, el inesperado suceso mundial, las adicciones y la depresi\u00f3n.<\/p>\n<p>Sin embargo, en ninguno de los dos casos el creador de cl\u00e1sicos como \u00abNatural Blues\u00bb, \u00abGo\u00bb o \u00abWhy Does My Heart Feel So Bad?\u00bb, entre tantos, se vio movilizado por un af\u00e1n retrospectivo, sino que las motivaciones pasaron por afianzar aquellos mensajes que el propio artista asegura querer transmitir en cada aparici\u00f3n p\u00fablica desde sus inicios.<\/p>\n<div class=\"image-right\" readability=\"7\"> <img src=\"http:\/\/nuevacordoba.net\/wp-content\/uploads\/2021\/05\/moby-hay-que-desmitificar-el-culto-y-la-obsesion-que-existe-en-torno-a-la-fama-1.jpg\" alt=\"El lanzamiento del nuevo disco ser\u00e1 acompa\u00f1ado de &quot;Moby Doc&quot;.\" title=\"El lanzamiento del nuevo disco ser\u00e1 acompa\u00f1ado de &quot;Moby Doc&quot;.\"><\/p>\n<p>El lanzamiento del nuevo disco ser\u00e1 acompa\u00f1ado de \u00abMoby Doc\u00bb.<\/p>\n<\/div>\n<p>\u00abLa idea fue la misma que tengo siempre en cada pieza musical en la que trabajo: usar la m\u00fasica como una forma de comunicar emociones\u00bb, resumi\u00f3 Moby en una charla telef\u00f3nica con T\u00e9lam, al referirse a su nuevo disco; en tanto que respecto al documental puntualiz\u00f3 que la b\u00fasqueda central apunt\u00f3 a \u00abdesmitificar el culto y la obsesi\u00f3n que existe en torno a la fama\u00bb.<\/p>\n<p>\u00abLos artistas deben usar sus plataformas para llamar la atenci\u00f3n de su audiencia sobre los problemas que preocupan, como el cuidado del medio ambiente o la defensa del derecho de los animales. Es una herramienta muy poderosa. Hay figuras que la usan solo para hacer m\u00e1s dinero o para ser m\u00e1s famosos. Se pueden hacer cosas m\u00e1s importantes que esas\u00bb, sentenci\u00f3 el m\u00fasico desde Nueva York.<\/p>\n<p>En tal sentido, as\u00ed como \u00abReprise\u00bb, con una orquesta sinf\u00f3nica y voces reales reemplazando lo que en sus versiones originales hab\u00eda sido abordado con sintetizadores y samplers, da nueva vida a viejas composiciones; \u00abMoby Doc\u00bb se concentra en transmitir las ense\u00f1anzas adquiridas y en ratificar el compromiso del artista con la tem\u00e1tica ambiental y los derechos de los animales.<\/p>\n<p>Para ello, el realizador Bralver opt\u00f3 por atemperar la crudeza y honestidad del relato de Moby sobre distintos sucesos en torno a su vida personal con escenas graciosamente animadas, t\u00edteres, peque\u00f1as performances de sesiones de terapia o representaciones de su infancia con el propio m\u00fasico como protagonista, im\u00e1genes de archivo y una entrevista a cargo del cineasta David Lynch.<\/p>\n<p>En este contexto, el artista nacido bajo el nombre de Richard Melville Hall, que adopt\u00f3 su mote art\u00edstico inspirado en el famoso cet\u00e1ceo surgido de la pluma de su t\u00edo bisabuelo Herman Mellville, brind\u00f3 detalles a esta agencia acerca de \u00abReprise\u00bb y \u00abMoby Doc\u00bb.<\/p>\n<p>\u00abMuchos de mis familiares son de Argentina, as\u00ed que me cri\u00e9 escuchando `espa\u00f1ol argentino\u00b4 pero lamentablemente no lo hablo lo suficientemente bien como para mantener una conversaci\u00f3n\u00bb, se disculp\u00f3 Moby desde un principio, quien adem\u00e1s expres\u00f3 su deseo de venir al pa\u00eds \u00abni bien pase el apocalipsis\u00bb.<\/p>\n<p> <iframe width=\"560\" height=\"315\" src=\"https:\/\/www.youtube.com\/embed\/7pYvm1IRh-w?wmode=transparent&amp;showinfo=0&amp;autohide=1&amp;rel=0\" frameborder=\"0\" allowfullscreen>[embedded content]<\/iframe> <\/p>\n<p>Moby Doc | Official Trailer<\/p>\n<p><strong>T\u00e9lam: \u00bfC\u00f3mo surgi\u00f3 la idea de hacer un disco con estas versiones tan novedosas?<\/strong><br \/>Moby: Surgi\u00f3 con la misma simple idea de siempre de usar la m\u00fasica para comunicar emociones. Para ese fin, nunca me preocup\u00f3 demasiado el g\u00e9nero musical, si era punk, rock, cl\u00e1sica, electr\u00f3nica o folk. Lo novedoso fue hacer un disco de la manera en que nunca trabaj\u00e9, porque generalmente lo hago solo en mi estudio. Esto fue muy distinto porque ac\u00e1 hab\u00eda un coro g\u00f3spel, un cuarteto de cuerdas, una orquesta, diferentes cantantes, ingenieros y un director. Fue completamente diferente a lo que suelo hacer y el proceso fue realmente fascinante. Tuve que escribir para una orquesta y todo ten\u00eda que ser perfecto porque cualquier peque\u00f1a imperfecci\u00f3n enseguida se nota.<\/p>\n<p><strong>T: Siempre hubo un gusto especial por las tradicionales \u00abvoces negras\u00bb en su m\u00fasica, pero aparec\u00edan en samplers. Pareciera que finalmente se dio el gusto de grabar con cantantes de ese estilo.<\/strong><br \/>M: Cuando era muy joven quer\u00eda ser un gran cantante pero me di cuenta de que, si bien no ten\u00eda una mala voz, tampoco ten\u00eda una gran voz, entonces si quer\u00eda tener voces hermosas en mis discos, tendr\u00eda que trabajar con las voces de otras personas. De la misma manera que no tengo lealtad a ning\u00fan g\u00e9nero, tampoco me importa mucho si uso una voz femenina, masculina, actual o vieja. Lo que me importa es c\u00f3mo esa voz me afecta emocionalmente. La versi\u00f3n original de \u00abNatural Blues\u00bb tiene una asombrosa voz de una mujer llamada Vera Hall y la rehice en esta oportunidad con Gregory Porter y Amythyst Kiah y sent\u00ed que hab\u00edan hecho algo diferente pero, en definitiva, igual de maravilloso.<\/p>\n<p><strong>T: \u00bfPor qu\u00e9 eligi\u00f3 en el documental \u00abMoby Doc\u00bb generar una especie de choque entre la honestidad del relato y los artificios visuales utilizados como soportes para ello?<\/strong><br \/>M: Fui jurado en el Festival de Tribeca y en otras competencias, y vi tantos documentales que cuando empezamos a trabajar en este quise lograr dos cosas: ser honesto pero tambi\u00e9n a la vez quer\u00eda que fuera interesante. Entonces con Rob nos planteamos hacerlo distinto a los dem\u00e1s. La \u00fanica entrevista la hace David Lynch y el resto lo quer\u00edamos contar de la mayor cantidad de maneras diferentes como fuera posible, ya sea con dioramas, t\u00edteres, animaciones o una sesi\u00f3n de terapia. B\u00e1sicamente hicimos todo lo que los dem\u00e1s documentalistas no hacen.<\/p>\n<p><strong>T: \u00bfCu\u00e1l fue el mensaje que quiso transmitir al decidir contar su vida?<\/strong><br \/>M: Creo que el mensaje m\u00e1s importante es que la gente se d\u00e9 cuenta que riqueza, fama y \u00e9xito comercial no necesariamente mejoran la vida. Vivimos en una cultura en la que la gente cree que si tuviera lo que tienen otros ser\u00edan m\u00e1s felices pero no hay evidencia de que sea as\u00ed. Hay que desmitificar el culto y la obsesi\u00f3n que existe en torno a la fama y hacer que la gente se sienta m\u00e1s c\u00f3moda con sus vidas. En la pel\u00edcula tambi\u00e9n hablo de depresi\u00f3n, ansiedad, adicci\u00f3n. Una de mis esperanzas es que alguien que padece alguna de estas cosas vea esto y se sienta m\u00e1s c\u00f3modo hablando de eso que seguramente lo averg\u00fcenza. <\/p>\n","protected":false},"excerpt":{"rendered":"<p>Moby realiza un novedoso repaso de su obra en su nuevo trabajo \u00abReprise\u00bb. A casi tres d\u00e9cadas de su debut discogr\u00e1fico y a poco m\u00e1s de 20 a\u00f1os de acaparar la atenci\u00f3n del mundillo musical con su exitoso \u00e1lbum \u00abPlay\u00bb, el artista neoyorkino Moby realiza un novedoso repaso de su obra en su nuevo trabajo [&hellip;]<\/p>\n","protected":false},"author":1,"featured_media":4257,"comment_status":"closed","ping_status":"closed","sticky":false,"template":"","format":"standard","meta":[],"categories":[9],"tags":[],"_links":{"self":[{"href":"http:\/\/nuevacordoba.net\/index.php\/wp-json\/wp\/v2\/posts\/4256"}],"collection":[{"href":"http:\/\/nuevacordoba.net\/index.php\/wp-json\/wp\/v2\/posts"}],"about":[{"href":"http:\/\/nuevacordoba.net\/index.php\/wp-json\/wp\/v2\/types\/post"}],"author":[{"embeddable":true,"href":"http:\/\/nuevacordoba.net\/index.php\/wp-json\/wp\/v2\/users\/1"}],"replies":[{"embeddable":true,"href":"http:\/\/nuevacordoba.net\/index.php\/wp-json\/wp\/v2\/comments?post=4256"}],"version-history":[{"count":0,"href":"http:\/\/nuevacordoba.net\/index.php\/wp-json\/wp\/v2\/posts\/4256\/revisions"}],"wp:featuredmedia":[{"embeddable":true,"href":"http:\/\/nuevacordoba.net\/index.php\/wp-json\/wp\/v2\/media\/4257"}],"wp:attachment":[{"href":"http:\/\/nuevacordoba.net\/index.php\/wp-json\/wp\/v2\/media?parent=4256"}],"wp:term":[{"taxonomy":"category","embeddable":true,"href":"http:\/\/nuevacordoba.net\/index.php\/wp-json\/wp\/v2\/categories?post=4256"},{"taxonomy":"post_tag","embeddable":true,"href":"http:\/\/nuevacordoba.net\/index.php\/wp-json\/wp\/v2\/tags?post=4256"}],"curies":[{"name":"wp","href":"https:\/\/api.w.org\/{rel}","templated":true}]}}