{"id":4258,"date":"2021-05-08T14:14:12","date_gmt":"2021-05-08T14:14:12","guid":{"rendered":"http:\/\/cordobanewsnet.wordpress.com\/?p=5460"},"modified":"2021-05-08T14:14:12","modified_gmt":"2021-05-08T14:14:12","slug":"schiaretti-sera-operado-por-un-quiste-en-el-rinon","status":"publish","type":"post","link":"http:\/\/nuevacordoba.net\/index.php\/2021\/05\/08\/schiaretti-sera-operado-por-un-quiste-en-el-rinon\/","title":{"rendered":"Schiaretti ser\u00e1 operado por un quiste en el ri\u00f1\u00f3n"},"content":{"rendered":"<p><!-- \/featured-media --> <\/p>\n<div class=\"post-content clear\" readability=\"44.137931034483\">\n<p>El Gobernador<strong>&nbsp;Juan Schiaretti&nbsp;<\/strong>ser\u00e1 intervenido quir\u00fargicamente el&nbsp;<strong>pr\u00f3ximo martes 11 de mayo&nbsp;<\/strong>en el Sanatorio Allende de la ciudad de C\u00f3rdoba.<\/p>\n<p>De acuerdo a lo que inform\u00f3 el ministro de Salud de la Provincia, Diego Cardozo, le detectaron un&nbsp;<strong>quiste complejo en el ri\u00f1\u00f3n derecho<\/strong>&nbsp;luego de que fuera sometido a estudios m\u00e9dicos de rutina.<\/p>\n<p>\u201cLa misma surge tras estudios m\u00e9dicos de rutina, donde se evidenci\u00f3 un&nbsp;<strong>quiste complejo en el polo superior del ri\u00f1\u00f3n derecho el cual tiene indicaci\u00f3n m\u00e9dica de resecci\u00f3n quir\u00fargica<\/strong>.&nbsp;A partir de su internaci\u00f3n e intervenci\u00f3n quir\u00fargica los informes m\u00e9dicos ser\u00e1n otorgados por el director m\u00e9dico de la mencionada entidad de Salud\u201d, comunicaron.<\/p>\n<div id=\"jp-post-flair\" class=\"sharedaddy sd-like-enabled sd-sharing-enabled\">\n<div class=\"sharedaddy sd-sharing-enabled\">\n<div class=\"robots-nocontent sd-block sd-social sd-social-icon-text sd-sharing\">\n<h3 class=\"sd-title\">Share this:<\/h3>\n<\/div>\n<\/div>\n<div class=\"sharedaddy sd-block sd-like jetpack-likes-widget-wrapper jetpack-likes-widget-unloaded\" id=\"like-post-wrapper-143108178-5460-6097258b8c965\" data-src=\"\/\/widgets.wp.com\/likes\/index.html?ver=20210413#blog_id=143108178&amp;post_id=5460&amp;origin=cordobanewsnet.wordpress.com&amp;obj_id=143108178-5460-6097258b8c965\" data-name=\"like-post-frame-143108178-5460-6097258b8c965\">\n<h3 class=\"sd-title\">Me gusta esto:<\/h3>\n<p><span class=\"button\"><span>Me gusta<\/span><\/span> <span class=\"loading\">Cargando&#8230;<\/span><\/p>\n<p><span class=\"sd-text-color\"><\/span><\/div>\n<p><h3 class=\"jp-relatedposts-headline\"><em>Relacionado<\/em><\/h3>\n<\/p>\n<\/div><\/div>\n<p><!--\/.post-content--> <\/p>\n<footer class=\"post-meta-container clear\" readability=\"0.36781609195402\">\n<div class=\"entry-author author-avatar-show\" readability=\"13.114754098361\">\n<div class=\"author-avatar\"> <img loading=\"lazy\" alt src=\"http:\/\/nuevacordoba.net\/wp-content\/uploads\/2021\/05\/schiaretti-sera-operado-por-un-quiste-en-el-rinon.png\" class=\"avatar avatar-90\" height=\"90\" width=\"90\"> <\/div>\n<p><!-- .author-avatar --> <\/p>\n<p><h2 class=\"author-title\">Publicado por <span class=\"author-name\">Redacci\u00f3n<\/span><\/h2>\n<\/p>\n<p><!-- .author-heading --> <\/p>\n<p class=\"author-bio\"> <a class=\"author-link\" href=\"https:\/\/cordobanewsnet.wordpress.com\/author\/prettomatias\/\" rel=\"author\"> Ver todas las entradas de Redacci\u00f3n <\/a> <\/p>\n<p><!-- .author-bio --> <\/div>\n<p><!-- .entry-auhtor --> <\/footer>\n<p> <!-- \/post-meta-container --> <!-- #respond --> <\/p>\n","protected":false},"excerpt":{"rendered":"<p>El Gobernador&nbsp;Juan Schiaretti&nbsp;ser\u00e1 intervenido quir\u00fargicamente el&nbsp;pr\u00f3ximo martes 11 de mayo&nbsp;en el Sanatorio Allende de la ciudad de C\u00f3rdoba. De acuerdo a lo que inform\u00f3 el ministro de Salud de la Provincia, Diego Cardozo, le detectaron un&nbsp;quiste complejo en el ri\u00f1\u00f3n derecho&nbsp;luego de que fuera sometido a estudios m\u00e9dicos de rutina. \u201cLa misma surge tras estudios [&hellip;]<\/p>\n","protected":false},"author":1,"featured_media":4259,"comment_status":"closed","ping_status":"closed","sticky":false,"template":"","format":"standard","meta":[],"categories":[14],"tags":[],"_links":{"self":[{"href":"http:\/\/nuevacordoba.net\/index.php\/wp-json\/wp\/v2\/posts\/4258"}],"collection":[{"href":"http:\/\/nuevacordoba.net\/index.php\/wp-json\/wp\/v2\/posts"}],"about":[{"href":"http:\/\/nuevacordoba.net\/index.php\/wp-json\/wp\/v2\/types\/post"}],"author":[{"embeddable":true,"href":"http:\/\/nuevacordoba.net\/index.php\/wp-json\/wp\/v2\/users\/1"}],"replies":[{"embeddable":true,"href":"http:\/\/nuevacordoba.net\/index.php\/wp-json\/wp\/v2\/comments?post=4258"}],"version-history":[{"count":0,"href":"http:\/\/nuevacordoba.net\/index.php\/wp-json\/wp\/v2\/posts\/4258\/revisions"}],"wp:featuredmedia":[{"embeddable":true,"href":"http:\/\/nuevacordoba.net\/index.php\/wp-json\/wp\/v2\/media\/4259"}],"wp:attachment":[{"href":"http:\/\/nuevacordoba.net\/index.php\/wp-json\/wp\/v2\/media?parent=4258"}],"wp:term":[{"taxonomy":"category","embeddable":true,"href":"http:\/\/nuevacordoba.net\/index.php\/wp-json\/wp\/v2\/categories?post=4258"},{"taxonomy":"post_tag","embeddable":true,"href":"http:\/\/nuevacordoba.net\/index.php\/wp-json\/wp\/v2\/tags?post=4258"}],"curies":[{"name":"wp","href":"https:\/\/api.w.org\/{rel}","templated":true}]}}