{"id":4260,"date":"2021-05-07T15:34:15","date_gmt":"2021-05-07T15:34:15","guid":{"rendered":"https:\/\/puntoapunto.com.ar\/?p=277288"},"modified":"2021-05-07T15:34:15","modified_gmt":"2021-05-07T15:34:15","slug":"la-industria-de-internet-se-reune-en-el-internet-virtual-day-2021","status":"publish","type":"post","link":"http:\/\/nuevacordoba.net\/index.php\/2021\/05\/07\/la-industria-de-internet-se-reune-en-el-internet-virtual-day-2021\/","title":{"rendered":"La industria de internet se re\u00fane en el \u201cInternet Virtual Day 2021\u201d"},"content":{"rendered":"<p><!-- image --><\/p>\n<div class=\"td-post-featured-image\"><a href=\"https:\/\/s3.us-west-2.amazonaws.com\/puntoapunto.com.ar\/wp-content\/uploads\/2021\/05\/07123251\/internet-day-2021.png\" data-caption><img loading=\"lazy\" width=\"696\" height=\"538\" class=\"entry-thumb td-modal-image\" src=\"http:\/\/nuevacordoba.net\/wp-content\/uploads\/2021\/05\/la-industria-de-internet-se-reune-en-el-internet-virtual-day-2021.png\" srcset=\"http:\/\/nuevacordoba.net\/wp-content\/uploads\/2021\/05\/la-industria-de-internet-se-reune-en-el-internet-virtual-day-2021.png 696w, http:\/\/nuevacordoba.net\/wp-content\/uploads\/2021\/05\/la-industria-de-internet-se-reune-en-el-internet-virtual-day-2021-1.png 300w, http:\/\/nuevacordoba.net\/wp-content\/uploads\/2021\/05\/la-industria-de-internet-se-reune-en-el-internet-virtual-day-2021-2.png 1024w, http:\/\/nuevacordoba.net\/wp-content\/uploads\/2021\/05\/la-industria-de-internet-se-reune-en-el-internet-virtual-day-2021-3.png 768w, http:\/\/nuevacordoba.net\/wp-content\/uploads\/2021\/05\/la-industria-de-internet-se-reune-en-el-internet-virtual-day-2021-4.png 1536w, http:\/\/nuevacordoba.net\/wp-content\/uploads\/2021\/05\/la-industria-de-internet-se-reune-en-el-internet-virtual-day-2021-5.png 2048w, http:\/\/nuevacordoba.net\/wp-content\/uploads\/2021\/05\/la-industria-de-internet-se-reune-en-el-internet-virtual-day-2021-6.png 150w, http:\/\/nuevacordoba.net\/wp-content\/uploads\/2021\/05\/la-industria-de-internet-se-reune-en-el-internet-virtual-day-2021-7.png 1068w, http:\/\/nuevacordoba.net\/wp-content\/uploads\/2021\/05\/la-industria-de-internet-se-reune-en-el-internet-virtual-day-2021-8.png 544w\" sizes=\"(max-width: 696px) 100vw, 696px\" alt title=\"internet-day-2021\"><\/a><\/div>\n<p> <!-- content --><\/p>\n<div class=\"td-a-rec td-a-rec-id-content_top tdi_73_f3e td_block_template_10\">\n<div class=\"g g-34\">\n<div class=\"g-single a-299\"><a class=\"gofollow\" data-track=\"Mjk5LDM0LDEsNjA=\" href=\"http:\/\/www.grupocanter.com.ar\/landing\/blanqueo\/pap\/?utm_source=Punto%20a%20Punto&amp;utm_medium=Banners&amp;utm_campaign=Blanqueo&amp;utm_term=950x187\"><img src=\"http:\/\/nuevacordoba.net\/wp-content\/uploads\/2021\/05\/la-industria-de-internet-se-reune-en-el-internet-virtual-day-2021.gif\"><\/a><\/div>\n<\/div>\n<\/div>\n<p>Con motivo de la celebraci\u00f3n del D\u00eda Internacional de&nbsp;Internet, la&nbsp;<a href=\"https:\/\/idcomm.us12.list-manage.com\/track\/click?u=acc155a835c30be4224177e55&amp;id=423657c469&amp;e=54911696f4\" data-saferedirecturl=\"https:\/\/www.google.com\/url?q=https:\/\/idcomm.us12.list-manage.com\/track\/click?u%3Dacc155a835c30be4224177e55%26id%3D423657c469%26e%3D54911696f4&amp;source=gmail&amp;ust=1620486768059000&amp;usg=AFQjCNGi4SHctBeu_7RWAPZ4MI-ELU6J0g\">C\u00e1mara Argentina de Internet \u2013CABASE-<\/a>&nbsp;organiza la VII edici\u00f3n del&nbsp;<strong>Internet Day<\/strong>, que tendr\u00e1 lugar el <strong>1<a href=\"https:\/\/puntoapunto.com.ar\/tag\/7\/\" class=\"st_tag internal_tag\" rel=\"tag\" title=\"Posts tagged with 7\">7<\/a> y <a href=\"https:\/\/puntoapunto.com.ar\/tag\/18\/\" class=\"st_tag internal_tag\" rel=\"tag\" title=\"Posts tagged with 18\">18<\/a> de mayo a partir de las 9.30 horas en formato virtual.<\/strong><\/p>\n<p>El evento reunir\u00e1 a toda la industria de Internet bajo el lema&nbsp;<strong>\u201cInternet 2030, cimientos para la econom\u00eda del conocimiento\u201d<\/strong>, con el objetivo de abordar los <a href=\"https:\/\/puntoapunto.com.ar\/tag\/principales\/\" class=\"st_tag internal_tag\" rel=\"tag\" title=\"Posts tagged with principales\">principales<\/a> desaf\u00edos del sector y promover su crecimiento a trav\u00e9s del debate, las sinergias entre los diferentes verticales de la industria y el intercambio de experiencias y mejores pr\u00e1cticas.<\/p>\n<p>Dada la relevancia institucional del encuentro, se espera la participaci\u00f3n de&nbsp;<strong>Micaela S\u00e1nchez Malcolm, secretaria de Innovaci\u00f3n P\u00fablica de la Naci\u00f3n<\/strong>, junto a&nbsp;<strong>Ariel Graizer, presidente de la <a href=\"https:\/\/puntoapunto.com.ar\/tag\/camara\/\" class=\"st_tag internal_tag\" rel=\"tag\" title=\"Posts tagged with c\u00e1mara\">C\u00e1mara<\/a> Argentina de Internet -CABASE-<\/strong>, en la apertura oficial del evento que dar\u00e1 inicio a una completa agenda en la que expertos abordar\u00e1n los temas de mayor actualidad.<\/p>\n<p>Asimismo, autoridades del \u00e1mbito nacional vinculadas a la industria de <a href=\"https:\/\/puntoapunto.com.ar\/tag\/tecnologia-2\/\" class=\"st_tag internal_tag\" rel=\"tag\" title=\"Posts tagged with Tecnolog\u00eda\">tecnolog\u00eda<\/a> y telecomunicaciones confirmaron su participaci\u00f3n en el panel <strong>\u201cIniciativas de desarrollo de la infraestructura de internet para la universalizaci\u00f3n de la conectividad\u201d<\/strong>.<\/p>\n<p>Claudio Ambrosini, presidente de ENACOM; Pablo Tognetti, presidente de Arsat; Mart\u00edn Olmos, subsecretario de Tecnolog\u00edas de la Informaci\u00f3n y Comunicaci\u00f3n de la Naci\u00f3n; Alfredo Luenzo, senador Nacional y presidente de la Comisi\u00f3n de Sistemas, Medios y Libertad de Expresi\u00f3n del Senado de la Naci\u00f3n y Pablo Carro, diputado Nacional y presidente de la Comisi\u00f3n de Inform\u00e1tica y Comunicaciones de la C\u00e1mara Baja han confirmado su participaci\u00f3n en el panel en que los referentes del sector p\u00fablico compartir\u00e1n sus planes, iniciativas y desaf\u00edos de cara al desarrollo de la industria de telecomunicaciones e internet en Argentina.<\/p>\n<p><strong>Internet Virtual Day 20<a href=\"https:\/\/puntoapunto.com.ar\/tag\/21\/\" class=\"st_tag internal_tag\" rel=\"tag\" title=\"Posts tagged with 21\">21<\/a><\/strong>&nbsp;ser\u00e1 un espacio de actualizaci\u00f3n para promover el crecimiento del sector, crear sinergias e intercambiar experiencias en el que converger\u00e1n los diversos actores del ecosistema de internet en el mayor encuentro de la industria del pa\u00eds, con una&nbsp;agenda&nbsp;de actividades que incluye a los m\u00e1s destacados profesionales y expertos de Argentina y la regi\u00f3n.<\/p>\n<h5><strong>El Internet Virtual Day <a href=\"https:\/\/puntoapunto.com.ar\/tag\/2021\/\" class=\"st_tag internal_tag\" rel=\"tag\" title=\"Posts tagged with 2021\">2021<\/a> es un evento abierto y gratuito que requiere inscripci\u00f3n previa: <a href=\"https:\/\/www.eventbrite.com.ar\/e\/internet-day-virtual-tickets-145886443279\">https:\/\/www.eventbrite.com.ar\/e\/internet-day-virtual-tickets-145886443279<\/a>&nbsp;<\/strong><\/h5>\n<p>No tags for this post. <!-- A generated by theme --> <!-- end A --> <\/p>\n","protected":false},"excerpt":{"rendered":"<p>Con motivo de la celebraci\u00f3n del D\u00eda Internacional de&nbsp;Internet, la&nbsp;C\u00e1mara Argentina de Internet \u2013CABASE-&nbsp;organiza la VII edici\u00f3n del&nbsp;Internet Day, que tendr\u00e1 lugar el 17 y 18 de mayo a partir de las 9.30 horas en formato virtual. El evento reunir\u00e1 a toda la industria de Internet bajo el lema&nbsp;\u201cInternet 2030, cimientos para la econom\u00eda del [&hellip;]<\/p>\n","protected":false},"author":1,"featured_media":4261,"comment_status":"open","ping_status":"closed","sticky":false,"template":"","format":"standard","meta":[],"categories":[14],"tags":[],"_links":{"self":[{"href":"http:\/\/nuevacordoba.net\/index.php\/wp-json\/wp\/v2\/posts\/4260"}],"collection":[{"href":"http:\/\/nuevacordoba.net\/index.php\/wp-json\/wp\/v2\/posts"}],"about":[{"href":"http:\/\/nuevacordoba.net\/index.php\/wp-json\/wp\/v2\/types\/post"}],"author":[{"embeddable":true,"href":"http:\/\/nuevacordoba.net\/index.php\/wp-json\/wp\/v2\/users\/1"}],"replies":[{"embeddable":true,"href":"http:\/\/nuevacordoba.net\/index.php\/wp-json\/wp\/v2\/comments?post=4260"}],"version-history":[{"count":0,"href":"http:\/\/nuevacordoba.net\/index.php\/wp-json\/wp\/v2\/posts\/4260\/revisions"}],"wp:featuredmedia":[{"embeddable":true,"href":"http:\/\/nuevacordoba.net\/index.php\/wp-json\/wp\/v2\/media\/4261"}],"wp:attachment":[{"href":"http:\/\/nuevacordoba.net\/index.php\/wp-json\/wp\/v2\/media?parent=4260"}],"wp:term":[{"taxonomy":"category","embeddable":true,"href":"http:\/\/nuevacordoba.net\/index.php\/wp-json\/wp\/v2\/categories?post=4260"},{"taxonomy":"post_tag","embeddable":true,"href":"http:\/\/nuevacordoba.net\/index.php\/wp-json\/wp\/v2\/tags?post=4260"}],"curies":[{"name":"wp","href":"https:\/\/api.w.org\/{rel}","templated":true}]}}