{"id":4262,"date":"2021-05-09T06:06:38","date_gmt":"2021-05-09T06:06:38","guid":{"rendered":"http:\/\/nuevacordoba.net\/index.php\/2021\/05\/09\/brancatelli-anuncio-que-volvio-a-su-casa-luego-de-la-internacion-por-coronavirus\/"},"modified":"2021-05-09T06:06:38","modified_gmt":"2021-05-09T06:06:38","slug":"brancatelli-anuncio-que-volvio-a-su-casa-luego-de-la-internacion-por-coronavirus","status":"publish","type":"post","link":"http:\/\/nuevacordoba.net\/index.php\/2021\/05\/09\/brancatelli-anuncio-que-volvio-a-su-casa-luego-de-la-internacion-por-coronavirus\/","title":{"rendered":"Brancatelli anunci\u00f3 que volvi\u00f3 a su casa luego de la internaci\u00f3n por coronavirus"},"content":{"rendered":"<div class=\"image\" id=\"image\"> <img src=\"http:\/\/nuevacordoba.net\/wp-content\/uploads\/2021\/05\/brancatelli-anuncio-que-volvio-a-su-casa-luego-de-la-internacion-por-coronavirus.jpg\" alt=\"Diego Brancatelli\" title=\"Diego Brancatelli\"><\/p>\n<p>Diego Brancatelli<\/p>\n<\/div>\n<p>El periodista Diego Brancatelli anunci\u00f3 en su cuenta de Instagram que regres\u00f3 a su casa tras haber contra\u00eddo coronavirus y tener que internarse el lunes pasado en la Cl\u00ednica Trinidad, en el barrio porte\u00f1o de Palermo.<\/p>\n<p>El panelista del ciclo televisivo \u201cIntratables\u201d (Am\u00e9rica) public\u00f3 una foto junto a sus hijos y su pareja donde escribi\u00f3: \u201cYa en casaaaaa!!!!!!!Torre de abrazos!!!!!!! Nada m\u00e1s hermoso. Gracias a todos por tantos buenos deseos!\u201d.<\/p>\n<p>La internaci\u00f3n de quien se desempe\u00f1a como vicepresidente 1\u00b0 del Club Atl\u00e9tico Ituzaing\u00f3 y en el municipio de Pilar, obedeci\u00f3 a complicaciones surgidas en su cuadro cl\u00ednico a partir de la Covid-19. <\/p>\n","protected":false},"excerpt":{"rendered":"<p>Diego Brancatelli El periodista Diego Brancatelli anunci\u00f3 en su cuenta de Instagram que regres\u00f3 a su casa tras haber contra\u00eddo coronavirus y tener que internarse el lunes pasado en la Cl\u00ednica Trinidad, en el barrio porte\u00f1o de Palermo. El panelista del ciclo televisivo \u201cIntratables\u201d (Am\u00e9rica) public\u00f3 una foto junto a sus hijos y su pareja [&hellip;]<\/p>\n","protected":false},"author":1,"featured_media":4263,"comment_status":"closed","ping_status":"closed","sticky":false,"template":"","format":"standard","meta":[],"categories":[9],"tags":[],"_links":{"self":[{"href":"http:\/\/nuevacordoba.net\/index.php\/wp-json\/wp\/v2\/posts\/4262"}],"collection":[{"href":"http:\/\/nuevacordoba.net\/index.php\/wp-json\/wp\/v2\/posts"}],"about":[{"href":"http:\/\/nuevacordoba.net\/index.php\/wp-json\/wp\/v2\/types\/post"}],"author":[{"embeddable":true,"href":"http:\/\/nuevacordoba.net\/index.php\/wp-json\/wp\/v2\/users\/1"}],"replies":[{"embeddable":true,"href":"http:\/\/nuevacordoba.net\/index.php\/wp-json\/wp\/v2\/comments?post=4262"}],"version-history":[{"count":0,"href":"http:\/\/nuevacordoba.net\/index.php\/wp-json\/wp\/v2\/posts\/4262\/revisions"}],"wp:featuredmedia":[{"embeddable":true,"href":"http:\/\/nuevacordoba.net\/index.php\/wp-json\/wp\/v2\/media\/4263"}],"wp:attachment":[{"href":"http:\/\/nuevacordoba.net\/index.php\/wp-json\/wp\/v2\/media?parent=4262"}],"wp:term":[{"taxonomy":"category","embeddable":true,"href":"http:\/\/nuevacordoba.net\/index.php\/wp-json\/wp\/v2\/categories?post=4262"},{"taxonomy":"post_tag","embeddable":true,"href":"http:\/\/nuevacordoba.net\/index.php\/wp-json\/wp\/v2\/tags?post=4262"}],"curies":[{"name":"wp","href":"https:\/\/api.w.org\/{rel}","templated":true}]}}