{"id":4270,"date":"2021-05-09T14:26:30","date_gmt":"2021-05-09T14:26:30","guid":{"rendered":"http:\/\/nuevacordoba.net\/index.php\/2021\/05\/09\/macarena-sanchez-confiesa-que-sufrio-depresion-no-es-un-estado-de-animo-pasajero\/"},"modified":"2021-05-09T14:26:30","modified_gmt":"2021-05-09T14:26:30","slug":"macarena-sanchez-confiesa-que-sufrio-depresion-no-es-un-estado-de-animo-pasajero","status":"publish","type":"post","link":"http:\/\/nuevacordoba.net\/index.php\/2021\/05\/09\/macarena-sanchez-confiesa-que-sufrio-depresion-no-es-un-estado-de-animo-pasajero\/","title":{"rendered":"Macarena S\u00e1nchez confiesa que sufri\u00f3 depresi\u00f3n: \u00abNo es un estado de \u00e1nimo pasajero\u00bb"},"content":{"rendered":"<div class=\"image\" id=\"image\" readability=\"7\"> <img src=\"http:\/\/nuevacordoba.net\/wp-content\/uploads\/2021\/05\/macarena-sanchez-confiesa-que-sufrio-depresion-no-es-un-estado-de-animo-pasajero.jpg\" alt=\"S\u00e1nchez impuls\u00f3 la profesionalizaci\u00f3n del f\u00fatbol femenino en Argentina\" title=\"S\u00e1nchez impuls\u00f3 la profesionalizaci\u00f3n del f\u00fatbol femenino en Argentina\"><\/p>\n<p>S\u00e1nchez impuls\u00f3 la profesionalizaci\u00f3n del f\u00fatbol femenino en Argentina<\/p>\n<\/div>\n<p>Macarena S\u00e1nchez, la principal impulsora de la profesionalizaci\u00f3n del f\u00fatbol femenino y actual funcionaria del Gobierno nacional, cont\u00f3 en sus redes sociales que hace un a\u00f1o tuvo un cuadro depresivo y concientiz\u00f3 sobre la importancia de pedir \u00abayuda\u00bb.<\/p>\n<p>En un texto publicado en sus redes sociales, Maca S\u00e1nchez confes\u00f3 que en marzo del a\u00f1o pasado le diagnosticaron ese trastorno de la salud mental.<\/p>\n<p><strong>\u00abMe atrevo a contarlo hoy porque creo necesario generar conciencia sobre este padecimiento que puede afectar a cualquier persona sin importar la edad, el g\u00e9nero o el estatus social\u00bb<\/strong>, cont\u00f3 la delantera de San Lorenzo y Directora Ejecutiva del Instituto Nacional de Juventudes.<\/p>\n<p><strong>S\u00e1nchez, quien con su lucha personal impuls\u00f3 la profesionalizaci\u00f3n del f\u00fatbol femenino en Argentina,<\/strong> remarc\u00f3 que la \u00abdepresi\u00f3n no es un estado de \u00e1nimo pasajero\u00bb y resalt\u00f3 la importancia de saber \u00abpedir ayuda\u00bb.<\/p>\n<p>\u00abHay que saber escuchar cuando alguien pide ayuda, no siempre pedir ayuda es decir &#8216;necesito ayuda'\u00bb, puntualiz\u00f3 sobre una problem\u00e1tica que sufren \u00ab300 millones de personas en el mundo\u00bb<\/p>\n<p>Maca cont\u00f3 en el mismo texto que sigue con el tratamiento pero est\u00e1 \u00abmuch\u00edsimo mejor\u00bb y agradeci\u00f3 a su familia, amigos y a San Lorenzo por el apoyo recibido en este tiempo. <\/p>\n","protected":false},"excerpt":{"rendered":"<p>S\u00e1nchez impuls\u00f3 la profesionalizaci\u00f3n del f\u00fatbol femenino en Argentina Macarena S\u00e1nchez, la principal impulsora de la profesionalizaci\u00f3n del f\u00fatbol femenino y actual funcionaria del Gobierno nacional, cont\u00f3 en sus redes sociales que hace un a\u00f1o tuvo un cuadro depresivo y concientiz\u00f3 sobre la importancia de pedir \u00abayuda\u00bb. En un texto publicado en sus redes sociales, [&hellip;]<\/p>\n","protected":false},"author":1,"featured_media":4271,"comment_status":"closed","ping_status":"closed","sticky":false,"template":"","format":"standard","meta":[],"categories":[10],"tags":[],"_links":{"self":[{"href":"http:\/\/nuevacordoba.net\/index.php\/wp-json\/wp\/v2\/posts\/4270"}],"collection":[{"href":"http:\/\/nuevacordoba.net\/index.php\/wp-json\/wp\/v2\/posts"}],"about":[{"href":"http:\/\/nuevacordoba.net\/index.php\/wp-json\/wp\/v2\/types\/post"}],"author":[{"embeddable":true,"href":"http:\/\/nuevacordoba.net\/index.php\/wp-json\/wp\/v2\/users\/1"}],"replies":[{"embeddable":true,"href":"http:\/\/nuevacordoba.net\/index.php\/wp-json\/wp\/v2\/comments?post=4270"}],"version-history":[{"count":0,"href":"http:\/\/nuevacordoba.net\/index.php\/wp-json\/wp\/v2\/posts\/4270\/revisions"}],"wp:featuredmedia":[{"embeddable":true,"href":"http:\/\/nuevacordoba.net\/index.php\/wp-json\/wp\/v2\/media\/4271"}],"wp:attachment":[{"href":"http:\/\/nuevacordoba.net\/index.php\/wp-json\/wp\/v2\/media?parent=4270"}],"wp:term":[{"taxonomy":"category","embeddable":true,"href":"http:\/\/nuevacordoba.net\/index.php\/wp-json\/wp\/v2\/categories?post=4270"},{"taxonomy":"post_tag","embeddable":true,"href":"http:\/\/nuevacordoba.net\/index.php\/wp-json\/wp\/v2\/tags?post=4270"}],"curies":[{"name":"wp","href":"https:\/\/api.w.org\/{rel}","templated":true}]}}