{"id":4296,"date":"2021-05-10T04:07:37","date_gmt":"2021-05-10T04:07:37","guid":{"rendered":"http:\/\/nuevacordoba.net\/index.php\/2021\/05\/10\/ricardo-montaner-presentara-solo-una-vez-semipresencial-y-via-streaming\/"},"modified":"2021-05-10T04:07:37","modified_gmt":"2021-05-10T04:07:37","slug":"ricardo-montaner-presentara-solo-una-vez-semipresencial-y-via-streaming","status":"publish","type":"post","link":"http:\/\/nuevacordoba.net\/index.php\/2021\/05\/10\/ricardo-montaner-presentara-solo-una-vez-semipresencial-y-via-streaming\/","title":{"rendered":"Ricardo Montaner presentar\u00e1 \u00abSolo una vez\u00bb, semipresencial y v\u00eda streaming"},"content":{"rendered":"<div class=\"image\" id=\"image\" readability=\"8\"> <img src=\"http:\/\/nuevacordoba.net\/wp-content\/uploads\/2021\/05\/ricardo-montaner-presentara-solo-una-vez-semipresencial-y-via-streaming.jpg\" alt=\"Montaner en vivo, desde Rep\u00fablica Dominicana\" title=\"Montaner en vivo, desde Rep\u00fablica Dominicana\"><\/p>\n<p>Montaner en vivo, desde Rep\u00fablica Dominicana<\/p>\n<\/div>\n<p>El cantante <strong>Ricardo Montaner<\/strong> anunci\u00f3 su concierto \u00abLos Montaner, solo una vez\u00bb, semipresencial y v\u00eda streaming, para el s\u00e1bado 12 de junio.<\/p>\n<p>Ser\u00e1 desde un escenario en el municipio La Romana, de Rep\u00fablica Dominicana, y <strong>contar\u00e1 con la actuaci\u00f3n de Ricardo m\u00e1s sus hijos e hijas Mau, Ricky, Evaluna y Camilo<\/strong>, y tendr\u00e1 transmisi\u00f3n en vivo y en tiempo real para todo el planeta.<\/p>\n<p>Es la primera vez que la familia realiza un concierto conjunto y los artistas, quienes han logrado reconocimiento individual en sus respectivas carreras musicales, interpretar\u00e1n en vivo sus \u00e9xitos, sus mejores temas y las canciones favoritas del p\u00fablico.<\/p>\n<p>La producci\u00f3n del concierto contar\u00e1 con la participaci\u00f3n de m\u00e1s de 200 personas entre m\u00fasicos, t\u00e9cnicos y producci\u00f3n, quienes tendr\u00e1n en sus manos la gran puesta en escena desde uno de los lugares tur\u00edsticos m\u00e1s codiciados de tierras dominicanas.<\/p>\n<p>A finales de 2020, la familia present\u00f3 su primer simple en comunidad, \u00abAm\u00e9n\u00bb, que se acerca ya a los 150 millones de reproducciones en el canal de YouTube del cantante nacido como H\u00e9ctor Eduardo Reglero Montaner, en 1957.<\/p>\n<p>Por otra parte, <strong>se anunci\u00f3 que llevar\u00e1n sus vivencias a un \u00abreallity show\u00bb sin libreto, grabado en Miami, en el que tambi\u00e9n participar\u00e1n Marlene Miranda, esposa de Ricardo, adem\u00e1s de las parejas de Mau y Ricky.<\/strong> <\/p>\n","protected":false},"excerpt":{"rendered":"<p>Montaner en vivo, desde Rep\u00fablica Dominicana El cantante Ricardo Montaner anunci\u00f3 su concierto \u00abLos Montaner, solo una vez\u00bb, semipresencial y v\u00eda streaming, para el s\u00e1bado 12 de junio. Ser\u00e1 desde un escenario en el municipio La Romana, de Rep\u00fablica Dominicana, y contar\u00e1 con la actuaci\u00f3n de Ricardo m\u00e1s sus hijos e hijas Mau, Ricky, Evaluna [&hellip;]<\/p>\n","protected":false},"author":1,"featured_media":4297,"comment_status":"closed","ping_status":"closed","sticky":false,"template":"","format":"standard","meta":[],"categories":[9],"tags":[],"_links":{"self":[{"href":"http:\/\/nuevacordoba.net\/index.php\/wp-json\/wp\/v2\/posts\/4296"}],"collection":[{"href":"http:\/\/nuevacordoba.net\/index.php\/wp-json\/wp\/v2\/posts"}],"about":[{"href":"http:\/\/nuevacordoba.net\/index.php\/wp-json\/wp\/v2\/types\/post"}],"author":[{"embeddable":true,"href":"http:\/\/nuevacordoba.net\/index.php\/wp-json\/wp\/v2\/users\/1"}],"replies":[{"embeddable":true,"href":"http:\/\/nuevacordoba.net\/index.php\/wp-json\/wp\/v2\/comments?post=4296"}],"version-history":[{"count":0,"href":"http:\/\/nuevacordoba.net\/index.php\/wp-json\/wp\/v2\/posts\/4296\/revisions"}],"wp:featuredmedia":[{"embeddable":true,"href":"http:\/\/nuevacordoba.net\/index.php\/wp-json\/wp\/v2\/media\/4297"}],"wp:attachment":[{"href":"http:\/\/nuevacordoba.net\/index.php\/wp-json\/wp\/v2\/media?parent=4296"}],"wp:term":[{"taxonomy":"category","embeddable":true,"href":"http:\/\/nuevacordoba.net\/index.php\/wp-json\/wp\/v2\/categories?post=4296"},{"taxonomy":"post_tag","embeddable":true,"href":"http:\/\/nuevacordoba.net\/index.php\/wp-json\/wp\/v2\/tags?post=4296"}],"curies":[{"name":"wp","href":"https:\/\/api.w.org\/{rel}","templated":true}]}}