{"id":4298,"date":"2021-05-10T03:02:29","date_gmt":"2021-05-10T03:02:29","guid":{"rendered":"https:\/\/puntoapunto.com.ar\/?p=277346"},"modified":"2021-05-10T03:02:29","modified_gmt":"2021-05-10T03:02:29","slug":"cordoba-en-off-natalia-juan-domingo-biden-y-el-papa-francisco","status":"publish","type":"post","link":"http:\/\/nuevacordoba.net\/index.php\/2021\/05\/10\/cordoba-en-off-natalia-juan-domingo-biden-y-el-papa-francisco\/","title":{"rendered":"C\u00f3rdoba en off: Natalia, \u2018Juan Domingo\u2019 Biden y el Papa Francisco"},"content":{"rendered":"<p><!-- image --><\/p>\n<div class=\"td-post-featured-image\"><a href=\"http:\/\/nuevacordoba.net\/wp-content\/uploads\/2021\/05\/cordoba-en-off-natalia-juan-domingo-biden-y-el-papa-francisco-5.jpg\" data-caption><img loading=\"lazy\" width=\"696\" height=\"463\" class=\"entry-thumb td-modal-image\" src=\"http:\/\/nuevacordoba.net\/wp-content\/uploads\/2021\/05\/cordoba-en-off-natalia-juan-domingo-biden-y-el-papa-francisco.jpg\" srcset=\"http:\/\/nuevacordoba.net\/wp-content\/uploads\/2021\/05\/cordoba-en-off-natalia-juan-domingo-biden-y-el-papa-francisco.jpg 696w, http:\/\/nuevacordoba.net\/wp-content\/uploads\/2021\/05\/cordoba-en-off-natalia-juan-domingo-biden-y-el-papa-francisco-2.jpg 300w, http:\/\/nuevacordoba.net\/wp-content\/uploads\/2021\/05\/cordoba-en-off-natalia-juan-domingo-biden-y-el-papa-francisco-3.jpg 150w, http:\/\/nuevacordoba.net\/wp-content\/uploads\/2021\/05\/cordoba-en-off-natalia-juan-domingo-biden-y-el-papa-francisco-4.jpg 632w, http:\/\/nuevacordoba.net\/wp-content\/uploads\/2021\/05\/cordoba-en-off-natalia-juan-domingo-biden-y-el-papa-francisco-5.jpg 728w\" sizes=\"(max-width: 696px) 100vw, 696px\" alt title=\"20210509nataliadelasota-1170005\"><\/a><\/div>\n<p> <!-- content --><\/p>\n<div class=\"td-a-rec td-a-rec-id-content_top tdi_73_1eb td_block_template_10\">\n<div class=\"g g-34\">\n<div class=\"g-single a-299\"><a class=\"gofollow\" data-track=\"Mjk5LDM0LDEsNjA=\" href=\"http:\/\/www.grupocanter.com.ar\/landing\/blanqueo\/pap\/?utm_source=Punto%20a%20Punto&amp;utm_medium=Banners&amp;utm_campaign=Blanqueo&amp;utm_term=950x187\"><img src=\"http:\/\/nuevacordoba.net\/wp-content\/uploads\/2021\/05\/cordoba-en-off-natalia-juan-domingo-biden-y-el-papa-francisco.gif\"><\/a><\/div>\n<\/div>\n<\/div>\n<p>Se sabe, la legisladora provincial Natalia de la Sota ser\u00e1 la primera candidata a diputada nacional en la lista que llevar\u00e1 Hacemos por C\u00f3rdoba en las pr\u00f3ximas elecciones legislativas. La hija del exgobernador Jos\u00e9 Manuel de la Sota encabezar\u00e1 un tramo de la boleta, en tanto que la diputada nacional, Alejandra Vigo, ser\u00e1 la primera candidata que El Panal llevar\u00e1 al Senado. Por ello, no resulta extra\u00f1o que la parlamentaria provincial haya levantado a\u00fan m\u00e1s el perfil en los \u00faltimos d\u00edas, con largas recorridas -sobre todo en la Capital- y con un alto contenido en las redes sociales. Como, por ejemplo, un video que hab\u00eda publicado hace unos d\u00edas en torno a un pedido concreto para que se liberen las vacunas contra el coronavirus.<\/p>\n<p>Bueno, lo que sucedi\u00f3 esta semana es que, tras conocerse la decisi\u00f3n del gobierno de los Estados Unidos de impulsar dicha medida, algunos delasotistas paladar negro resaltaron la imagen de la mujer. \u201cNatalia est\u00e1 alineada con \u2018Juan Domingo\u2019 (Joe) Biden por las vacunas\u201d se ley\u00f3 en varios grupos de WhatsApp del delasotismo de la Ciudad. Donde, incluso algunos terminaron celebrando. Porque lo que ocurri\u00f3 sobre el final de la semana, tambi\u00e9n fue motivo de lo mismo: se conoci\u00f3 que el papa Francisco tambi\u00e9n iba por la liberaci\u00f3n de las patentes y ah\u00ed\u2026 como era de prever, difundieron que estaba en l\u00ednea con \u00a1el Papa!<\/p>\n<h5><strong>En Sumar, reci\u00e9n hubo paz al final de la semana&nbsp;<\/strong><\/h5>\n<p>Todo ocurri\u00f3 por un Zoom en la primera parte de la semana. Estaban los principales dirigentes de Sumar, la coalici\u00f3n de la UCR que se form\u00f3 para quitar del poder del partido al exintendente Ram\u00f3n Mestre, y que, luego de las elecciones que terminaron con el negrista Marcos Carasso al mando, busca reconfigurar su GPS hacia lo que viene.<\/p>\n<p>Lo cierto es que todo transitaba con cierta normalidad hasta que a uno de los integrantes de Sumar, concretamente el intendente de R\u00edo Tercero, Marcos Ferrer, propuso a De Loredo encabezando la lista al Senado. Es m\u00e1s, algunos sospechan que al riotercerense le avisaron en qu\u00e9 momento deb\u00eda hacer el llamado a la proclamaci\u00f3n del actual concejal. Lo cierto es que esto no cay\u00f3 bien en el resto de los socios del espacio. Hubo algunos muy enojados en la semana, sobre todo aquellos que creen pueden tener un lugar en la lista de diputados.<\/p>\n<p>Finalmente, sobre el final de la semana hubo algunos llamados, mensajes y hasta encuentros con fotos que se hicieron p\u00fablicas como para tratar de calmar las aguas entre los radicales de Sumar.<\/p>\n<h5><strong>Desembarca la Coalici\u00f3n C\u00edvica<\/strong><\/h5>\n<p>De a poco, el clima preelectoral en C\u00f3rdoba se empieza a sentir. Luego de la presencia de varios dirigentes del radicalismo nacional en la previa de las internas, y de figuras del PRO, como fue el caso del expresidente Mauricio Macri, por ejemplo, los que llegar\u00e1n hoy a C\u00f3rdoba ser\u00e1n los diputados nacionales de la Coalici\u00f3n C\u00edvica, Maximiliano Ferraro y Juan Manuel L\u00f3pez. Los emisarios de <a href=\"https:\/\/puntoapunto.com.ar\/tag\/elisa-carrio\/\" class=\"st_tag internal_tag\" rel=\"tag\" title=\"Posts tagged with Elisa Carri\u00f3\">Elisa Carri\u00f3<\/a> tendr\u00e1n un encuentro con el presidente del partido en C\u00f3rdoba, Gregorio Hern\u00e1ndez Maqueda, lanzado recientemente para las Legislativas 2021. Al margen de la actividad con dirigentes y con empresarios locales, el cierre del itinerario de los lilitos por tierras cordobesas ser\u00e1 ma\u00f1ana con un acto en La Calera. Lugar elegido para el encuentro con los j\u00f3venes, aunque algunos les result\u00f3 inevitable recordar que es, adem\u00e1s, el pago chico de uno de los funcionarios denunciados por la Coalici\u00f3n C\u00edvica: el peronista Rodrigo Rufeil.<\/p>\n<h5><strong>Los empleados despedidos le siguen reclamando al diputado Fern\u00e1ndez<\/strong><\/h5>\n<p>El a\u00f1o pasado se conoci\u00f3 un conflicto laboral en la empresa familiar del diputado Eduardo Fern\u00e1ndez que deriv\u00f3 con algunos despidos. El propio parlamentario dijo el a\u00f1o pasado que los empleados se hab\u00edan \u201cdado por despedidos\u201d y que la empresa segu\u00eda funcionando. Lo que ocurri\u00f3 esta semana fue que en un Zoom de la compa\u00f1era de bloque de Fern\u00e1ndez, la tambi\u00e9n diputada nacional Gabriela Est\u00e9vez, se sumaron los empleados que dicen haber sido despedidos por Fern\u00e1ndez e hicieron una especie de escrache virtual en la plataforma. No fue el \u00fanico dolor de cabeza para Fern\u00e1ndez: el jueves, despu\u00e9s que se difundiera la foto de los legisladores cordobeses con el presidente Alberto Fern\u00e1ndez, tambi\u00e9n en las redes sociales los empleados volvieron a reclamar y mencionando incluso a funcionarios nacionales. En la semana en la que el Frente de Todos buscaba acercarse a algunos gremios tras la sinton\u00eda que varios mostraron con el gobernador <a href=\"https:\/\/puntoapunto.com.ar\/tag\/juan-schiaretti\/\" class=\"st_tag internal_tag\" rel=\"tag\" title=\"Posts tagged with Juan Schiaretti\">Juan Schiaretti<\/a>, la noticia del escrache al diputado Fern\u00e1ndez por parte de algunos exempleados, no cay\u00f3 bien.<\/p>\n<h5><strong>Cossar volvi\u00f3 a apuntar a la \u201ckirchnerizaci\u00f3n\u201d de Hacemos por C\u00f3rdoba&nbsp;<\/strong><\/h5>\n<p>El mi\u00e9rcoles en la Unicameral el legislador radical Marcelo Cossar intent\u00f3 impulsar un proyecto para repudiar el <a href=\"https:\/\/puntoapunto.com.ar\/tag\/rechazo\/\" class=\"st_tag internal_tag\" rel=\"tag\" title=\"Posts tagged with rechazo\">rechazo<\/a> manifiesto de los funcionarios nacionales al fallo de la Corte Suprema por las clases presenciales en Capital Federal. El radical apuntaba a lo se\u00f1alado por el presidente Alberto Fern\u00e1ndez, lo dicho por la vicepresidenta Cristina Kirchner y hasta lo que dijo el intendente de Ensenada, con el \u201csi quieren venir que vengan\u201d. Sin embargo, no hubo respaldo del oficialismo schiarettista al pedido de repudio de Cossar, por lo que el radical dijo que \u201chubo un silencio c\u00f3mplice\u201d al no habilitar el debate. \u201cEvidentemente, su preocupaci\u00f3n no es defender la Rep\u00fablica\u201d, dijo Cossar.<\/p>\n<p><img src=\"http:\/\/nuevacordoba.net\/wp-content\/uploads\/2021\/05\/cordoba-en-off-natalia-juan-domingo-biden-y-el-papa-francisco-1.jpg\" alt=\"_20210509_concejo\"><\/p>\n<h5><strong>Tensa calma en el Concejo tras la pol\u00e9mica de <a href=\"https:\/\/puntoapunto.com.ar\/tag\/la-placa\/\" class=\"st_tag internal_tag\" rel=\"tag\" title=\"Posts tagged with La Placa\">la placa<\/a><\/strong><\/h5>\n<p>Fue una de las noticias de la semana: la pol\u00e9mica en el Concejo Deliberante por la placa a los h\u00e9roes del Crucero General Belgrano que se coloc\u00f3 en Nueva C\u00f3rdoba pero que no inclu\u00eda nombres de la tripulaci\u00f3n. Sino, por el contrario, el nombre de los concejales. Por esto, fue que hubo una tensa reuni\u00f3n de labor parlamentaria el jueves pasado y hubo <a href=\"https:\/\/puntoapunto.com.ar\/tag\/temas\/\" class=\"st_tag internal_tag\" rel=\"tag\" title=\"Posts tagged with Temas\">temas<\/a> que se propuso pasarlos reci\u00e9n para esta semana, porque el primer objetivo de estos d\u00edas fue tratar de bajar la espuma.<\/p>\n<p>Ahora, en torno a las responsabilidades, se siguen tirando de un lado y del otro por lo ocurrido. El Frente C\u00edvico, promotor del proyecto, sostiene que la placa se debi\u00f3 al manejo de protocolo del cuerpo; y en el oficialismo le apuntaron a los que hicieron bajar la bandera del LGBTQI+ el a\u00f1o pasado por azuzar la discusi\u00f3n.<\/p>\n<p>\u201cNo nos vamos a dejar correr por un par de fachos\u201d, dijo una voz calificada dentro del Concejo. Lo cierto es que, probablemente, en un par de semanas se subsane la cuesti\u00f3n. \u201cVenimos haciendo bien las cosas entre el oficialismo y la oposici\u00f3n, con los recortes de los sueldos que se destinaron a fondos e insumos sanitarios por la pandemia, y \u00bfsomos noticia por esto?\u201d, agreg\u00f3 otro peronista sobre el final de la semana.<\/p>\n<p>No tags for this post. <!-- A generated by theme --> <!-- end A --> <\/p>\n","protected":false},"excerpt":{"rendered":"<p>Se sabe, la legisladora provincial Natalia de la Sota ser\u00e1 la primera candidata a diputada nacional en la lista que llevar\u00e1 Hacemos por C\u00f3rdoba en las pr\u00f3ximas elecciones legislativas. La hija del exgobernador Jos\u00e9 Manuel de la Sota encabezar\u00e1 un tramo de la boleta, en tanto que la diputada nacional, Alejandra Vigo, ser\u00e1 la primera [&hellip;]<\/p>\n","protected":false},"author":1,"featured_media":4299,"comment_status":"open","ping_status":"closed","sticky":false,"template":"","format":"standard","meta":[],"categories":[14],"tags":[],"_links":{"self":[{"href":"http:\/\/nuevacordoba.net\/index.php\/wp-json\/wp\/v2\/posts\/4298"}],"collection":[{"href":"http:\/\/nuevacordoba.net\/index.php\/wp-json\/wp\/v2\/posts"}],"about":[{"href":"http:\/\/nuevacordoba.net\/index.php\/wp-json\/wp\/v2\/types\/post"}],"author":[{"embeddable":true,"href":"http:\/\/nuevacordoba.net\/index.php\/wp-json\/wp\/v2\/users\/1"}],"replies":[{"embeddable":true,"href":"http:\/\/nuevacordoba.net\/index.php\/wp-json\/wp\/v2\/comments?post=4298"}],"version-history":[{"count":0,"href":"http:\/\/nuevacordoba.net\/index.php\/wp-json\/wp\/v2\/posts\/4298\/revisions"}],"wp:featuredmedia":[{"embeddable":true,"href":"http:\/\/nuevacordoba.net\/index.php\/wp-json\/wp\/v2\/media\/4299"}],"wp:attachment":[{"href":"http:\/\/nuevacordoba.net\/index.php\/wp-json\/wp\/v2\/media?parent=4298"}],"wp:term":[{"taxonomy":"category","embeddable":true,"href":"http:\/\/nuevacordoba.net\/index.php\/wp-json\/wp\/v2\/categories?post=4298"},{"taxonomy":"post_tag","embeddable":true,"href":"http:\/\/nuevacordoba.net\/index.php\/wp-json\/wp\/v2\/tags?post=4298"}],"curies":[{"name":"wp","href":"https:\/\/api.w.org\/{rel}","templated":true}]}}