{"id":4306,"date":"2021-05-10T10:14:13","date_gmt":"2021-05-10T10:14:13","guid":{"rendered":"http:\/\/nuevacordoba.net\/index.php\/2021\/05\/10\/tras-la-represion-de-palestinos-en-jerusalen-la-policia-permite-polemica-marcha-israeli\/"},"modified":"2021-05-10T10:14:13","modified_gmt":"2021-05-10T10:14:13","slug":"tras-la-represion-de-palestinos-en-jerusalen-la-policia-permite-polemica-marcha-israeli","status":"publish","type":"post","link":"http:\/\/nuevacordoba.net\/index.php\/2021\/05\/10\/tras-la-represion-de-palestinos-en-jerusalen-la-policia-permite-polemica-marcha-israeli\/","title":{"rendered":"Tras la represi\u00f3n de palestinos en Jerusal\u00e9n, la polic\u00eda permite pol\u00e9mica marcha israel\u00ed"},"content":{"rendered":"<div class=\"image\" id=\"image\" readability=\"8\"> <img src=\"http:\/\/nuevacordoba.net\/wp-content\/uploads\/2021\/05\/tras-la-represion-de-palestinos-en-jerusalen-la-policia-permite-polemica-marcha-israeli.jpg\" alt=\"La polic\u00eda de Israel dio hoy luz verde a un controvertido desfile por Jerusal\u00e9n que los israel\u00edes realizan cada a\u00f1o para reivindicar su soberan\u00eda sobre toda la ciudad\" title=\"La polic\u00eda de Israel dio hoy luz verde a un controvertido desfile por Jerusal\u00e9n que los israel\u00edes realizan cada a\u00f1o para reivindicar su soberan\u00eda sobre toda la ciudad\"><\/p>\n<p>La polic\u00eda de Israel dio hoy luz verde a un controvertido desfile por Jerusal\u00e9n que los israel\u00edes realizan cada a\u00f1o para reivindicar su soberan\u00eda sobre toda la ciudad<\/p>\n<\/div>\n<p>La polic\u00eda de Israel dio luz verde a un controvertido desfile por Jerusal\u00e9n que los israel\u00edes realizan cada a\u00f1o para reivindicar su soberan\u00eda sobre toda la ciudad, pese a varios d\u00edas de enfrentamientos y de crecientes tensiones entre palestinos e israel\u00edes.<\/p>\n<p>El desfile del pr\u00f3ximo lunes del D\u00eda de Jerusal\u00e9n pasar\u00e1 por la Ciudad Vieja, la antigua ciudadela amurallada que se ubicada en Jerusal\u00e9n este y alberga el sitio m\u00e1s sagrado del juda\u00edsmo y algunos de los lugares m\u00e1s santos del islam y el cristianismo.<\/p>\n<p>Israel <strong>captur\u00f3 esa parte de mayor\u00eda palestina de Jerusal\u00e9n en una guerra en 1967 y luego se la anexion\u00f3<\/strong>, y desde entonces es uno de los epicentros del conflicto que desde hace d\u00e9cadas agita a Medio Oriente.<\/p>\n<p>Los palestinos aspiran a hacer de Jerusal\u00e9n este la capital del Estado independiente que quieren fundar en el resto de Cisjordania, tambi\u00e9n ocupada por Israel, y en la Franja de Gaza, territorio separado de Cisjordania por el del Estado jud\u00edo.<\/p>\n<p><strong>La polic\u00eda israel\u00ed autoriz\u00f3 la marcha del pr\u00f3ximo lunes pese a varios d\u00edas de tensiones y enfrentamientos entre israel\u00edes <\/strong>y palestinos en la Ciudad Vieja, que se agravaron este fin de semana.<\/p>\n<p>M\u00e1s de 250 personas resultaron heridas la noche del viernes y s\u00e1bado dentro de la Ciudad Vieja y sus alrededores cuando la polic\u00eda trat\u00f3 de desalojar a decenas de miles de palestinos que hab\u00edan ingresado al recinto para orar cerca de una de sus mezquitas.<\/p>\n<p><strong>La represi\u00f3n del s\u00e1bado por la noche termin\u00f3 adem\u00e1s con 29 palestinos detenidos<\/strong>, inform\u00f3 el diario israel\u00ed Haaretz, que cit\u00f3 a fuentes policiales.<\/p>\n<p>Adem\u00e1s, el Fondo de Naciones Unidas para la Infancia (Unicef) denunci\u00f3 que hasta 29 ni\u00f1os, entre los que se encontraba uno de un a\u00f1o, resultaron heridos en los disturbios y que al menos ocho menores habr\u00edan sido detenidos, adem\u00e1s del bloqueo para el ingreso de la ambulancia a la zona de la protesta.<\/p>\n<p><strong>El director regional de Unicef para Oriente Pr\u00f3ximo y el Norte de \u00c1frica, Ted Chaiban, y la representante en el Estado de Palestina, Lucia Elmi<\/strong>, instaron a las autoridades israel\u00edes a \u00ababstenerse de usar la violencia contra los ni\u00f1os y a liberar a los ni\u00f1os detenidos\u00bb, seg\u00fan inform\u00f3 la agencia Europa Press.<\/p>\n<p>El desfile marca la captura de Jerusal\u00e9n este por parte de Israel y suele contar con la asistencia de nacionalistas de l\u00ednea dura que atraviesan el sector musulm\u00e1n de la Ciudad Vieja hasta el Muro de los Lamentos, el sitio m\u00e1s sagrado para los jud\u00edos.<\/p>\n<p>El evento anual es ampliamente percibido como provocador, y el desfile de este a\u00f1o llega en un momento particularmente vol\u00e1til.<\/p>\n<p>Antes del amanecer, miles de fieles musulmanes se enfrentaron nuevamente con la polic\u00eda israel\u00ed a las puertas del recinto de la mezquita de Al-Aqsa en la Ciudad Vieja.<\/p>\n<p>Videos subidos a redes sociales mostraron a palestinos arrojando botellas de agua y piedras a los oficiales, quienes dispararon granadas paralizantes.<\/p>\n<p>Amos Gilad, un ex alto funcionario de Defensa, dijo a la Radio Militar que el desfile del D\u00eda de Jerusal\u00e9n deber\u00eda cancelarse o realizarse fuera de la Ciudad Vieja, porque, seg\u00fan ilustr\u00f3, <strong>\u00abel barril de p\u00f3lvora est\u00e1 ardiendo y puede explotar en cualquier momento\u00bb.<\/strong><\/p>\n<p>Sin embargo, el portavoz de la polic\u00eda, <strong>Eli Levi, asegur\u00f3 que no hab\u00eda planes para suspender el desfile del D\u00eda de Jerusal\u00e9n, a pesar de la creciente fricci\u00f3n y el potencial de violencia.<\/strong><\/p>\n<p>Los enfrentamientos de anoche coincidieron con el Laylat al-Qadr, o la \u00abnoche del destino\u00bb, el per\u00edodo m\u00e1s sagrado del mes de ayuno musulm\u00e1n del Ramad\u00e1n, que culmina la semana pr\u00f3xima.<\/p>\n<p>Ya los disturbios del viernes a la noche se hab\u00edan seguido de condenas de los aliados \u00e1rabes de Israel y llamados a la calma de Estados Unidos, Europa y Naciones Unidas, y el papa Francisco pidi\u00f3 el fin de la violencia.<\/p>\n<p>\u00abLos invito a todos a encontrar soluciones compartidas para que se respete la identidad multirreligiosa y multicultural de la Ciudad Santa\u201d, <strong>dijo el Papa en un mensaje luego de la oraci\u00f3n dominical en la Plaza de San Pedro del Vaticano.<\/strong><\/p>\n<p>El Ministerio de Relaciones Exteriores de Jordania dijo en un comunicado que el reino hab\u00eda \u00abpedido a las autoridades israel\u00edes que detuvieran sus violaciones y respetaran la santidad de la mezquita, la libertad de los fieles y el status quo hist\u00f3rico y legal\u00bb.<\/p>\n<p>En contrapartida, el primer ministro Benjamin Netanyahu asegur\u00f3 que Israel \u201cno permitir\u00e1 que ning\u00fan extremista desestabilice la calma en Jerusal\u00e9n. Haremos cumplir la ley y el orden\u00bb. <\/p>\n","protected":false},"excerpt":{"rendered":"<p>La polic\u00eda de Israel dio hoy luz verde a un controvertido desfile por Jerusal\u00e9n que los israel\u00edes realizan cada a\u00f1o para reivindicar su soberan\u00eda sobre toda la ciudad La polic\u00eda de Israel dio luz verde a un controvertido desfile por Jerusal\u00e9n que los israel\u00edes realizan cada a\u00f1o para reivindicar su soberan\u00eda sobre toda la ciudad, [&hellip;]<\/p>\n","protected":false},"author":1,"featured_media":4307,"comment_status":"closed","ping_status":"closed","sticky":false,"template":"","format":"standard","meta":[],"categories":[13],"tags":[],"_links":{"self":[{"href":"http:\/\/nuevacordoba.net\/index.php\/wp-json\/wp\/v2\/posts\/4306"}],"collection":[{"href":"http:\/\/nuevacordoba.net\/index.php\/wp-json\/wp\/v2\/posts"}],"about":[{"href":"http:\/\/nuevacordoba.net\/index.php\/wp-json\/wp\/v2\/types\/post"}],"author":[{"embeddable":true,"href":"http:\/\/nuevacordoba.net\/index.php\/wp-json\/wp\/v2\/users\/1"}],"replies":[{"embeddable":true,"href":"http:\/\/nuevacordoba.net\/index.php\/wp-json\/wp\/v2\/comments?post=4306"}],"version-history":[{"count":0,"href":"http:\/\/nuevacordoba.net\/index.php\/wp-json\/wp\/v2\/posts\/4306\/revisions"}],"wp:featuredmedia":[{"embeddable":true,"href":"http:\/\/nuevacordoba.net\/index.php\/wp-json\/wp\/v2\/media\/4307"}],"wp:attachment":[{"href":"http:\/\/nuevacordoba.net\/index.php\/wp-json\/wp\/v2\/media?parent=4306"}],"wp:term":[{"taxonomy":"category","embeddable":true,"href":"http:\/\/nuevacordoba.net\/index.php\/wp-json\/wp\/v2\/categories?post=4306"},{"taxonomy":"post_tag","embeddable":true,"href":"http:\/\/nuevacordoba.net\/index.php\/wp-json\/wp\/v2\/tags?post=4306"}],"curies":[{"name":"wp","href":"https:\/\/api.w.org\/{rel}","templated":true}]}}