{"id":43070,"date":"2024-04-30T12:30:29","date_gmt":"2024-04-30T12:30:29","guid":{"rendered":"https:\/\/cordoba.gob.ar\/?p=57370"},"modified":"2024-04-30T12:30:29","modified_gmt":"2024-04-30T12:30:29","slug":"hoy-en-el-museo-metropolitano-de-arte-urbano-se-celebra-el-dia-internacional-de-jazz-con-la-super-jam-cordoba","status":"publish","type":"post","link":"http:\/\/nuevacordoba.net\/index.php\/2024\/04\/30\/hoy-en-el-museo-metropolitano-de-arte-urbano-se-celebra-el-dia-internacional-de-jazz-con-la-super-jam-cordoba\/","title":{"rendered":"Hoy en el Museo Metropolitano de Arte Urbano se celebra el D\u00eda Internacional de Jazz con la \u201cS\u00faper Jam C\u00f3rdoba\u201d"},"content":{"rendered":"<div><img src=\"http:\/\/nuevacordoba.net\/wp-content\/uploads\/2024\/04\/hoy-en-el-museo-metropolitano-de-arte-urbano-se-celebra-el-dia-internacional-de-jazz-con-la-super-jam-cordoba.jpg\" class=\"ff-og-image-inserted\"><\/div>\n<p>Ser\u00e1 a partir de las 19 horas con entrada libre y gratuita.<\/p>\n<hr>\n<p data-pm-slice=\"1 1 []\">La Municipalidad de C\u00f3rdoba, a trav\u00e9s de la Secretar\u00eda de Comunicaci\u00f3n y Cultura, invita a la conmemoraci\u00f3n del D\u00eda Internacional de Jazz con la \u201cS\u00faper Jam C\u00f3rdoba\u201d en el Museo Metropolitano de Urbano Plaza Espa\u00f1a (MMAU) a las 19 horas, con entrada libre y gratuita.<\/p>\n<p>El festejo se vivir\u00e1 bajo la modalidad de Jam Session, una tradici\u00f3n dentro del mundo del jazz en la que m\u00fasicos, sin previo ensayo, improvisan m\u00fasica en escena. En ese sentido, bandas y cantantes destacados de la ciudad se presentar\u00e1n para generar un repertorio espont\u00e1neo y \u00fanico.<\/p>\n<p>De esta forma, la ciudad ser\u00e1 parte de una celebraci\u00f3n mundial que busca no s\u00f3lo envolver distintos espacios con su ritmo, sino tambi\u00e9n promoverlo como g\u00e9nero que a trav\u00e9s de su diversidad reforz\u00f3 la lucha contra la discriminaci\u00f3n.<\/p>\n<p>Esta propuesta se suma a una serie de eventos que desde la Secretar\u00eda de Comunicaci\u00f3n y Cultura municipal se vienen realizando en torno al estilo musical, como el Carnaval y Festival de Jazz, que a\u00f1o tras a\u00f1o, apuntan a visibilizar el sector, posibilitando su encuentro con la comunidad.<\/p>\n<p><strong>Sobre el D\u00eda Internacional de Jazz<\/strong><\/p>\n<p>El D\u00eda Internacional del Jazz fue declarado por la UNESCO en 2011 y tiene como objetivo sensibilizar sobre las virtudes del g\u00e9nero como herramienta educativa y como motor para la paz, la unidad, el di\u00e1logo y el refuerzo de la cooperaci\u00f3n entre pueblos, contribuyendo as\u00ed a la construcci\u00f3n de sociedades m\u00e1s inclusivas.<\/p>\n<p>En el jazz cada show es \u00fanico, la interacci\u00f3n entre los m\u00fasicos crea una pieza nueva en cada encuentro, nunca la expresi\u00f3n de la obra es igual, es arte en movimiento.<\/p>\n<p>El Jazz es sin\u00f3nimo de libertad, es el lugar donde la t\u00e9cnica acompa\u00f1a a la improvisaci\u00f3n y da como resultado la expresi\u00f3n libre y la composici\u00f3n colectiva en tiempo real. Pocos estilos, como el jazz, tienen la creaci\u00f3n espont\u00e1nea en vivo y en directo.<\/p>\n","protected":false},"excerpt":{"rendered":"<p>Ser\u00e1 a partir de las 19 horas con entrada libre y gratuita. La Municipalidad de C\u00f3rdoba, a trav\u00e9s de la Secretar\u00eda de Comunicaci\u00f3n y Cultura, invita a la conmemoraci\u00f3n del D\u00eda Internacional de Jazz con la \u201cS\u00faper Jam C\u00f3rdoba\u201d en el Museo Metropolitano de Urbano Plaza Espa\u00f1a (MMAU) a las 19 horas, con entrada libre [&hellip;]<\/p>\n","protected":false},"author":1,"featured_media":43071,"comment_status":"closed","ping_status":"closed","sticky":false,"template":"","format":"standard","meta":[],"categories":[14],"tags":[],"_links":{"self":[{"href":"http:\/\/nuevacordoba.net\/index.php\/wp-json\/wp\/v2\/posts\/43070"}],"collection":[{"href":"http:\/\/nuevacordoba.net\/index.php\/wp-json\/wp\/v2\/posts"}],"about":[{"href":"http:\/\/nuevacordoba.net\/index.php\/wp-json\/wp\/v2\/types\/post"}],"author":[{"embeddable":true,"href":"http:\/\/nuevacordoba.net\/index.php\/wp-json\/wp\/v2\/users\/1"}],"replies":[{"embeddable":true,"href":"http:\/\/nuevacordoba.net\/index.php\/wp-json\/wp\/v2\/comments?post=43070"}],"version-history":[{"count":0,"href":"http:\/\/nuevacordoba.net\/index.php\/wp-json\/wp\/v2\/posts\/43070\/revisions"}],"wp:featuredmedia":[{"embeddable":true,"href":"http:\/\/nuevacordoba.net\/index.php\/wp-json\/wp\/v2\/media\/43071"}],"wp:attachment":[{"href":"http:\/\/nuevacordoba.net\/index.php\/wp-json\/wp\/v2\/media?parent=43070"}],"wp:term":[{"taxonomy":"category","embeddable":true,"href":"http:\/\/nuevacordoba.net\/index.php\/wp-json\/wp\/v2\/categories?post=43070"},{"taxonomy":"post_tag","embeddable":true,"href":"http:\/\/nuevacordoba.net\/index.php\/wp-json\/wp\/v2\/tags?post=43070"}],"curies":[{"name":"wp","href":"https:\/\/api.w.org\/{rel}","templated":true}]}}