{"id":43077,"date":"2024-04-30T21:10:29","date_gmt":"2024-04-30T21:10:29","guid":{"rendered":"https:\/\/cordoba.gob.ar\/?p=57354"},"modified":"2024-04-30T21:10:29","modified_gmt":"2024-04-30T21:10:29","slug":"mas-de-1800-docentes-municipales-participaron-de-la-primera-jornada-de-formacion-situada","status":"publish","type":"post","link":"http:\/\/nuevacordoba.net\/index.php\/2024\/04\/30\/mas-de-1800-docentes-municipales-participaron-de-la-primera-jornada-de-formacion-situada\/","title":{"rendered":"M\u00e1s de 1800 docentes municipales participaron de la primera jornada de Formaci\u00f3n Situada"},"content":{"rendered":"<div><img src=\"http:\/\/nuevacordoba.net\/wp-content\/uploads\/2024\/05\/mas-de-1800-docentes-municipales-participaron-de-la-primera-jornada-de-formacion-situada.jpg\" class=\"ff-og-image-inserted\"><\/div>\n<ul>\n<li><strong>El eje de la jornada fueron los procesos alfabetizadores, con \u00e9nfasis en las categor\u00edas \u201cdisponibilidad\u201d y \u201cacceso\u201d, fomentando la colaboraci\u00f3n entre niveles y modalidades.<\/strong><\/li>\n<\/ul>\n<hr>\n<p>La Municipalidad de C\u00f3rdoba, a trav\u00e9s de la Secretar\u00eda de Educaci\u00f3n, puso en marcha la primera jornada del dispositivo Formaci\u00f3n Situada, en la que participan todos los docentes del sistema educativo municipal, incluyendo nivel inicial, primario y modalidades.<\/p>\n<p>El eje de la jornada fueron los procesos alfabetizadores, con \u00e9nfasis en las categor\u00edas \u201cdisponibilidad\u201d y \u201cacceso\u201d, fomentando la colaboraci\u00f3n entre niveles y modalidades.<\/p>\n<p>Docentes debatieron sobre qu\u00e9 objetos culturales se ponen a disposici\u00f3n de los estudiantes desde todos los campos curriculares, y c\u00f3mo promover el acceso para la apropiaci\u00f3n de los mismos, ampliando as\u00ed los horizontes culturales de ni\u00f1as, ni\u00f1os, j\u00f3venes y adultos que transitan por el sistema educativo municipal.<\/p>\n<p>Se dispusieron 31 sedes para el trabajo entre niveles inicial y primario, y 7 sedes para el abordaje de ramos especiales, como Educaci\u00f3n Art\u00edstica, EDIPRO, Educaci\u00f3n F\u00edsica, entre otros.<\/p>\n<p><em>\u201cEstamos comprometidos con la mejora continua de la ense\u00f1anza para m\u00e1s y mejores aprendizajes\u201d,<\/em> expres\u00f3 la secretaria de Educaci\u00f3n, Alicia La Terza.<\/p>\n<p>Por su parte, directora General de Aprendizaje y Desarrollo Profesional, Susana Amancio, destac\u00f3: <em>\u201cla log\u00edstica dise\u00f1ada fue pensada para fomentar la colaboraci\u00f3n entre docentes de escuelas, jardines, parques y modalidad adultos. La diversidad de perspectivas enriquece el enfoque educativo\u201d.<\/em><\/p>\n<p><em>\u201cEstamos expectantes por el potencial de esta articulaci\u00f3n entre niveles. El objetivo es una educaci\u00f3n m\u00e1s inclusiva, cuidando la trayectoria educativa de los estudiantes\u201d<\/em>, sintetiz\u00f3 Mariana, una de las docentes que particip\u00f3 de la sede Parque Educativo Noroeste.<\/p>\n<p>Daniela, docente de nivel inicial, concluy\u00f3: \u201cFelices todas por la oportunidad de encuentro, de saberes compartidos, de poder continuar construyendo en equipo\u201d.<\/p>\n","protected":false},"excerpt":{"rendered":"<p>El eje de la jornada fueron los procesos alfabetizadores, con \u00e9nfasis en las categor\u00edas \u201cdisponibilidad\u201d y \u201cacceso\u201d, fomentando la colaboraci\u00f3n entre niveles y modalidades. La Municipalidad de C\u00f3rdoba, a trav\u00e9s de la Secretar\u00eda de Educaci\u00f3n, puso en marcha la primera jornada del dispositivo Formaci\u00f3n Situada, en la que participan todos los docentes del sistema educativo [&hellip;]<\/p>\n","protected":false},"author":1,"featured_media":43078,"comment_status":"closed","ping_status":"closed","sticky":false,"template":"","format":"standard","meta":[],"categories":[14],"tags":[],"_links":{"self":[{"href":"http:\/\/nuevacordoba.net\/index.php\/wp-json\/wp\/v2\/posts\/43077"}],"collection":[{"href":"http:\/\/nuevacordoba.net\/index.php\/wp-json\/wp\/v2\/posts"}],"about":[{"href":"http:\/\/nuevacordoba.net\/index.php\/wp-json\/wp\/v2\/types\/post"}],"author":[{"embeddable":true,"href":"http:\/\/nuevacordoba.net\/index.php\/wp-json\/wp\/v2\/users\/1"}],"replies":[{"embeddable":true,"href":"http:\/\/nuevacordoba.net\/index.php\/wp-json\/wp\/v2\/comments?post=43077"}],"version-history":[{"count":0,"href":"http:\/\/nuevacordoba.net\/index.php\/wp-json\/wp\/v2\/posts\/43077\/revisions"}],"wp:featuredmedia":[{"embeddable":true,"href":"http:\/\/nuevacordoba.net\/index.php\/wp-json\/wp\/v2\/media\/43078"}],"wp:attachment":[{"href":"http:\/\/nuevacordoba.net\/index.php\/wp-json\/wp\/v2\/media?parent=43077"}],"wp:term":[{"taxonomy":"category","embeddable":true,"href":"http:\/\/nuevacordoba.net\/index.php\/wp-json\/wp\/v2\/categories?post=43077"},{"taxonomy":"post_tag","embeddable":true,"href":"http:\/\/nuevacordoba.net\/index.php\/wp-json\/wp\/v2\/tags?post=43077"}],"curies":[{"name":"wp","href":"https:\/\/api.w.org\/{rel}","templated":true}]}}