{"id":43085,"date":"2024-04-30T23:02:38","date_gmt":"2024-04-30T23:02:38","guid":{"rendered":"https:\/\/www.ole.com.ar\/futbol-ascenso\/ascenso-primeranacional-tristansuarez-josemariamartinez_0_OObEg6z8or.html"},"modified":"2024-04-30T23:02:38","modified_gmt":"2024-04-30T23:02:38","slug":"trabajo-con-maradona-y-ahora-se-hara-cargo-de-tristan-suarez","status":"publish","type":"post","link":"http:\/\/nuevacordoba.net\/index.php\/2024\/04\/30\/trabajo-con-maradona-y-ahora-se-hara-cargo-de-tristan-suarez\/","title":{"rendered":"Trabaj\u00f3 con Maradona y ahora se har\u00e1 cargo de Trist\u00e1n Su\u00e1rez"},"content":{"rendered":"<p><time class=\"createDate\" datetime=\"2024-04-30T20:02:38-03:00\">30\/04\/2024 20:02hs.<\/time><time class=\"modificatedDate\" datetime=\"2024-04-30T20:05:22-03:00\"> Actualizado al 30\/04\/2024 20:05hs.<\/time><\/p>\n<div id=\"storyBody\">\n<div class=\"custom-text \" readability=\"34.945054945055\">\n<p>Los cambios de t\u00e9cnicos en el <a href=\"https:\/\/www.ole.com.ar\/futbol-ascenso\/b-nacional\" target=\"_self\" title=\"Nacional\" alt=\"Nacional\" rel=\"noopener\">Nacional<\/a> no cesan. La exigencia de la categor\u00eda entr\u00f3 en un punto en el que, a tan s\u00f3lo tres meses de haber iniciado el torneo, <strong>18 entrenadores ya dejaron su cargo<\/strong>. N\u00fameros terribles teniendo en cuenta que apenas van 13 fechas disputadas.<\/p>\n<\/div>\n<div class=\"custom-text \" readability=\"36.29746835443\">\n<p>Uno de esos casos fue el de<strong> Sebasti\u00e1n Salom\u00f3n<\/strong>. El ex jugador y entrenador de <a href=\"https:\/\/www.ole.com.ar\/lanus\" target=\"_self\" title=\"Lan\u00fas\" alt=\"Lan\u00fas\" rel=\"noopener\">Lan\u00fas<\/a> <strong>dio un paso al costado en Trist\u00e1n Su\u00e1rez<\/strong> tras la \u00faltima ca\u00edda frente a Estudiantes, alcanzando las cuatro derrotas consecutivas. A\u00fan as\u00ed, desde la dirigencia del Lechero se movieron r\u00e1pido y ya consiguieron su reemplazante.<\/p>\n<\/div>\n<div class=\"custom-text \" readability=\"37\">\n<p><strong>Se trata de Jos\u00e9 Mar\u00eda Mart\u00ednez<\/strong>, quien tambi\u00e9n integra la larga lista tras un breve paso por San Mart\u00edn de San Juan. El experimentado det\u00e9 firm\u00f3 esta martes su contrato con Trist\u00e1n, y estar\u00e1 acompa\u00f1ado por Juan Marcelo Cirelli -ayudante de campo- y Tom\u00e1s Antonio Matarazzi -preparador f\u00edsico-.<\/p>\n<\/div>\n<div class=\"sc-e7b891c4-0 jPbnQF\"><img alt=\"El ex DT de Flandria vuelve a dirigir un club del Nacional. (@CSyDFlandria).\" src=\"http:\/\/nuevacordoba.net\/wp-content\/uploads\/2024\/05\/trabajo-con-maradona-y-ahora-se-hara-cargo-de-tristan-suarez.jpg\" width=\"720\" height=\"100\" decoding=\"async\" data-nimg=\"future\" loading=\"lazy\"><span class=\"epigraphe\">El ex DT de Flandria vuelve a dirigir un club del Nacional. (@CSyDFlandria).<\/span><\/div>\n<p><h2><strong>La carrera de Mart\u00ednez como entrenador y su experiencia con Maradona<\/strong><\/h2>\n<\/p>\n<div class=\"custom-text \" readability=\"43\">\n<p>El t\u00e9cnico de 56 a\u00f1os registra pasos por los bancos de <strong>San Mart\u00edn de Mendoza<\/strong>, <strong>Quilmes<\/strong>, <strong>2 de mayo<\/strong> de Paraguay, <strong>Defensa y Justicia<\/strong>, <strong>Juventud Unida<\/strong>, <strong>Defensores de Belgrano<\/strong> (Villa Ramallo), <strong>Flandria<\/strong>, <strong>San Luis de Quillota de Chile<\/strong>, <strong>Villa D\u00e1lmine<\/strong>, <strong>Alvarado <\/strong>y<strong> San Mart\u00edn de San Juan<\/strong>.<\/p>\n<\/div>\n<div class=\"custom-text \" readability=\"33.196261682243\">\n<p>Adem\u00e1s, fue ayudante de campo en Arsenal, Monarcas de Morelia -con \u00c1ngel Comizzo-, Almagro -junto a Sebasti\u00e1n Battaglia- y tambi\u00e9n <strong>acompa\u00f1\u00f3 ni m\u00e1s ni menos que a <a href=\"https:\/\/www.ole.com.ar\/maradona\" target=\"_self\" title=\"Diego Armando Maradona\" alt=\"Diego Armando Maradona\" rel=\"noopener\">Diego Armando Maradona<\/a> <\/strong>en Dorados de Sinaloa.<\/p>\n<\/div>\n<div class=\"sc-e7b891c4-0 jPbnQF\"><img alt=\"Mart\u00ednez junto a Maradona en Dorados. (Foto: Prensa Dorados de Sinaloa).\" src=\"http:\/\/nuevacordoba.net\/wp-content\/uploads\/2024\/05\/trabajo-con-maradona-y-ahora-se-hara-cargo-de-tristan-suarez-1.jpg\" width=\"720\" height=\"100\" decoding=\"async\" data-nimg=\"future\" loading=\"lazy\"><span class=\"epigraphe\">Mart\u00ednez junto a Maradona en Dorados. (Foto: Prensa Dorados de Sinaloa).<\/span><\/div>\n<p><h2><strong>Sus primeras palabras como entrenador del Lechero<\/strong><\/h2>\n<\/p>\n<div class=\"custom-text \" readability=\"36\">\n<p>\u00abMe sent\u00ed muy reconfortado apenas puse un pie en la instituci\u00f3n.<strong> Me encontr\u00e9 con muchas comodidades para trabajar<\/strong>, que en definitiva es lo que todos los entrenadores deseamos\u00bb, expres\u00f3 sobre su primera impresi\u00f3n en el club.<\/p>\n<\/div>\n<div class=\"custom-text \" readability=\"41\">\n<p>\u00abEn lo futbol\u00edstico, s\u00e9 cu\u00e1l es la realidad del equipo, pero no pienso en lo que pas\u00f3. Solo pienso en el presente, poder conocernos con los muchachos, conocer al plantel, hablar mucho con ellos y aceptar esta realidad para poder modificarla. <strong>Lo importante ser\u00e1 sacarle la mejor expresi\u00f3n a los jugadores<\/strong>\u00ab, cerr\u00f3.<\/p>\n<\/div>\n<div class=\"custom-text \" readability=\"37\">\n<p>El momento de Trist\u00e1n Su\u00e1rez no es el mejor: con diez puntos,<strong> se encuentra \u00faltimo de la zona A<\/strong>. Adem\u00e1s, es el equipo que m\u00e1s goles recibi\u00f3 en su zona y el segundo en toda la categor\u00eda (s\u00f3lo lo supera Brown de Adrogu\u00e9). Un d\u00e9ficit que Mart\u00ednez deber\u00e1 mejorar para salir del pozo en el que se encuentra el club deportivamente.<\/p>\n<\/div>\n<div class=\"sc-a7166897-0 exHLBh\" readability=\"7\">\n<section readability=\"4\"><picture><img alt=\"Gallardo, eliminado, revel\u00f3 que no sabe c\u00f3mo seguir\u00e1 su futuro en Arabia\" src=\"http:\/\/nuevacordoba.net\/wp-content\/uploads\/2024\/05\/trabajo-con-maradona-y-ahora-se-hara-cargo-de-tristan-suarez-2.jpg\" width=\"290\" height=\"290\" decoding=\"async\" data-nimg=\"future\" loading=\"lazy\"><\/picture>\n<p><span>Mir\u00e1 tambi\u00e9n<\/span><\/p>\n<hr>\n<h3>Gallardo, eliminado, revel\u00f3 que no sabe c\u00f3mo seguir\u00e1 su futuro en Arabia<\/h3>\n<\/p>\n<\/section>\n<\/div>\n<div class=\"sc-a7166897-0 exHLBh\" readability=\"6.5\">\n<section readability=\"3\"><picture><img alt=\"Bayern y Real Madrid, un gran 2-2 que dej\u00f3 todo abierto \" src=\"http:\/\/nuevacordoba.net\/wp-content\/uploads\/2024\/05\/trabajo-con-maradona-y-ahora-se-hara-cargo-de-tristan-suarez-3.jpg\" width=\"290\" height=\"290\" decoding=\"async\" data-nimg=\"future\" loading=\"lazy\"><\/picture>\n<p><span>Mir\u00e1 tambi\u00e9n<\/span><\/p>\n<hr>\n<h3>Bayern y Real Madrid, un gran 2-2 que dej\u00f3 todo abierto<br \/>\n<\/h3>\n<\/p>\n<\/section>\n<\/div>\n<div class=\"sc-a7166897-0 exHLBh\" readability=\"6\">\n<section readability=\"2\"><picture><img alt=\"Video: el mal momento de Chiquito Romero en la previa de la semifinal\" src=\"http:\/\/nuevacordoba.net\/wp-content\/uploads\/2024\/05\/trabajo-con-maradona-y-ahora-se-hara-cargo-de-tristan-suarez-4.jpg\" width=\"290\" height=\"290\" decoding=\"async\" data-nimg=\"future\" loading=\"lazy\"><\/picture>\n<p><span>Mir\u00e1 tambi\u00e9n<\/span><\/p>\n<hr>\n<h3>Video: el mal momento de Chiquito Romero en la previa de la semifinal<\/h3>\n<\/p>\n<\/section>\n<\/div>\n<div class=\"sc-a7166897-0 exHLBh\" readability=\"6\">\n<section readability=\"2\"><picture><img alt=\"Racing est\u00e1 muy cerca de confirmar el futuro de Lolo Miranda\" src=\"http:\/\/nuevacordoba.net\/wp-content\/uploads\/2024\/05\/trabajo-con-maradona-y-ahora-se-hara-cargo-de-tristan-suarez-5.jpg\" width=\"290\" height=\"290\" decoding=\"async\" data-nimg=\"future\" loading=\"lazy\"><\/picture>\n<p><span>Mir\u00e1 tambi\u00e9n<\/span><\/p>\n<hr>\n<h3>Racing est\u00e1 muy cerca de confirmar el futuro de Lolo Miranda<\/h3>\n<\/p>\n<\/section>\n<\/div>\n<\/div>\n","protected":false},"excerpt":{"rendered":"<p>30\/04\/2024 20:02hs. Actualizado al 30\/04\/2024 20:05hs. Los cambios de t\u00e9cnicos en el Nacional no cesan. La exigencia de la categor\u00eda entr\u00f3 en un punto en el que, a tan s\u00f3lo tres meses de haber iniciado el torneo, 18 entrenadores ya dejaron su cargo. N\u00fameros terribles teniendo en cuenta que apenas van 13 fechas disputadas. Uno [&hellip;]<\/p>\n","protected":false},"author":1,"featured_media":43086,"comment_status":"closed","ping_status":"closed","sticky":false,"template":"","format":"standard","meta":[],"categories":[10],"tags":[],"_links":{"self":[{"href":"http:\/\/nuevacordoba.net\/index.php\/wp-json\/wp\/v2\/posts\/43085"}],"collection":[{"href":"http:\/\/nuevacordoba.net\/index.php\/wp-json\/wp\/v2\/posts"}],"about":[{"href":"http:\/\/nuevacordoba.net\/index.php\/wp-json\/wp\/v2\/types\/post"}],"author":[{"embeddable":true,"href":"http:\/\/nuevacordoba.net\/index.php\/wp-json\/wp\/v2\/users\/1"}],"replies":[{"embeddable":true,"href":"http:\/\/nuevacordoba.net\/index.php\/wp-json\/wp\/v2\/comments?post=43085"}],"version-history":[{"count":0,"href":"http:\/\/nuevacordoba.net\/index.php\/wp-json\/wp\/v2\/posts\/43085\/revisions"}],"wp:featuredmedia":[{"embeddable":true,"href":"http:\/\/nuevacordoba.net\/index.php\/wp-json\/wp\/v2\/media\/43086"}],"wp:attachment":[{"href":"http:\/\/nuevacordoba.net\/index.php\/wp-json\/wp\/v2\/media?parent=43085"}],"wp:term":[{"taxonomy":"category","embeddable":true,"href":"http:\/\/nuevacordoba.net\/index.php\/wp-json\/wp\/v2\/categories?post=43085"},{"taxonomy":"post_tag","embeddable":true,"href":"http:\/\/nuevacordoba.net\/index.php\/wp-json\/wp\/v2\/tags?post=43085"}],"curies":[{"name":"wp","href":"https:\/\/api.w.org\/{rel}","templated":true}]}}