{"id":43109,"date":"2024-05-01T19:07:30","date_gmt":"2024-05-01T19:07:30","guid":{"rendered":"https:\/\/cordoba.gob.ar\/?p=57422"},"modified":"2024-05-01T19:07:30","modified_gmt":"2024-05-01T19:07:30","slug":"passerini-participo-de-la-celebracion-del-dia-internacional-de-jazz","status":"publish","type":"post","link":"http:\/\/nuevacordoba.net\/index.php\/2024\/05\/01\/passerini-participo-de-la-celebracion-del-dia-internacional-de-jazz\/","title":{"rendered":"Passerini particip\u00f3 de la celebraci\u00f3n del D\u00eda Internacional de Jazz"},"content":{"rendered":"<div><img src=\"http:\/\/nuevacordoba.net\/wp-content\/uploads\/2024\/05\/passerini-participo-de-la-celebracion-del-dia-internacional-de-jazz.jpg\" class=\"ff-og-image-inserted\"><\/div>\n<ul>\n<li><strong>Fue en el Museo Metropolitano de Arte Urbano Plaza Espa\u00f1a (MMAU) a trav\u00e9s de la \u201cS\u00faper Jam C\u00f3rdoba\u201d.<\/strong><\/li>\n<\/ul>\n<hr>\n<p>El intendente Daniel Passerini form\u00f3 parte de los festejos por el D\u00eda Internacional de Jazz en la explanada del MMAU Plaza Espa\u00f1a, con entrada libre y gratuita.<\/p>\n<p>Cientos de j\u00f3venes disfrutaron al aire libre de una hermosa celebraci\u00f3n del g\u00e9nero musical a trav\u00e9s de la modalidad de \u201cJam Session\u201d, una tradici\u00f3n dentro del mundo del Jazz en la que m\u00fasicos, sin previo ensayo, improvisan m\u00fasica en escena.<\/p>\n<p>Fue as\u00ed, que bandas y cantantes destacados de la escena musical cordobesa se presentaron y generaron un repertorio espont\u00e1neo y \u00fanico en un atardecer lleno de magia en Plaza Espa\u00f1a.<\/p>\n<p>En ese sentido, el mandatario municipal Daniel Passerini expres\u00f3: \u00abQuiero agradecer a todos los artistas que est\u00e1n aqu\u00ed representando a muchos otros artistas de C\u00f3rdoba, quienes a trav\u00e9s de la m\u00fasica llevan el arte y la cultura a todos lados\u00bb.<\/p>\n<p>Por su parte, el secretario de Comunicaci\u00f3n y Cultura, Mariano Almada, destac\u00f3: \u00abEsto es gracias al trabajo en conjunto de un enorme equipo que componen los espacios culturales y de las bandas y m\u00fasicos de C\u00f3rdoba, que hoy nos permiten conmemorar esta celebraci\u00f3n internacional de la UNESCO\u00bb.<\/p>\n<p>Con este festejo jazzero, la ciudad de C\u00f3rdoba se sum\u00f3 a una celebraci\u00f3n mundial que busca no s\u00f3lo convidar distintos espacios con su ritmo, sino tambi\u00e9n promoverlo como g\u00e9nero musical en constante lucha contra la discriminaci\u00f3n.<\/p>\n<p>Cabe destacar que el D\u00eda Internacional de Jazz fue declarado por la UNESCO en 2011 con el prop\u00f3sito de sensibilizar sobre las virtudes del g\u00e9nero como herramienta educativa y motor en la b\u00fasqueda de paz, unidad y di\u00e1logo entre los pueblos. Construyendo de esa manera sociedades m\u00e1s inclusivas.<\/p>\n<p>El Jazz surgi\u00f3 a finales del Siglo XIX en las comunidades afroamericanas de Nueva Orleans, y se ha expandido de manera global a lo largo de todo el siglo XX.<\/p>\n<p>Es un g\u00e9nero que es sin\u00f3nimo de libertad, donde la t\u00e9cnica acompa\u00f1a a la improvisaci\u00f3n, y en la interacci\u00f3n entre los m\u00fasicos se crea una nueva pieza en cada encuentro.<\/p>\n","protected":false},"excerpt":{"rendered":"<p>Fue en el Museo Metropolitano de Arte Urbano Plaza Espa\u00f1a (MMAU) a trav\u00e9s de la \u201cS\u00faper Jam C\u00f3rdoba\u201d. El intendente Daniel Passerini form\u00f3 parte de los festejos por el D\u00eda Internacional de Jazz en la explanada del MMAU Plaza Espa\u00f1a, con entrada libre y gratuita. Cientos de j\u00f3venes disfrutaron al aire libre de una hermosa [&hellip;]<\/p>\n","protected":false},"author":1,"featured_media":43110,"comment_status":"closed","ping_status":"closed","sticky":false,"template":"","format":"standard","meta":[],"categories":[14],"tags":[],"_links":{"self":[{"href":"http:\/\/nuevacordoba.net\/index.php\/wp-json\/wp\/v2\/posts\/43109"}],"collection":[{"href":"http:\/\/nuevacordoba.net\/index.php\/wp-json\/wp\/v2\/posts"}],"about":[{"href":"http:\/\/nuevacordoba.net\/index.php\/wp-json\/wp\/v2\/types\/post"}],"author":[{"embeddable":true,"href":"http:\/\/nuevacordoba.net\/index.php\/wp-json\/wp\/v2\/users\/1"}],"replies":[{"embeddable":true,"href":"http:\/\/nuevacordoba.net\/index.php\/wp-json\/wp\/v2\/comments?post=43109"}],"version-history":[{"count":0,"href":"http:\/\/nuevacordoba.net\/index.php\/wp-json\/wp\/v2\/posts\/43109\/revisions"}],"wp:featuredmedia":[{"embeddable":true,"href":"http:\/\/nuevacordoba.net\/index.php\/wp-json\/wp\/v2\/media\/43110"}],"wp:attachment":[{"href":"http:\/\/nuevacordoba.net\/index.php\/wp-json\/wp\/v2\/media?parent=43109"}],"wp:term":[{"taxonomy":"category","embeddable":true,"href":"http:\/\/nuevacordoba.net\/index.php\/wp-json\/wp\/v2\/categories?post=43109"},{"taxonomy":"post_tag","embeddable":true,"href":"http:\/\/nuevacordoba.net\/index.php\/wp-json\/wp\/v2\/tags?post=43109"}],"curies":[{"name":"wp","href":"https:\/\/api.w.org\/{rel}","templated":true}]}}