{"id":43230,"date":"2024-05-06T03:04:03","date_gmt":"2024-05-06T03:04:03","guid":{"rendered":"https:\/\/puntoapunto.com.ar\/?p=360288"},"modified":"2024-05-06T03:04:03","modified_gmt":"2024-05-06T03:04:03","slug":"como-se-gesta-la-organizacion-del-pacto-de-mayo-en-cordoba","status":"publish","type":"post","link":"http:\/\/nuevacordoba.net\/index.php\/2024\/05\/06\/como-se-gesta-la-organizacion-del-pacto-de-mayo-en-cordoba\/","title":{"rendered":"C\u00f3mo se gesta la organizaci\u00f3n del Pacto de Mayo en C\u00f3rdoba"},"content":{"rendered":"<div class=\"g g-36\">\n<div class=\"g-dyn a-29 c-1\"><a class=\"gofollow\" data-track=\"MjksMzYsMSw2MA==\" href=\"https:\/\/www.harmoniechateau.com.ar\/\" target=\"_blank\" rel=\"noopener\"><img src=\"http:\/\/nuevacordoba.net\/wp-content\/uploads\/2024\/05\/como-se-gesta-la-organizacion-del-pacto-de-mayo-en-cordoba.jpg\" loading=\"lazy\"><\/a><\/div>\n<\/div>\n<p>&nbsp;\n<\/p>\n<p><strong>Por Eduardo Bocco, especial para Perfil C\u00f3rdoba.<\/strong> El Gobierno nacional arriesga en dos jugadas bravas durante las pr\u00f3ximas semanas: la aprobaci\u00f3n en el Senado de la ley Bases, que ya cuenta con media sanci\u00f3n en la C\u00e1mara de Diputados, y el Pacto de Mayo, que se celebrar\u00e1 en la ciudad de C\u00f3rdoba, justamente el d\u00eda de nuestra fecha patria.\n<\/p>\n<p>Idas y vueltas, discusiones, contradicciones, pulseadas, debates por momentos \u00e1speros. Todo eso sirve para contextualizar ambas apuestas, una de las cuales tiene a C\u00f3rdoba como protagonista central porque el&nbsp; Pacto se firmar\u00e1 en la capital provincial, probablemente en un escenario que ya fue elegido por recomendaci\u00f3n: el auditorio Juan Bautista Bustos en el Centro de Convenciones. Sin embargo, en los \u00faltimos d\u00edas apareci\u00f3 uno nuevo, el Sal\u00f3n de los Pasos Perdidos de Tribunales I, que primero fue elegido para hacer la \u2018foto de familia\u2019 y fue recomendado para hacer todo el acto, para evitar traslados.\n<\/p>\n<p><strong>\u201cSi me apur\u00e1s, hoy te digo que la sede de Tribunales I tiene m\u00e1s posibilidades porque se trata de un lugar majestuoso\u2026 Creo que debe ser el&nbsp; sitio m\u00e1s imponente de la ciudad\u201d,<\/strong>&nbsp;manifest\u00f3 un vocero de La Libertad Avanza.\n<\/p>\n<p>A prop\u00f3sito, el pasado viernes, fuentes policiales revelaron que una fuerza antiterrorismo estuvo inspeccionando la zona para organizar el operativo especial de seguridad que ser\u00e1 dirigido por autoridades nacionales.<\/p>\n<p>Desde la Casa Rosada recalcaron a PERFIL C\u00d3RDOBA que, hasta el momento,&nbsp;<strong>hay 18 gobernadores que acudir\u00e1n a la cita, aunque esperan que pueda sumarse alguno m\u00e1s.<\/strong>\n<\/p>\n<p>Sin embargo, hay otro tema que les preocupa y es el Ted\u00e9um en la Catedral de C\u00f3rdoba. Quien pronunciar\u00e1 la homil\u00eda ser\u00e1 el arzobispo cardenal \u00c1ngel Rossi, un hombre de mucho prestigio dentro de la Iglesia y totalmente independiente.\n<\/p>\n<p>Muchos de los compa\u00f1eros de ruta del Presidente temen que haya alguna alusi\u00f3n a las dr\u00e1sticas medidas tomadas por la administraci\u00f3n actual, que provocaron el aumento de la pobreza y la exclusi\u00f3n, cosa que no es nueva sino que viene siendo un eje a partir del cual la Iglesia fij\u00f3 su postura.\n<\/p>\n<p><strong>El antecedente.&nbsp;<\/strong>&nbsp;Especularon tambi\u00e9n con una posible respuesta presidencial si alguna opini\u00f3n no es de su agrado, tal como lo hizo un enemigo de Milei:&nbsp;el fallecido expresidente Ra\u00fal Alfons\u00edn, quien el 2 de abril de 1987 pidi\u00f3 el p\u00falpito para contestarle en plena misa al vicario castrense, monse\u00f1or Jos\u00e9 Miguel Medina. El prelado habl\u00f3 en su homil\u00eda de presuntos hechos de corrupci\u00f3n cometidos durante la administraci\u00f3n radical y el jefe de Estado lo desafi\u00f3 a nombrar esos hechos y a quienes hab\u00edan participado de los mismos.\n<\/p>\n<p>Si bien el contexto es otro, la situaci\u00f3n podr\u00eda asemejarse. Sin embargo, no est\u00e1 claro qu\u00e9 dir\u00e1 Rossi en su mensaje y ante esa platea. Lo que s\u00ed puede afirmarse es que se trata de un ingrediente especial, que no se esperaba y que, sin dudas, genera mucha expectativa porque&nbsp;<strong>no ser\u00e1 s\u00f3lo la voz del cardenal cordob\u00e9s, sino la mirada de la Iglesia argentina sobre el actual panorama pol\u00edtico, social y econ\u00f3mico.<\/strong>\n<\/p>\n<p>Hay aspectos log\u00edsticos a tener muy en cuenta. Por ejemplo, Milei quer\u00eda hospedarse en el hotel Y111, en la primera cuadra de Hip\u00f3lito Yrigoyen, pero le sugirieron hacerlo en el Quinto Centenario (ex-Sheraton), por razones de seguridad.\n<\/p>\n<p>\u00bfD\u00f3nde se alojar\u00e1n los gobernadores y funcionarios provinciales que asistan al evento?, fue la pregunta casi cantada. El informante no anduvo con vueltas: \u201cNo tengo idea, de eso que se arreglen ellos.&nbsp;<strong>Nosotros no le pagamos la habitaci\u00f3n a nadie\u201d.&nbsp;<\/strong>\n<\/p>\n<p><strong>En muchos aspectos organizativos hay improvisaciones y medidas que a\u00fan no se adoptaron<\/strong>, pese a que queda poco tiempo, y eso probablemente se deba a que distintas \u00e1reas est\u00e1n a cargo de funcionarios sin experiencia. Ejemplo: periodistas de todo el pa\u00eds piden acreditarse para estar en la firma del Pacto de Mayo, pero nadie les da una respuesta precisa.\n<\/p>\n<p>Son cosas que si se dejan para m\u00e1s adelante, terminan generando inconvenientes y como ese hay numerosos peque\u00f1os hechos que pueden tornarse complejos y dificultar la realizaci\u00f3n del evento.\n<\/p>\n<p><strong>Mirando con un ojo al Congreso.&nbsp;<\/strong>El Gobierno nacional lanz\u00f3 un operativo seducci\u00f3n para los gobernadores con el exclusivo fin de que sus senadores voten positivamente la ley Bases&nbsp; y tambi\u00e9n trabajan para convencer a legisladores que hasta el momento no han definido su apoyo al oficialismo. Hacen falta 37 votos positivos de los 72 que est\u00e1n en juego para convertir al proyecto con media sanci\u00f3n en ley. El kirchnerismo y aliados disponen de 33, mientras que La Libertad Avanza apenas siete, lo que quiere decir que la empresa es m\u00e1s que compleja. C\u00f3rdoba tiene tres representantes y los tres votar\u00e1n a favor, ya que as\u00ed se manifestaron Alejandra Vigo, Luis Juez y Carmen \u00c1lvarez Rivero.\n<\/p>\n<p><strong>Sin embargo, voceros de Milei ya dijeron que el Pacto de Mayo se firmar\u00e1 igual, aunque el oficialismo no tenga los votos. Si esto \u00faltimo pasa, es posible que el debate en el recinto pase a junio.&nbsp;<\/strong>\n<\/p>\n<p>Se esperan d\u00edas vertiginosos que tendr\u00e1n a C\u00f3rdoba como uno de los epicentros de lo que pase con la pol\u00edtica nacional.\n<\/p>\n<p>&nbsp;\n<\/p>\n<div class=\"g g-38\">\n<div class=\"g-dyn a-12 c-1\"><a class=\"gofollow\" data-track=\"MTIsMzgsMSw2MA==\" href=\"https:\/\/form.jotform.com\/240784464263663\" target=\"_blank\" rel=\"noopener\"><img src=\"http:\/\/nuevacordoba.net\/wp-content\/uploads\/2024\/05\/como-se-gesta-la-organizacion-del-pacto-de-mayo-en-cordoba-1.jpg\" loading=\"lazy\"><\/a><\/div>\n<\/div>\n","protected":false},"excerpt":{"rendered":"<p>&nbsp; Por Eduardo Bocco, especial para Perfil C\u00f3rdoba. El Gobierno nacional arriesga en dos jugadas bravas durante las pr\u00f3ximas semanas: la aprobaci\u00f3n en el Senado de la ley Bases, que ya cuenta con media sanci\u00f3n en la C\u00e1mara de Diputados, y el Pacto de Mayo, que se celebrar\u00e1 en la ciudad de C\u00f3rdoba, justamente el [&hellip;]<\/p>\n","protected":false},"author":1,"featured_media":43231,"comment_status":"open","ping_status":"closed","sticky":false,"template":"","format":"standard","meta":[],"categories":[12,14],"tags":[],"_links":{"self":[{"href":"http:\/\/nuevacordoba.net\/index.php\/wp-json\/wp\/v2\/posts\/43230"}],"collection":[{"href":"http:\/\/nuevacordoba.net\/index.php\/wp-json\/wp\/v2\/posts"}],"about":[{"href":"http:\/\/nuevacordoba.net\/index.php\/wp-json\/wp\/v2\/types\/post"}],"author":[{"embeddable":true,"href":"http:\/\/nuevacordoba.net\/index.php\/wp-json\/wp\/v2\/users\/1"}],"replies":[{"embeddable":true,"href":"http:\/\/nuevacordoba.net\/index.php\/wp-json\/wp\/v2\/comments?post=43230"}],"version-history":[{"count":0,"href":"http:\/\/nuevacordoba.net\/index.php\/wp-json\/wp\/v2\/posts\/43230\/revisions"}],"wp:featuredmedia":[{"embeddable":true,"href":"http:\/\/nuevacordoba.net\/index.php\/wp-json\/wp\/v2\/media\/43231"}],"wp:attachment":[{"href":"http:\/\/nuevacordoba.net\/index.php\/wp-json\/wp\/v2\/media?parent=43230"}],"wp:term":[{"taxonomy":"category","embeddable":true,"href":"http:\/\/nuevacordoba.net\/index.php\/wp-json\/wp\/v2\/categories?post=43230"},{"taxonomy":"post_tag","embeddable":true,"href":"http:\/\/nuevacordoba.net\/index.php\/wp-json\/wp\/v2\/tags?post=43230"}],"curies":[{"name":"wp","href":"https:\/\/api.w.org\/{rel}","templated":true}]}}