{"id":43316,"date":"2024-05-09T21:55:42","date_gmt":"2024-05-09T21:55:42","guid":{"rendered":"https:\/\/cordoba.gob.ar\/?p=57634"},"modified":"2024-05-09T21:55:42","modified_gmt":"2024-05-09T21:55:42","slug":"donde-colocarse-la-vacuna-antigripal-en-cordoba-capital","status":"publish","type":"post","link":"http:\/\/nuevacordoba.net\/index.php\/2024\/05\/09\/donde-colocarse-la-vacuna-antigripal-en-cordoba-capital\/","title":{"rendered":"D\u00f3nde colocarse la vacuna antigripal en C\u00f3rdoba Capital"},"content":{"rendered":"<div><img src=\"http:\/\/nuevacordoba.net\/wp-content\/uploads\/2024\/05\/donde-colocarse-la-vacuna-antigripal-en-cordoba-capital.jpg\" class=\"ff-og-image-inserted\"><\/div>\n<ul>\n<li><strong>Se detalla el listado de centros de atenci\u00f3n primaria y hospitales provinciales y municipales que ofrecen el servicio.<\/strong><\/li>\n<li><strong>Est\u00e1 destinada para ni\u00f1os y ni\u00f1as, personas con factores de riesgo, embarazadas, personal de salud y mayores de 65 a\u00f1os.<\/strong><\/li>\n<\/ul>\n<hr>\n<p dir=\"auto\">Ante la inminente llegada de la temporada invernal, y a modo de prevenci\u00f3n, la Municipalidad de C\u00f3rdoba y el Gobierno de la Provincia ponen a disposici\u00f3n las instituciones de salud estatales para colocar la vacuna antigripal.<\/p>\n<p dir=\"auto\">Est\u00e1 destinada a infantes entre los 6 meses y los dos a\u00f1os de vida, personas que presenten factores de riesgo, embarazadas, personal de salud y mayores de 65 a\u00f1os.<\/p>\n<p dir=\"auto\">La vacunaci\u00f3n est\u00e1 disponible en los siguientes espacios municipales de lunes a viernes:<\/p>\n<ul>\n<li>Los 100 Centros de Salud.<\/li>\n<li>DEM Centro (Sarmiento 450) <span dir=\"ltr\">de 08:30 a 16:00<\/span> horas.<\/li>\n<li>DEM Oeste (De\u00e1n Funes 2000) <span dir=\"ltr\">de 07:30 a 15:00<\/span> horas.<\/li>\n<li>DEM Norte (Anacreonte esquina Jujuy) <span dir=\"ltr\">de 07:00 a 12:30<\/span> horas.<\/li>\n<li>La Direcci\u00f3n de Medicina Preventiva (Santa Rosa 360) <span dir=\"ltr\">de 07:30 a 12:30<\/span> horas.<\/li>\n<li>Hospital Pr\u00edncipe de Asturias (Defensa 1200) <span dir=\"ltr\">de 8:00 a 19:00<\/span> horas.<\/li>\n<li>Hospital Infantil Municipal (Luis de G\u00f3ngora 550)<span dir=\"ltr\">&nbsp;de 7:00 a 17:00<\/span>horas.<\/li>\n<\/ul>\n<p dir=\"auto\">Las instituciones municipales pueden localizarse en el siguiente <a href=\"https:\/\/www.google.com\/maps\/d\/u\/0\/viewer?mid=1buER4Dakctakkv-MIHiaIMFDNprkDjE&amp;ll=-31.409919015035577%2C-64.17714000000001&amp;z=12\" target=\"_blank\" rel=\"noopener\">link<\/a>.<\/p>\n<p dir=\"auto\">Tambi\u00e9n se encuentran disponibles los hospitales y Centros de Atenci\u00f3n Primaria de la Salud (CAPS) de la Provincia. El listado se encuentra en el siguiente link, ingresando a la solapa <a href=\"https:\/\/ministeriodesalud.cba.gov.ar\/centros-de-vacunacion\/\" target=\"_blank\" rel=\"noopener\">\u201cC\u00f3rdoba Capital\u201d<\/a>.<\/p>\n<p dir=\"auto\"><strong>Calendario de vacunaci\u00f3n y COVID<\/strong><\/p>\n<p dir=\"auto\">En las instituciones de la salud municipales tambi\u00e9n se puede completar calendario de vacunaci\u00f3n y refuerzo de covid.<\/p>\n<p dir=\"auto\">A su vez, est\u00e1 disponible para personas gestantes la Vacuna contra Virus Sincicial Respiratoria. El RSV es la principal causa de las infecciones respiratorias agudas bajas (IRAB) en ni\u00f1os y ni\u00f1as menores de 1 a\u00f1o.<\/p>\n<p dir=\"auto\">Una dosis de vacuna contra RSV entre las semanas 32 y 36 de gestaci\u00f3n protege a reci\u00e9n nacidos contra bronquiolitis y neumon\u00eda durante los primeros 6 meses de vida. Se debe colocar durante el periodo de circulaci\u00f3n viral entre los meses de marzo y agosto.<\/p>\n<p dir=\"auto\">Esta vacuna para gestantes se coloca en DAPS, 3 DEM, Hospital Pr\u00edncipe de Asturias y Hospital Infantil.<\/p>\n","protected":false},"excerpt":{"rendered":"<p>Se detalla el listado de centros de atenci\u00f3n primaria y hospitales provinciales y municipales que ofrecen el servicio. Est\u00e1 destinada para ni\u00f1os y ni\u00f1as, personas con factores de riesgo, embarazadas, personal de salud y mayores de 65 a\u00f1os. Ante la inminente llegada de la temporada invernal, y a modo de prevenci\u00f3n, la Municipalidad de C\u00f3rdoba [&hellip;]<\/p>\n","protected":false},"author":1,"featured_media":43317,"comment_status":"closed","ping_status":"closed","sticky":false,"template":"","format":"standard","meta":[],"categories":[14],"tags":[],"_links":{"self":[{"href":"http:\/\/nuevacordoba.net\/index.php\/wp-json\/wp\/v2\/posts\/43316"}],"collection":[{"href":"http:\/\/nuevacordoba.net\/index.php\/wp-json\/wp\/v2\/posts"}],"about":[{"href":"http:\/\/nuevacordoba.net\/index.php\/wp-json\/wp\/v2\/types\/post"}],"author":[{"embeddable":true,"href":"http:\/\/nuevacordoba.net\/index.php\/wp-json\/wp\/v2\/users\/1"}],"replies":[{"embeddable":true,"href":"http:\/\/nuevacordoba.net\/index.php\/wp-json\/wp\/v2\/comments?post=43316"}],"version-history":[{"count":0,"href":"http:\/\/nuevacordoba.net\/index.php\/wp-json\/wp\/v2\/posts\/43316\/revisions"}],"wp:featuredmedia":[{"embeddable":true,"href":"http:\/\/nuevacordoba.net\/index.php\/wp-json\/wp\/v2\/media\/43317"}],"wp:attachment":[{"href":"http:\/\/nuevacordoba.net\/index.php\/wp-json\/wp\/v2\/media?parent=43316"}],"wp:term":[{"taxonomy":"category","embeddable":true,"href":"http:\/\/nuevacordoba.net\/index.php\/wp-json\/wp\/v2\/categories?post=43316"},{"taxonomy":"post_tag","embeddable":true,"href":"http:\/\/nuevacordoba.net\/index.php\/wp-json\/wp\/v2\/tags?post=43316"}],"curies":[{"name":"wp","href":"https:\/\/api.w.org\/{rel}","templated":true}]}}