{"id":43332,"date":"2024-05-09T22:25:29","date_gmt":"2024-05-09T22:25:29","guid":{"rendered":"https:\/\/es.digitaltrends.com\/?p=1026887"},"modified":"2024-05-09T22:25:29","modified_gmt":"2024-05-09T22:25:29","slug":"nueva-york-cae-a-la-invasion-extraterrestre-en-a-quiet-place-day-one","status":"publish","type":"post","link":"http:\/\/nuevacordoba.net\/index.php\/2024\/05\/09\/nueva-york-cae-a-la-invasion-extraterrestre-en-a-quiet-place-day-one\/","title":{"rendered":"Nueva York cae a la invasi\u00f3n extraterrestre en A Quiet Place: Day One"},"content":{"rendered":"<figure id=\"attachment_3594666\" class=\"wp-caption alignnone\" aria-describedby=\"caption-attachment-3594666\"><img onerror=\"dti_load_error(this)\" decoding=\"async\" class=\" size-large wp-image-3594666 h-lightbox is-zoomable dt-lazy-no h-lightbox is-zoomable\" src=\"http:\/\/nuevacordoba.net\/wp-content\/uploads\/2024\/05\/nueva-york-cae-a-la-invasion-extraterrestre-en-a-quiet-place-day-one.jpg\" sizes=\"(max-width: 625px) 414px\" srcset=\"http:\/\/nuevacordoba.net\/wp-content\/uploads\/2024\/05\/nueva-york-cae-a-la-invasion-extraterrestre-en-a-quiet-place-day-one-1.jpg 414w, http:\/\/nuevacordoba.net\/wp-content\/uploads\/2024\/05\/nueva-york-cae-a-la-invasion-extraterrestre-en-a-quiet-place-day-one.jpg\" alt=\"Lupita Nyong'o y Joseph Quinn en Un lugar tranquilo: D\u00eda uno.\" data-dt-lazy-src><figcaption id=\"caption-attachment-3594666\" class=\"wp-caption-text\"><span class=\"credit\">Primordial<\/span><\/figcaption><\/figure>\n<p>John Krasinski, de <a href=\"https:\/\/es.digitaltrends.com\/entretenimiento\/nueva-serie-the-office-peacock\/\"><em><strong>The Office<\/strong><\/em><\/a>, se estableci\u00f3 como un director y escritor de terror y ciencia ficci\u00f3n de primer nivel con&nbsp;<em>A Quiet Place<\/em>&nbsp;de 2018 y su secuela de 2021,&nbsp;<em>A Quiet Place Part II.<\/em>&nbsp;Para la tercera pel\u00edcula de la franquicia,<em>&nbsp;A Quiet Place: Day One<\/em>, Krasinski est\u00e1 haciendo retroceder el reloj al comienzo de la invasi\u00f3n alien\u00edgena central de la franquicia.<\/p>\n<p>Krasinski coescribi\u00f3 el guion con Michael Sarnoski, quien tambi\u00e9n dirigi\u00f3 la pel\u00edcula. Y en el nuevo tr\u00e1iler, podemos ver de primera mano la ca\u00edda de la ciudad de Nueva York.<\/p>\n<div class=\"dtvideos-container\" data-provider=\"youtube\">\n<div class=\"dtvideos-details h-dtvideos-details-embed\">\n<div class=\"dtvideos-title\">A Quiet Place: Day One | Official Trailer 2 (2024 Movie) &#8211; Lupita Nyong&#8217;o, Joseph Quinn<\/div>\n<\/div>\n<\/div>\n<p>La primera parte del tr\u00e1iler tiene lugar desde el punto de vista de Sam (Lupita Nyong\u2019o), una mujer que simplemente est\u00e1 pasando un d\u00eda en la ciudad con su \u00abgato de apoyo emocional\u00bb cuando las criaturas llegan y comienzan a masacrar a todos los humanos que pueden encontrar. Los alien\u00edgenas son funcionalmente ciegos, pero su audici\u00f3n es impecable. Incluso hacer el m\u00e1s m\u00ednimo sonido atrae la atenci\u00f3n de los alien\u00edgenas, y esa es una lecci\u00f3n que demasiados neoyorquinos no aprenden a tiempo.<\/p>\n<p>Pero Sam se da cuenta de la verdad, al igual que su nuevo compa\u00f1ero, Eric (Joseph Quinn de <a href=\"https:\/\/es.digitaltrends.com\/entretenimiento\/stranger-things-5-rumores-fecha-actores-historia\/\"><em><strong>Stranger Things<\/strong><\/em><\/a> y <a href=\"https:\/\/es.digitaltrends.com\/entretenimiento\/los-cuatro-fantasticos-mcu-reparto-trama-fecha-estreno-trailer\/\"><em><strong>The Fantastic Four<\/strong><\/em><\/a>). Sam y Eric son extra\u00f1os el uno para el otro, pero tienen un objetivo com\u00fan de salir vivos de la ciudad de Nueva York. Sin embargo, eso va a ser mucho m\u00e1s dif\u00edcil despu\u00e9s de que el ej\u00e9rcito destruya los puentes que conectan la ciudad con el resto del estado.<\/p>\n<p>Solo un miembro del elenco de&nbsp;<em>A Quiet Place Part II<\/em>&nbsp;est\u00e1 confirmado para aparecer en esta precuela: Henri de Djimon Hounsou. Sam se encuentra con Henri durante su viaje, y tambi\u00e9n es consciente de que su supervivencia depende del silencio. Pero alguien m\u00e1s en el tr\u00e1iler tiene la mala suerte de estar parado junto a una m\u00e1quina ruidosa cuando los alien\u00edgenas vuelven a llamar.<\/p>\n<p><em>A Quiet Place: Day One<\/em>&nbsp;se estrenar\u00e1 en cines el viernes 28 de junio.<\/p>\n<h4 class=\"b-editors-recs-title h-editors-recs-title\"> Recomendaciones del editor<\/h4>\n<p> <span id=\"publisher-md\" itemprop=\"publisher\" itemscope itemtype=\"https:\/\/schema.org\/Organization\"> <span itemprop=\"url\" itemtype=\"https:\/\/schema.org\/Url\" content=\"https:\/\/es.digitaltrends.com\"> <span itemprop=\"logo\" itemscope itemtype=\"https:\/\/schema.org\/ImageObject\"> <meta itemprop=\"url\" content=\"https:\/\/cdn.dtcn.com\/dt\/dt-logo-small.png\"> <meta itemprop=\"width\" content=\"0\"> <meta itemprop=\"height\" content=\"0\"> <\/span> <meta itemprop=\"name\" content=\"Digital Trends Espa\u00f1ol\"> <\/span> <span itemprop=\"image\" itemscope itemtype=\"https:\/\/schema.org\/ImageObject\"> <meta itemprop=\"url\" content=\"https:\/\/es.digitaltrends.com\/wp-content\/uploads\/2024\/05\/A-Quiet-Place-Day-One.jpg?p=1\"> <\/span> <\/span> <\/p>\n","protected":false},"excerpt":{"rendered":"<p>Primordial John Krasinski, de The Office, se estableci\u00f3 como un director y escritor de terror y ciencia ficci\u00f3n de primer nivel con&nbsp;A Quiet Place&nbsp;de 2018 y su secuela de 2021,&nbsp;A Quiet Place Part II.&nbsp;Para la tercera pel\u00edcula de la franquicia,&nbsp;A Quiet Place: Day One, Krasinski est\u00e1 haciendo retroceder el reloj al comienzo de la invasi\u00f3n [&hellip;]<\/p>\n","protected":false},"author":1,"featured_media":43333,"comment_status":"open","ping_status":"closed","sticky":false,"template":"","format":"standard","meta":[],"categories":[7],"tags":[],"_links":{"self":[{"href":"http:\/\/nuevacordoba.net\/index.php\/wp-json\/wp\/v2\/posts\/43332"}],"collection":[{"href":"http:\/\/nuevacordoba.net\/index.php\/wp-json\/wp\/v2\/posts"}],"about":[{"href":"http:\/\/nuevacordoba.net\/index.php\/wp-json\/wp\/v2\/types\/post"}],"author":[{"embeddable":true,"href":"http:\/\/nuevacordoba.net\/index.php\/wp-json\/wp\/v2\/users\/1"}],"replies":[{"embeddable":true,"href":"http:\/\/nuevacordoba.net\/index.php\/wp-json\/wp\/v2\/comments?post=43332"}],"version-history":[{"count":0,"href":"http:\/\/nuevacordoba.net\/index.php\/wp-json\/wp\/v2\/posts\/43332\/revisions"}],"wp:featuredmedia":[{"embeddable":true,"href":"http:\/\/nuevacordoba.net\/index.php\/wp-json\/wp\/v2\/media\/43333"}],"wp:attachment":[{"href":"http:\/\/nuevacordoba.net\/index.php\/wp-json\/wp\/v2\/media?parent=43332"}],"wp:term":[{"taxonomy":"category","embeddable":true,"href":"http:\/\/nuevacordoba.net\/index.php\/wp-json\/wp\/v2\/categories?post=43332"},{"taxonomy":"post_tag","embeddable":true,"href":"http:\/\/nuevacordoba.net\/index.php\/wp-json\/wp\/v2\/tags?post=43332"}],"curies":[{"name":"wp","href":"https:\/\/api.w.org\/{rel}","templated":true}]}}