{"id":43336,"date":"2024-05-09T20:17:15","date_gmt":"2024-05-09T20:17:15","guid":{"rendered":"https:\/\/www.ole.com.ar\/futbol-ascenso\/ascenso-primeranacional-brownadrogue-juanibrown_0_ZFANZomrtT.html"},"modified":"2024-05-09T20:17:15","modified_gmt":"2024-05-09T20:17:15","slug":"el-brown-que-se-hace-cargo-de-brown","status":"publish","type":"post","link":"http:\/\/nuevacordoba.net\/index.php\/2024\/05\/09\/el-brown-que-se-hace-cargo-de-brown\/","title":{"rendered":"El Brown que se hace cargo de Brown"},"content":{"rendered":"<p><time class=\"createDate\" datetime=\"2024-05-09T17:17:15-03:00\">09\/05\/2024 17:17hs.<\/time><\/p>\n<div id=\"storyBody\">\n<div class=\"custom-text \" readability=\"36.185074626866\">\n<p data-sider-select-id=\"125fb273-103c-41e0-ad1f-b7d0839f857c\">La <a href=\"https:\/\/www.ole.com.ar\/futbol-ascenso\/b-nacional\" target=\"_self\" title=\"Primera Nacional\" alt=\"Primera Nacional\" rel=\"noopener\">Primera Nacional<\/a> sigue acumulando cap\u00edtulos de \u00e9xodos de entrenadores. El \u00faltimo caso fue el de Santiago Davio, quien fue destitu\u00eddo de su cargo en el CADU por decisi\u00f3n de la comisi\u00f3n directiva. De esta forma, son \u00a121! los t\u00e9cnicos que dejaron su cargo en la categor\u00eda. Y<strong data-sider-select-id=\"e0334d2b-d66a-4ce0-844c-f989793f704e\"> uno de los m\u00e1s recientes, ya tiene reemplazante&#8230;<\/strong><\/p>\n<\/div>\n<div class=\"custom-text \" readability=\"35.580524344569\">\n<p data-sider-select-id=\"322f2b2d-c809-4c4e-a5dd-471744e3d09a\">Se trata de <strong data-sider-select-id=\"d2017eba-32ff-4460-8157-95bc54e9f62f\"><a href=\"https:\/\/www.ole.com.ar\/brown-adrogue\" target=\"_self\" title=\"Brown de Adrogu\u00e9\" alt=\"Brown de Adrogu\u00e9\" rel=\"noopener\">Brown de Adrogu\u00e9<\/a><\/strong>, que despu\u00e9s de la salida del hist\u00f3rico Pablo Vic\u00f3, se movi\u00f3 r\u00e1pido y<strong> cerr\u00f3 a Juani Brown<\/strong>, hijo del Tata campe\u00f3n de la Copa del Mundo de 1986. Tendr\u00e1 una nueva experiencia en el pa\u00eds, tras un gran recorrido en el f\u00fatbol \u00e1rabe.<\/p>\n<\/div>\n<div class=\"custom-text \" readability=\"35.047058823529\">\n<p data-sider-select-id=\"5cdd740c-6067-4703-82f3-396cb4cb4685\">Su tarea no ser\u00e1 f\u00e1cil: <strong>el Tricolor apenas gan\u00f3 un partido en el corriente torneo y se encuentra en zona de descenso directo<\/strong> a la <a href=\"https:\/\/www.ole.com.ar\/futbol-ascenso\/primera-b\" target=\"_self\" title=\"Primera B\" alt=\"Primera B\" rel=\"noopener\">Primera B<\/a>. Su \u00fanico triunfo fue frente a otro que tambi\u00e9n se encuentra peleando en la zona de abajo, Almirante Brown. El flamante det\u00e9 asumir\u00e1 el lunes y firmar\u00e1 contrato hasta el final de la temporada.<\/p>\n<\/div>\n<div class=\"sc-e7b891c4-0 jPbnQF\"><img alt=\"Juan Brown en una foto de archivo con su pap\u00e1 (Instagram).\" src=\"http:\/\/nuevacordoba.net\/wp-content\/uploads\/2024\/05\/el-brown-que-se-hace-cargo-de-brown.jpg\" width=\"720\" height=\"100\" decoding=\"async\" data-nimg=\"future\" loading=\"lazy\"><span class=\"epigraphe\">Juan Brown en una foto de archivo con su pap\u00e1 (Instagram).<\/span><\/div>\n<p><h2><strong data-sider-select-id=\"1f2d6e5f-7954-4a31-91ad-4918186abde5\">Su experiencia como DT y jugador<\/strong><\/h2>\n<\/p>\n<div class=\"custom-text \" readability=\"40\">\n<p>En Arabia Saudita trabaj\u00f3 en las inferiores del Al-Hilal, simult\u00e1neamente a Ram\u00f3n D\u00edaz, que era el entrenador del primer equipo. Tras la salida del Pelado, <strong data-sider-select-id=\"66a7fd1e-cbf7-4a3e-9b10-e8a68f2b5f70\">Brown lo suplant\u00f3 y fue campe\u00f3n de la liga<\/strong> en 2018 con el conjunto \u00e1rabe. Adem\u00e1s, en el mismo pa\u00eds tuvo pasos por el Al-Wehda y Al Shabab -\u00faltimo club que dirigi\u00f3-, mientras que en Egipto estuvo a cargo del Ismaily.<\/p>\n<\/div>\n<div class=\"custom-text \" readability=\"37\">\n<p>Por otra parte, fue t\u00e9cnico en las inferiores de Estudiantes (LP),<strong> form\u00f3 parte de la estructura de juveniles de la Selecci\u00f3n Argentina<\/strong>, fue ayudante de campo en Agropecuario y tuvo una breve estad\u00eda en Midland -dirigi\u00f3 apenas nueve partidos en el 2023-.<\/p>\n<\/div>\n<div class=\"sc-e7b891c4-0 jPbnQF\"><img alt=\"El hijo del Tata pas\u00f3 por Midland. (Prensa Midland)\" src=\"http:\/\/nuevacordoba.net\/wp-content\/uploads\/2024\/05\/el-brown-que-se-hace-cargo-de-brown-1.jpg\" width=\"720\" height=\"100\" decoding=\"async\" data-nimg=\"future\" loading=\"lazy\"><span class=\"epigraphe\">El hijo del Tata pas\u00f3 por Midland. (Prensa Midland)<\/span><\/div>\n<div class=\"custom-text \" readability=\"43\">\n<p><strong>Como player debut\u00f3 en el Pincha<\/strong>, y adem\u00e1s visti\u00f3 las camisetas de Barreirense de Portugal, Los Andes, Uni\u00f3n, The Strongest, Almagro, Ferro, Tiro Federal, Barracas Central y Jorge Wilstermann, siendo este el \u00faltimo el previo a su retiro.<\/p>\n<\/div>\n<p><h2><strong>Lo que se le viene en Adrogu\u00e9<\/strong><\/h2>\n<\/p>\n<div class=\"custom-text \" readability=\"39\">\n<p>Tal lo mencionado, <strong>Brown asumir\u00e1 el cargo este lunes<\/strong>, por lo que mirar\u00e1 atento lo que suceda el s\u00e1bado a las 19, cuando el Tricolor reciba a Aldosivi. El partido ser\u00e1 dirigido por el cuerpo t\u00e9cnico de Mat\u00edas Caminos, quien es el entrenador de la Reserva y se venia haciendo cargo del plantel circunstancialmente hasta la contrataci\u00f3n de un nuevo det\u00e9.<\/p>\n<\/div>\n<div class=\"custom-text \" readability=\"37\">\n<p data-sider-select-id=\"1db572bb-a6ca-4703-9470-1d4b67a6d29d\">Apenas iniciada la pr\u00f3xima semana, deber\u00e1 comenzar a preparar <strong>el duelo frente a Mitre de Santiago del Estero<\/strong> en condici\u00f3n de visitante. Mientras que la siguiente fecha, la 18, recibir\u00e1 a Gimnasia y Tiro (S).<\/p>\n<\/div>\n<div class=\"sc-a7166897-0 exHLBh\" readability=\"6\">\n<section readability=\"2\"><picture><img alt=\"El incre\u00edble Bayer Leverkusen a la final de la Europa League\" src=\"http:\/\/nuevacordoba.net\/wp-content\/uploads\/2024\/05\/el-brown-que-se-hace-cargo-de-brown-2.jpg\" width=\"290\" height=\"290\" decoding=\"async\" data-nimg=\"future\" loading=\"lazy\"><\/picture>\n<p><span>Mir\u00e1 tambi\u00e9n<\/span><\/p>\n<hr>\n<h3>El incre\u00edble Bayer Leverkusen a la final de la Europa League<\/h3>\n<\/p>\n<\/section>\n<\/div>\n<div class=\"sc-a7166897-0 exHLBh\" readability=\"7\">\n<section readability=\"4\"><picture><img alt=\"Con el regreso de Dibu Mart\u00ednez, Aston Villa cay\u00f3 en Grecia y se despidi\u00f3 de la Conference \" src=\"http:\/\/nuevacordoba.net\/wp-content\/uploads\/2024\/05\/el-brown-que-se-hace-cargo-de-brown-3.jpg\" width=\"290\" height=\"290\" decoding=\"async\" data-nimg=\"future\" loading=\"lazy\"><\/picture>\n<p><span>Mir\u00e1 tambi\u00e9n<\/span><\/p>\n<hr>\n<h3>Con el regreso de Dibu Mart\u00ednez, Aston Villa cay\u00f3 en Grecia y se despidi\u00f3 de la Conference <\/h3>\n<\/p>\n<\/section>\n<\/div>\n<div class=\"sc-a7166897-0 exHLBh\" readability=\"6\">\n<section readability=\"2\"><picture><img alt=\"Estudiantes acord\u00f3 la venta de un campe\u00f3n\" src=\"http:\/\/nuevacordoba.net\/wp-content\/uploads\/2024\/05\/el-brown-que-se-hace-cargo-de-brown-4.jpg\" width=\"290\" height=\"290\" decoding=\"async\" data-nimg=\"future\" loading=\"lazy\"><\/picture>\n<p><span>Mir\u00e1 tambi\u00e9n<\/span><\/p>\n<hr>\n<h3>Estudiantes acord\u00f3 la venta de un campe\u00f3n<\/h3>\n<\/p>\n<\/section>\n<\/div>\n<div class=\"sc-a7166897-0 exHLBh\" readability=\"6.5\">\n<section readability=\"3\"><picture><img alt=\"Pellegrini, de la banca a Demichelis en River al &quot;no hay rencor&quot; con Riquelme\" src=\"http:\/\/nuevacordoba.net\/wp-content\/uploads\/2024\/05\/el-brown-que-se-hace-cargo-de-brown-5.jpg\" width=\"290\" height=\"290\" decoding=\"async\" data-nimg=\"future\" loading=\"lazy\"><\/picture>\n<p><span>Mir\u00e1 tambi\u00e9n<\/span><\/p>\n<hr>\n<h3>Pellegrini, de la banca a Demichelis en River al \u00abno hay rencor\u00bb con Riquelme<\/h3>\n<\/p>\n<\/section>\n<\/div>\n<\/div>\n","protected":false},"excerpt":{"rendered":"<p>09\/05\/2024 17:17hs. La Primera Nacional sigue acumulando cap\u00edtulos de \u00e9xodos de entrenadores. El \u00faltimo caso fue el de Santiago Davio, quien fue destitu\u00eddo de su cargo en el CADU por decisi\u00f3n de la comisi\u00f3n directiva. De esta forma, son \u00a121! los t\u00e9cnicos que dejaron su cargo en la categor\u00eda. Y uno de los m\u00e1s recientes, [&hellip;]<\/p>\n","protected":false},"author":1,"featured_media":43337,"comment_status":"closed","ping_status":"closed","sticky":false,"template":"","format":"standard","meta":[],"categories":[10],"tags":[],"_links":{"self":[{"href":"http:\/\/nuevacordoba.net\/index.php\/wp-json\/wp\/v2\/posts\/43336"}],"collection":[{"href":"http:\/\/nuevacordoba.net\/index.php\/wp-json\/wp\/v2\/posts"}],"about":[{"href":"http:\/\/nuevacordoba.net\/index.php\/wp-json\/wp\/v2\/types\/post"}],"author":[{"embeddable":true,"href":"http:\/\/nuevacordoba.net\/index.php\/wp-json\/wp\/v2\/users\/1"}],"replies":[{"embeddable":true,"href":"http:\/\/nuevacordoba.net\/index.php\/wp-json\/wp\/v2\/comments?post=43336"}],"version-history":[{"count":0,"href":"http:\/\/nuevacordoba.net\/index.php\/wp-json\/wp\/v2\/posts\/43336\/revisions"}],"wp:featuredmedia":[{"embeddable":true,"href":"http:\/\/nuevacordoba.net\/index.php\/wp-json\/wp\/v2\/media\/43337"}],"wp:attachment":[{"href":"http:\/\/nuevacordoba.net\/index.php\/wp-json\/wp\/v2\/media?parent=43336"}],"wp:term":[{"taxonomy":"category","embeddable":true,"href":"http:\/\/nuevacordoba.net\/index.php\/wp-json\/wp\/v2\/categories?post=43336"},{"taxonomy":"post_tag","embeddable":true,"href":"http:\/\/nuevacordoba.net\/index.php\/wp-json\/wp\/v2\/tags?post=43336"}],"curies":[{"name":"wp","href":"https:\/\/api.w.org\/{rel}","templated":true}]}}