{"id":43338,"date":"2024-05-10T12:02:35","date_gmt":"2024-05-10T12:02:35","guid":{"rendered":"https:\/\/prensa.cba.gov.ar\/?p=592764"},"modified":"2024-05-10T12:02:35","modified_gmt":"2024-05-10T12:02:35","slug":"se-conformo-la-mesa-de-trabajo-que-confeccionara-el-segundo-plan-de-gobierno-abierto","status":"publish","type":"post","link":"http:\/\/nuevacordoba.net\/index.php\/2024\/05\/10\/se-conformo-la-mesa-de-trabajo-que-confeccionara-el-segundo-plan-de-gobierno-abierto\/","title":{"rendered":"Se conform\u00f3 la mesa de trabajo que confeccionar\u00e1 el segundo Plan de Gobierno Abierto"},"content":{"rendered":"<ul class=\" eplus-wrapper eplus-styles-uid-53dc38\">\n<li class=\" eplus-wrapper\"><strong>Est\u00e1 integrada por universidades, organizaciones de la sociedad civil y funcionarios y agentes del Gobierno provincial.&nbsp;<\/strong><\/li>\n<li class=\" eplus-wrapper\"><strong>El ministro de Gobierno, Manuel Calvo, asegur\u00f3 que esta iniciativa permitir\u00e1 \u201ctrabajar al m\u00e1ximo los principios de transparencia y de vinculaci\u00f3n ciudadana\u201d.<\/strong><\/li>\n<\/ul>\n<p class=\" eplus-wrapper\">Con la participaci\u00f3n de distintos sectores, qued\u00f3 integrada la mesa de trabajo que tendr\u00e1 a su cargo la confecci\u00f3n del <strong>segundo Plan de Acci\u00f3n de Gobierno Abierto de la Provincia de C\u00f3rdoba<\/strong>. El ministro de Gobierno, <strong>Manuel Calvo<\/strong>, encabez\u00f3 la conformaci\u00f3n de este espacio compuesto por referentes de organizaciones de la sociedad civil, universidades y funcionarios y agentes del Gobierno provincial.<\/p>\n<p class=\" eplus-wrapper\"><em>\u201cApuesto a que esta primera reuni\u00f3n nos conduzca al mejor segundo Plan de Gobierno Abierto que podamos tener. El compromiso de este equipo y del gobernador Mart\u00edn Llaryora es que sea el puntapi\u00e9 inicial para que, con el tiempo, logremos mejores objetivos\u201d,<\/em> se\u00f1al\u00f3 el ministro.<\/p>\n<p class=\" eplus-wrapper\">Adem\u00e1s, Manuel Calvo destac\u00f3 la importancia de la transparencia en la gesti\u00f3n. <em>\u201cEsto nos va a permitir trabajar al m\u00e1ximo los principios de transparencia y vinculaci\u00f3n ciudadana, para poder tener un mejor plan de rendici\u00f3n de cuentas con la ciudadan\u00eda, sin abandonar el esp\u00edritu de innovaci\u00f3n pol\u00edtica\u201d<\/em>, agreg\u00f3.<\/p>\n<figure class=\" wp-block-gallery has-nested-images columns-default is-cropped eplus-wrapper wp-block-gallery-1 is-layout-flex wp-block-gallery-is-layout-flex\">\n<figure class=\"wp-block-image size-large eplus-wrapper\"><a href=\"http:\/\/nuevacordoba.net\/wp-content\/uploads\/2024\/05\/se-conformo-la-mesa-de-trabajo-que-confeccionara-el-segundo-plan-de-gobierno-abierto.jpg\"><img loading=\"lazy\" fetchpriority=\"high\" decoding=\"async\" width=\"990\" height=\"660\" data-id=\"592767\" src=\"http:\/\/nuevacordoba.net\/wp-content\/uploads\/2024\/05\/se-conformo-la-mesa-de-trabajo-que-confeccionara-el-segundo-plan-de-gobierno-abierto.jpg\" alt class=\"wp-image-592767\" srcset=\"http:\/\/nuevacordoba.net\/wp-content\/uploads\/2024\/05\/se-conformo-la-mesa-de-trabajo-que-confeccionara-el-segundo-plan-de-gobierno-abierto.jpg 990w, http:\/\/nuevacordoba.net\/wp-content\/uploads\/2024\/05\/se-conformo-la-mesa-de-trabajo-que-confeccionara-el-segundo-plan-de-gobierno-abierto-3.jpg 300w, http:\/\/nuevacordoba.net\/wp-content\/uploads\/2024\/05\/se-conformo-la-mesa-de-trabajo-que-confeccionara-el-segundo-plan-de-gobierno-abierto-4.jpg 768w\" sizes=\"(max-width: 990px) 100vw, 990px\"><\/a><\/figure>\n<figure class=\"wp-block-image size-large eplus-wrapper\"><a href=\"http:\/\/nuevacordoba.net\/wp-content\/uploads\/2024\/05\/se-conformo-la-mesa-de-trabajo-que-confeccionara-el-segundo-plan-de-gobierno-abierto-1.jpg\"><img loading=\"lazy\" decoding=\"async\" width=\"990\" height=\"660\" data-id=\"592768\" src=\"http:\/\/nuevacordoba.net\/wp-content\/uploads\/2024\/05\/se-conformo-la-mesa-de-trabajo-que-confeccionara-el-segundo-plan-de-gobierno-abierto-1.jpg\" alt class=\"wp-image-592768\" srcset=\"http:\/\/nuevacordoba.net\/wp-content\/uploads\/2024\/05\/se-conformo-la-mesa-de-trabajo-que-confeccionara-el-segundo-plan-de-gobierno-abierto-1.jpg 990w, http:\/\/nuevacordoba.net\/wp-content\/uploads\/2024\/05\/se-conformo-la-mesa-de-trabajo-que-confeccionara-el-segundo-plan-de-gobierno-abierto-5.jpg 300w, http:\/\/nuevacordoba.net\/wp-content\/uploads\/2024\/05\/se-conformo-la-mesa-de-trabajo-que-confeccionara-el-segundo-plan-de-gobierno-abierto-6.jpg 768w\" sizes=\"(max-width: 990px) 100vw, 990px\"><\/a><\/figure>\n<\/figure>\n<p class=\" eplus-wrapper\">A su vez, valor\u00f3 la participaci\u00f3n de todas las instituciones. \u201c<em>Para nosotros es muy importante la participaci\u00f3n de ustedes. Ojal\u00e1 que se sigan sumando m\u00e1s voces y m\u00e1s instituciones del \u00e1mbito acad\u00e9mico y de la sociedad civil\u201d<\/em>, apunt\u00f3, y ratific\u00f3 la voluntad pol\u00edtica de continuar trabajando en la agenda de gobierno abierto para la provincia.<\/p>\n<p class=\" eplus-wrapper\">Durante el encuentro, el ministro estuvo acompa\u00f1ado por referentes de 11 universidades de la provincia. Formaron parte de la jornada: Victoria Sibilla (FUNDEPS), Gisela Veritier (ICDA \u2013 Escuela de Negocios UCC), Mar\u00eda del Huerto Allub (Instituto Universitario Aeron\u00e1utico \u2013 Centro Regional C\u00f3rdoba), Franco Rovaretti (Minka), Emilse Carrizo (Red Ciudadana Nuestra C\u00f3rdoba), Pamela C\u00e1ceres (Universidad Blas Pascal), M\u00f3nica Cingolani (Universidad Cat\u00f3lica de C\u00f3rdoba), Griselda Iba\u00f1a (Universidad Cat\u00f3lica de C\u00f3rdoba), Mat\u00edas Lingua (Universidad Nacional de C\u00f3rdoba), Facundo Barrionuevo (Universidad Nacional de C\u00f3rdoba), Gabriel Su\u00e1rez (Universidad Nacional de Villa Mar\u00eda), Federico Zuliani (Universidad Nacional de Villa Mar\u00eda), Liliana Nicolino (Universidad Provincial de C\u00f3rdoba), Mar\u00eda Eugenia Scocco (Universidad Siglo 21), Gianni Micheli (Universidad Siglo 21), Diego Su\u00e1rez (Universidad Tecnol\u00f3gica Nacional \u2013 FRC), Conrado Gallardo (Universidad Tecnol\u00f3gica Nacional \u2013 FRC), Ezequiel Fusero (Universidad Tecnol\u00f3gica Nacional \u2013 FRSF) y Alejandro Trossero (Universidad Tecnol\u00f3gica Nacional \u2013 FRSF).<\/p>\n<p class=\" eplus-wrapper\">Toda esta acci\u00f3n forma parte del programa global \u201cOGP Local\u201d de la Alianza para el Gobierno Abierto. Se trata de una iniciativa internacional que promueve la transparencia, la participaci\u00f3n ciudadana, la rendici\u00f3n de cuentas y la innovaci\u00f3n en la gesti\u00f3n p\u00fablica. Su objetivo es fortalecer la democracia y mejorar la calidad de vida de los ciudadanos a trav\u00e9s de la colaboraci\u00f3n entre gobiernos y sociedad civil.<\/p>\n<p class=\" eplus-wrapper\">Cabe se\u00f1alar que el primer Plan de Acci\u00f3n de Gobierno Abierto de C\u00f3rdoba se extendi\u00f3 hasta el 2023, como parte de la anterior gesti\u00f3n a cargo del Ejecutivo provincial.&nbsp;<\/p>\n<figure class=\" wp-block-image aligncenter size-large is-resized eplus-wrapper\"><img loading=\"lazy\" decoding=\"async\" width=\"990\" height=\"660\" src=\"http:\/\/nuevacordoba.net\/wp-content\/uploads\/2024\/05\/se-conformo-la-mesa-de-trabajo-que-confeccionara-el-segundo-plan-de-gobierno-abierto-2.jpg\" alt class=\"wp-image-592765\" srcset=\"http:\/\/nuevacordoba.net\/wp-content\/uploads\/2024\/05\/se-conformo-la-mesa-de-trabajo-que-confeccionara-el-segundo-plan-de-gobierno-abierto-2.jpg 990w, http:\/\/nuevacordoba.net\/wp-content\/uploads\/2024\/05\/se-conformo-la-mesa-de-trabajo-que-confeccionara-el-segundo-plan-de-gobierno-abierto-7.jpg 300w, http:\/\/nuevacordoba.net\/wp-content\/uploads\/2024\/05\/se-conformo-la-mesa-de-trabajo-que-confeccionara-el-segundo-plan-de-gobierno-abierto-8.jpg 768w\" sizes=\"(max-width: 990px) 100vw, 990px\"><\/figure>\n<p class=\" eplus-wrapper\">La OGP (<a href=\"https:\/\/www.opengovpartnership.org\/es\/\" target=\"_blank\" rel=\"noreferrer noopener\">Open Government Partnership<\/a>) opera a trav\u00e9s de planes de acci\u00f3n que los pa\u00edses miembros y los gobiernos subnacionales (OGP Local) desarrollan de manera conjunta entre sus gobiernos y la sociedad civil. Estos planes contienen compromisos espec\u00edficos en \u00e1reas como transparencia fiscal, participaci\u00f3n ciudadana, acceso a la informaci\u00f3n, entre otros. Los estados miembros se comprometen a implementar estos compromisos y a monitorear su progreso de manera transparente.<\/p>\n<p class=\" eplus-wrapper\">La participaci\u00f3n en la OGP ofrece beneficios tanto para los gobiernos como para la sociedad civil. Para los gobiernos, implica mejorar la calidad de sus pol\u00edticas y fortalecer la legitimidad de sus acciones al involucrar a la sociedad en la toma de decisiones. Para la sociedad civil, representa una oportunidad para influir en las pol\u00edticas p\u00fablicas y garantizar que las administraciones sean m\u00e1s abiertas y responsables.<\/p>\n<p class=\" eplus-wrapper\">En resumen, la Open Government Partnership es una plataforma global que busca promover la apertura y la colaboraci\u00f3n entre gobiernos y sociedad civil para fortalecer la democracia y mejorar la gobernanza en todo el mundo.<\/p>\n<p class=\" eplus-wrapper\">Ser miembro de OGP Local implica comprometerse con los valores y principios de la Alianza a nivel subnacional, promoviendo la apertura gubernamental y la participaci\u00f3n ciudadana a nivel local. Esto permite adaptar las pol\u00edticas de Gobierno Abierto a las necesidades y realidades espec\u00edficas de cada jurisdicci\u00f3n, fortaleciendo as\u00ed la democracia a nivel regional.<\/p>\n<p class=\" eplus-wrapper\">M\u00e1s detalles de OGP Local: <a href=\"https:\/\/www.opengovpartnership.org\/es\/ogp-local\/about-ogp-local\/\" target=\"_blank\" rel=\"noreferrer noopener\">https:\/\/www.opengovpartnership.org\/es\/ogp-local\/about-ogp-local\/<\/a>.<\/p>\n<h3 class=\" wp-block-heading eplus-wrapper\"><strong>Antecedentes de la Provincia de C\u00f3rdoba<\/strong><\/h3>\n<p class=\" eplus-wrapper\">La primera participaci\u00f3n formal de la provincia de C\u00f3rdoba en OGP se dio en el 2017 cuando form\u00f3 parte del tercer plan de acci\u00f3n nacional de OGP en Argentina, el cual incluy\u00f3 44 compromisos de los tres poderes p\u00fablicos, de los \u00f3rganos de control externo y de 11 provincias, algo in\u00e9dito para el trabajo en la Alianza para el Gobierno Abierto.<\/p>\n<p class=\" eplus-wrapper\">En su momento, la Provincia de C\u00f3rdoba, en conjunto con las organizaciones de sociedad civil que participaron en las mesas de trabajo, definieron que el objetivo principal era Institucionalizar pol\u00edticas de Gobierno Abierto en la provincia de C\u00f3rdoba a trav\u00e9s de procesos de capacitaci\u00f3n y la generaci\u00f3n de un portal de GA en el marco de la Secretar\u00eda General de la Gobernaci\u00f3n (portal de gesti\u00f3n abierta).<\/p>\n<p class=\" eplus-wrapper\">Durante 2020, la provincia se postul\u00f3 y fue seleccionada para ser miembro de OGP Local. En su primer Plan de Acci\u00f3n 2021-2023, la Provincia se propuso trabajar en Gobierno Abierto orientado al logro de los ODS, entendiendo el paradigma de Gobierno Abierto como eje fundamental para el cumplimiento de los Objetivos de la Agenda 2030.<\/p>\n<p class=\" eplus-wrapper\">El Plan incluy\u00f3 entre sus compromisos la promoci\u00f3n de procesos de adopci\u00f3n y territorializaci\u00f3n de la Agenda 2030 a nivel municipal, tomando como antecedente la experiencia de la Provincia de C\u00f3rdoba en la participaci\u00f3n de la Prueba Piloto de territorializaci\u00f3n de los ODS, liderada por la OCDE, durante 2018-2019. Como novedad a esta nueva experiencia de territorializaci\u00f3n, se incluyeron dos ejes transversales que guiaron la territorializaci\u00f3n de los ODS a nivel municipal: \u201cjuventudes\u201d y \u201cg\u00e9nero\u201d. En ese marco, la provincia de C\u00f3rdoba busc\u00f3 acercar en un marco de gobernanza multinivel, un modelo de gesti\u00f3n sostenible que impulse los procesos colaborativos de dise\u00f1o e implementaci\u00f3n de pol\u00edticas p\u00fablicas, trabajando con los distintos sectores.<\/p>\n<h3 class=\" wp-block-heading eplus-wrapper\"><strong>Hito<\/strong><\/h3>\n<p class=\" eplus-wrapper\">La creaci\u00f3n de la Secretar\u00eda de Gobierno Abierto es un hito relevante en el camino hacia el Gobierno Abierto de la Provincia de C\u00f3rdoba. Su creaci\u00f3n demuestra el compromiso y la importancia que la provincia otorga a la transparencia, la participaci\u00f3n ciudadana y la innovaci\u00f3n pol\u00edtica en la gesti\u00f3n p\u00fablica.<\/p>\n<p> <iframe loading=\"lazy\" width=\"560\" height=\"315\" src=\"https:\/\/www.youtube.com\/embed\/Man7vUaM8bg?si=mE3SltvwWTNLX36k\" title=\"YouTube video player\" frameborder=\"0\" allow=\"accelerometer; autoplay; clipboard-write; encrypted-media; gyroscope; picture-in-picture; web-share\" referrerpolicy=\"strict-origin-when-cross-origin\" allowfullscreen>[embedded content]<\/iframe> <\/p>\n","protected":false},"excerpt":{"rendered":"<p>Est\u00e1 integrada por universidades, organizaciones de la sociedad civil y funcionarios y agentes del Gobierno provincial.&nbsp; El ministro de Gobierno, Manuel Calvo, asegur\u00f3 que esta iniciativa permitir\u00e1 \u201ctrabajar al m\u00e1ximo los principios de transparencia y de vinculaci\u00f3n ciudadana\u201d. Con la participaci\u00f3n de distintos sectores, qued\u00f3 integrada la mesa de trabajo que tendr\u00e1 a su cargo [&hellip;]<\/p>\n","protected":false},"author":1,"featured_media":43339,"comment_status":"closed","ping_status":"closed","sticky":false,"template":"","format":"standard","meta":[],"categories":[14],"tags":[],"_links":{"self":[{"href":"http:\/\/nuevacordoba.net\/index.php\/wp-json\/wp\/v2\/posts\/43338"}],"collection":[{"href":"http:\/\/nuevacordoba.net\/index.php\/wp-json\/wp\/v2\/posts"}],"about":[{"href":"http:\/\/nuevacordoba.net\/index.php\/wp-json\/wp\/v2\/types\/post"}],"author":[{"embeddable":true,"href":"http:\/\/nuevacordoba.net\/index.php\/wp-json\/wp\/v2\/users\/1"}],"replies":[{"embeddable":true,"href":"http:\/\/nuevacordoba.net\/index.php\/wp-json\/wp\/v2\/comments?post=43338"}],"version-history":[{"count":0,"href":"http:\/\/nuevacordoba.net\/index.php\/wp-json\/wp\/v2\/posts\/43338\/revisions"}],"wp:featuredmedia":[{"embeddable":true,"href":"http:\/\/nuevacordoba.net\/index.php\/wp-json\/wp\/v2\/media\/43339"}],"wp:attachment":[{"href":"http:\/\/nuevacordoba.net\/index.php\/wp-json\/wp\/v2\/media?parent=43338"}],"wp:term":[{"taxonomy":"category","embeddable":true,"href":"http:\/\/nuevacordoba.net\/index.php\/wp-json\/wp\/v2\/categories?post=43338"},{"taxonomy":"post_tag","embeddable":true,"href":"http:\/\/nuevacordoba.net\/index.php\/wp-json\/wp\/v2\/tags?post=43338"}],"curies":[{"name":"wp","href":"https:\/\/api.w.org\/{rel}","templated":true}]}}