{"id":43361,"date":"2024-05-10T20:25:58","date_gmt":"2024-05-10T20:25:58","guid":{"rendered":"https:\/\/prensa.cba.gov.ar\/?p=592812"},"modified":"2024-05-10T20:25:58","modified_gmt":"2024-05-10T20:25:58","slug":"el-hospital-misericordia-incorpora-26-camas-a-la-unidad-de-cuidados-intermedios-pediatricos","status":"publish","type":"post","link":"http:\/\/nuevacordoba.net\/index.php\/2024\/05\/10\/el-hospital-misericordia-incorpora-26-camas-a-la-unidad-de-cuidados-intermedios-pediatricos\/","title":{"rendered":"El Hospital Misericordia incorpora 26 camas a la Unidad de Cuidados Intermedios Pedi\u00e1tricos"},"content":{"rendered":"<ul class=\" eplus-wrapper eplus-styles-uid-60cefa\">\n<li class=\" eplus-wrapper\"><strong>Esto permitir\u00e1 reforzar la atenci\u00f3n que se hace en el marco del plan de contingencia de las infecciones respiratorias.<\/strong><\/li>\n<li class=\" eplus-wrapper\"><strong>La inversi\u00f3n de la Provincia fue cercana a los 95 millones de pesos, entre las obras edilicias y el equipamiento.<\/strong><\/li>\n<\/ul>\n<p class=\" eplus-wrapper\">El gobernador Mart\u00edn Llaryora, junto al ministro de Salud, Ricardo Pieckenstainer, visitaron el Hospital Misericordia donde supervisaron la puesta en funcionamiento de la ampliaci\u00f3n de sala de Unidad de Cuidados Intermedios (UCI) pedi\u00e1trica.<\/p>\n<p class=\" eplus-wrapper\">Con esta obra, se incorporaron 10 nuevas camas al sector, que increment\u00f3 su capacidad a 26 camas totalmente equipadas con monitores multiparam\u00e9tricos, respiradores y equipos de Ox\u00edgeno de Alto Flujo, con los cuales se podr\u00e1 implementar una t\u00e9cnica de ventilaci\u00f3n no invasiva que ha dado muy buenos resultados para la contingencia de las infecciones respiratorias.<\/p>\n<p class=\" eplus-wrapper\">La inversi\u00f3n total fue cercana a los 95 millones de pesos, entre la remodelaci\u00f3n integral de la superficie, el reemplazo de toda la instalaci\u00f3n de gases medicinales y la incorporaci\u00f3n del equipamiento m\u00e9dico.<\/p>\n<figure class=\" wp-block-gallery has-nested-images columns-default is-cropped eplus-wrapper wp-block-gallery-1 is-layout-flex wp-block-gallery-is-layout-flex\">\n<figure data-wp-context=\"{ &quot;core&quot;: { &quot;image&quot;: { &quot;imageLoaded&quot;: false, &quot;initialized&quot;: false, &quot;lightboxEnabled&quot;: false, &quot;hideAnimationEnabled&quot;: false, &quot;preloadInitialized&quot;: false, &quot;lightboxAnimation&quot;: &quot;zoom&quot;, &quot;imageUploadedSrc&quot;: &quot;http:\/\/nuevacordoba.net\/wp-content\/uploads\/2024\/05\/el-hospital-misericordia-incorpora-26-camas-a-la-unidad-de-cuidados-intermedios-pediatricos.jpg&quot;, &quot;imageCurrentSrc&quot;: &quot;&quot;, &quot;targetWidth&quot;: &quot;990&quot;, &quot;targetHeight&quot;: &quot;660&quot;, &quot;scaleAttr&quot;: &quot;&quot;, &quot;dialogLabel&quot;: &quot;Imagen ampliada&quot; } } }\" data-wp-interactive class=\"wp-block-image size-full eplus-wrapper wp-lightbox-container\"><img loading=\"lazy\" decoding=\"async\" width=\"990\" height=\"660\" data-wp-effect--setstylesonresize=\"effects.core.image.setStylesOnResize\" data-wp-effect=\"effects.core.image.setButtonStyles\" data-wp-init=\"effects.core.image.initOriginImage\" data-wp-on--click=\"actions.core.image.showLightbox\" data-wp-on--load=\"actions.core.image.handleLoad\" data-id=\"592822\" src=\"http:\/\/nuevacordoba.net\/wp-content\/uploads\/2024\/05\/el-hospital-misericordia-incorpora-26-camas-a-la-unidad-de-cuidados-intermedios-pediatricos.jpg\" alt class=\"wp-image-592822\" srcset=\"http:\/\/nuevacordoba.net\/wp-content\/uploads\/2024\/05\/el-hospital-misericordia-incorpora-26-camas-a-la-unidad-de-cuidados-intermedios-pediatricos.jpg 990w, http:\/\/nuevacordoba.net\/wp-content\/uploads\/2024\/05\/el-hospital-misericordia-incorpora-26-camas-a-la-unidad-de-cuidados-intermedios-pediatricos-2.jpg 300w, http:\/\/nuevacordoba.net\/wp-content\/uploads\/2024\/05\/el-hospital-misericordia-incorpora-26-camas-a-la-unidad-de-cuidados-intermedios-pediatricos-3.jpg 768w\" sizes=\"(max-width: 990px) 100vw, 990px\"><button class=\"lightbox-trigger\" type=\"button\" aria-haspopup=\"dialog\" aria-label=\"Ampliar la imagen\" data-wp-on--click=\"actions.core.image.showLightbox\" data-wp-style--right=\"context.core.image.imageButtonRight\" data-wp-style--top=\"context.core.image.imageButtonTop\"> <svg width=\"12\" height=\"12\" fill=\"none\" viewBox=\"0 0 12 12\"> <path fill=\"#fff\" d=\"M2 0a2 2 0 0 0-2 2v2h1.5V2a.5.5 0 0 1 .5-.5h2V0H2Zm2 10.5H2a.5.5 0 0 1-.5-.5V8H0v2a2 2 0 0 0 2 2h2v-1.5ZM8 12v-1.5h2a.5.5 0 0 0 .5-.5V8H12v2a2 2 0 0 1-2 2H8Zm2-12a2 2 0 0 1 2 2v2h-1.5V2a.5.5 0 0 0-.5-.5H8V0h2Z\" \/> <\/svg> <\/button> <\/p>\n<div data-wp-body class=\"wp-lightbox-overlay zoom\" data-wp-bind--role=\"selectors.core.image.roleAttribute\" data-wp-bind--aria-label=\"selectors.core.image.dialogLabel\" data-wp-class--initialized=\"context.core.image.initialized\" data-wp-class--active=\"context.core.image.lightboxEnabled\" data-wp-class--hideanimationenabled=\"context.core.image.hideAnimationEnabled\" data-wp-bind--aria-modal=\"selectors.core.image.ariaModal\" data-wp-effect=\"effects.core.image.initLightbox\" data-wp-on--keydown=\"actions.core.image.handleKeydown\" data-wp-on--touchstart=\"actions.core.image.handleTouchStart\" data-wp-on--touchmove=\"actions.core.image.handleTouchMove\" data-wp-on--touchend=\"actions.core.image.handleTouchEnd\" data-wp-on--click=\"actions.core.image.hideLightbox\" tabindex=\"-1\"> <button type=\"button\" aria-label=\"Cerrar\" class=\"close-button\" data-wp-on--click=\"actions.core.image.hideLightbox\"> <svg viewBox=\"0 0 24 24\" width=\"20\" height=\"20\" aria-hidden=\"true\" focusable=\"false\"><path d=\"M13 11.8l6.1-6.3-1-1-6.1 6.2-6.1-6.2-1 1 6.1 6.3-6.5 6.7 1 1 6.5-6.6 6.5 6.6 1-1z\" \/><\/svg> <\/button> <\/p>\n<div class=\"lightbox-image-container\">\n<figure class=\"wp-block-image size-full eplus-wrapper responsive-image\"><img decoding=\"async\" data-wp-bind--src=\"context.core.image.imageCurrentSrc\" data-wp-style--object-fit=\"selectors.core.image.lightboxObjectFit\" data-id=\"592822\" src=\"https:\/\/prensa.cba.gov.ar\/informacion-general\/el-hospital-misericordia-incorpora-26-camas-a-la-unidad-de-cuidados-intermedios-pediatricos\/\" alt class=\"wp-image-592822\"><\/figure>\n<\/div>\n<div class=\"lightbox-image-container\">\n<figure class=\"wp-block-image size-full eplus-wrapper enlarged-image\"><img decoding=\"async\" data-wp-bind--src=\"selectors.core.image.enlargedImgSrc\" data-wp-style--object-fit=\"selectors.core.image.lightboxObjectFit\" data-id=\"592822\" src=\"https:\/\/prensa.cba.gov.ar\/informacion-general\/el-hospital-misericordia-incorpora-26-camas-a-la-unidad-de-cuidados-intermedios-pediatricos\/\" alt class=\"wp-image-592822\"><\/figure>\n<\/div><\/div>\n<\/figure>\n<figure data-wp-context=\"{ &quot;core&quot;: { &quot;image&quot;: { &quot;imageLoaded&quot;: false, &quot;initialized&quot;: false, &quot;lightboxEnabled&quot;: false, &quot;hideAnimationEnabled&quot;: false, &quot;preloadInitialized&quot;: false, &quot;lightboxAnimation&quot;: &quot;zoom&quot;, &quot;imageUploadedSrc&quot;: &quot;http:\/\/nuevacordoba.net\/wp-content\/uploads\/2024\/05\/el-hospital-misericordia-incorpora-26-camas-a-la-unidad-de-cuidados-intermedios-pediatricos-7.jpg&quot;, &quot;imageCurrentSrc&quot;: &quot;&quot;, &quot;targetWidth&quot;: &quot;1600&quot;, &quot;targetHeight&quot;: &quot;1066&quot;, &quot;scaleAttr&quot;: &quot;&quot;, &quot;dialogLabel&quot;: &quot;Imagen ampliada&quot; } } }\" data-wp-interactive class=\"wp-block-image size-large eplus-wrapper wp-lightbox-container\"><img loading=\"lazy\" decoding=\"async\" width=\"1024\" height=\"682\" data-wp-effect--setstylesonresize=\"effects.core.image.setStylesOnResize\" data-wp-effect=\"effects.core.image.setButtonStyles\" data-wp-init=\"effects.core.image.initOriginImage\" data-wp-on--click=\"actions.core.image.showLightbox\" data-wp-on--load=\"actions.core.image.handleLoad\" data-id=\"592815\" src=\"http:\/\/nuevacordoba.net\/wp-content\/uploads\/2024\/05\/el-hospital-misericordia-incorpora-26-camas-a-la-unidad-de-cuidados-intermedios-pediatricos-1.jpg\" alt class=\"wp-image-592815\" srcset=\"http:\/\/nuevacordoba.net\/wp-content\/uploads\/2024\/05\/el-hospital-misericordia-incorpora-26-camas-a-la-unidad-de-cuidados-intermedios-pediatricos-1.jpg 1024w, http:\/\/nuevacordoba.net\/wp-content\/uploads\/2024\/05\/el-hospital-misericordia-incorpora-26-camas-a-la-unidad-de-cuidados-intermedios-pediatricos-4.jpg 300w, http:\/\/nuevacordoba.net\/wp-content\/uploads\/2024\/05\/el-hospital-misericordia-incorpora-26-camas-a-la-unidad-de-cuidados-intermedios-pediatricos-5.jpg 768w, http:\/\/nuevacordoba.net\/wp-content\/uploads\/2024\/05\/el-hospital-misericordia-incorpora-26-camas-a-la-unidad-de-cuidados-intermedios-pediatricos-6.jpg 1536w, http:\/\/nuevacordoba.net\/wp-content\/uploads\/2024\/05\/el-hospital-misericordia-incorpora-26-camas-a-la-unidad-de-cuidados-intermedios-pediatricos-7.jpg 1600w\" sizes=\"(max-width: 1024px) 100vw, 1024px\"><button class=\"lightbox-trigger\" type=\"button\" aria-haspopup=\"dialog\" aria-label=\"Ampliar la imagen\" data-wp-on--click=\"actions.core.image.showLightbox\" data-wp-style--right=\"context.core.image.imageButtonRight\" data-wp-style--top=\"context.core.image.imageButtonTop\"> <svg width=\"12\" height=\"12\" fill=\"none\" viewBox=\"0 0 12 12\"> <path fill=\"#fff\" d=\"M2 0a2 2 0 0 0-2 2v2h1.5V2a.5.5 0 0 1 .5-.5h2V0H2Zm2 10.5H2a.5.5 0 0 1-.5-.5V8H0v2a2 2 0 0 0 2 2h2v-1.5ZM8 12v-1.5h2a.5.5 0 0 0 .5-.5V8H12v2a2 2 0 0 1-2 2H8Zm2-12a2 2 0 0 1 2 2v2h-1.5V2a.5.5 0 0 0-.5-.5H8V0h2Z\" \/> <\/svg> <\/button> <\/p>\n<div data-wp-body class=\"wp-lightbox-overlay zoom\" data-wp-bind--role=\"selectors.core.image.roleAttribute\" data-wp-bind--aria-label=\"selectors.core.image.dialogLabel\" data-wp-class--initialized=\"context.core.image.initialized\" data-wp-class--active=\"context.core.image.lightboxEnabled\" data-wp-class--hideanimationenabled=\"context.core.image.hideAnimationEnabled\" data-wp-bind--aria-modal=\"selectors.core.image.ariaModal\" data-wp-effect=\"effects.core.image.initLightbox\" data-wp-on--keydown=\"actions.core.image.handleKeydown\" data-wp-on--touchstart=\"actions.core.image.handleTouchStart\" data-wp-on--touchmove=\"actions.core.image.handleTouchMove\" data-wp-on--touchend=\"actions.core.image.handleTouchEnd\" data-wp-on--click=\"actions.core.image.hideLightbox\" tabindex=\"-1\"> <button type=\"button\" aria-label=\"Cerrar\" class=\"close-button\" data-wp-on--click=\"actions.core.image.hideLightbox\"> <svg viewBox=\"0 0 24 24\" width=\"20\" height=\"20\" aria-hidden=\"true\" focusable=\"false\"><path d=\"M13 11.8l6.1-6.3-1-1-6.1 6.2-6.1-6.2-1 1 6.1 6.3-6.5 6.7 1 1 6.5-6.6 6.5 6.6 1-1z\" \/><\/svg> <\/button> <\/p>\n<div class=\"lightbox-image-container\">\n<figure class=\"wp-block-image size-large eplus-wrapper responsive-image\"><img decoding=\"async\" data-wp-bind--src=\"context.core.image.imageCurrentSrc\" data-wp-style--object-fit=\"selectors.core.image.lightboxObjectFit\" data-id=\"592815\" src=\"https:\/\/prensa.cba.gov.ar\/informacion-general\/el-hospital-misericordia-incorpora-26-camas-a-la-unidad-de-cuidados-intermedios-pediatricos\/\" alt class=\"wp-image-592815\"><\/figure>\n<\/div>\n<div class=\"lightbox-image-container\">\n<figure class=\"wp-block-image size-large eplus-wrapper enlarged-image\"><img decoding=\"async\" data-wp-bind--src=\"selectors.core.image.enlargedImgSrc\" data-wp-style--object-fit=\"selectors.core.image.lightboxObjectFit\" data-id=\"592815\" src=\"https:\/\/prensa.cba.gov.ar\/informacion-general\/el-hospital-misericordia-incorpora-26-camas-a-la-unidad-de-cuidados-intermedios-pediatricos\/\" alt class=\"wp-image-592815\"><\/figure>\n<\/div><\/div>\n<\/figure>\n<\/figure>\n<p class=\" eplus-wrapper\">Los trabajos edilicios incluyeron pinturas en los muros, el recambio de pisos en ba\u00f1os, la instalaci\u00f3n de nuevas luminarias y aire acondicionado en las habitaciones, entre otros. A su vez, se adquirieron nuevos insumos y mobiliarios para el uso del personal.<\/p>\n<p class=\" eplus-wrapper\">Adem\u00e1s, se realizaron mejoras en las salas de m\u00e9dicos y la estaci\u00f3n de enfermer\u00eda, con la incorporaci\u00f3n de dos centrales de monitoreo para las 13 habitaciones del sector.<\/p>\n<p class=\" eplus-wrapper\">En el recorrido al nosocomio, el mandatario provincial indic\u00f3 que con esta ampliaci\u00f3n la Provincia brinda un mejor servicio a nuestros ni\u00f1os, especialmente en la \u00e9poca de enfermedades respiratorias.<\/p>\n<p class=\" eplus-wrapper\">Por otro parte, Llaryora expres\u00f3 que<em> \u201cestas son obras que ejecutamos gracias a un cambio de paradigma en la administraci\u00f3n de la salud provincial, a trav\u00e9s de la generaci\u00f3n de un Fondo de Fortalecimiento, que nos permite responder con agilidad y rapidez a las necesidades de nuestros centros de salud\u201d<\/em><\/p>\n<p class=\" eplus-wrapper\">A su vez, dej\u00f3 un mensaje de agradecimiento a toda la comunidad m\u00e9dica del hospital porque<em> \u201cno detuvo su labor cotidiana mientras se desarrollaban los trabajos\u201d.<\/em><\/p>\n<figure class=\" wp-block-audio eplus-wrapper\"><audio controls src=\"https:\/\/prensa.cba.gov.ar\/wp-content\/uploads\/2024\/05\/WhatsApp-Audio-2024-05-10-at-17-mp3cut.net_.mp3\"><\/audio><\/figure>\n<p class=\" eplus-wrapper\"><em><strong>Audio: Mart\u00edn Llaryora.<\/strong><\/em><\/p>\n<p class=\" eplus-wrapper\">El objetivo de esta ampliaci\u00f3n es contar con una mayor disponibilidad de camas cr\u00edticas pedi\u00e1tricas en la ciudad de C\u00f3rdoba, ante el comienzo del per\u00edodo de enfermedades respiratorias.<\/p>\n","protected":false},"excerpt":{"rendered":"<p>Esto permitir\u00e1 reforzar la atenci\u00f3n que se hace en el marco del plan de contingencia de las infecciones respiratorias. La inversi\u00f3n de la Provincia fue cercana a los 95 millones de pesos, entre las obras edilicias y el equipamiento. El gobernador Mart\u00edn Llaryora, junto al ministro de Salud, Ricardo Pieckenstainer, visitaron el Hospital Misericordia donde [&hellip;]<\/p>\n","protected":false},"author":1,"featured_media":43362,"comment_status":"closed","ping_status":"closed","sticky":false,"template":"","format":"standard","meta":[],"categories":[14],"tags":[],"_links":{"self":[{"href":"http:\/\/nuevacordoba.net\/index.php\/wp-json\/wp\/v2\/posts\/43361"}],"collection":[{"href":"http:\/\/nuevacordoba.net\/index.php\/wp-json\/wp\/v2\/posts"}],"about":[{"href":"http:\/\/nuevacordoba.net\/index.php\/wp-json\/wp\/v2\/types\/post"}],"author":[{"embeddable":true,"href":"http:\/\/nuevacordoba.net\/index.php\/wp-json\/wp\/v2\/users\/1"}],"replies":[{"embeddable":true,"href":"http:\/\/nuevacordoba.net\/index.php\/wp-json\/wp\/v2\/comments?post=43361"}],"version-history":[{"count":0,"href":"http:\/\/nuevacordoba.net\/index.php\/wp-json\/wp\/v2\/posts\/43361\/revisions"}],"wp:featuredmedia":[{"embeddable":true,"href":"http:\/\/nuevacordoba.net\/index.php\/wp-json\/wp\/v2\/media\/43362"}],"wp:attachment":[{"href":"http:\/\/nuevacordoba.net\/index.php\/wp-json\/wp\/v2\/media?parent=43361"}],"wp:term":[{"taxonomy":"category","embeddable":true,"href":"http:\/\/nuevacordoba.net\/index.php\/wp-json\/wp\/v2\/categories?post=43361"},{"taxonomy":"post_tag","embeddable":true,"href":"http:\/\/nuevacordoba.net\/index.php\/wp-json\/wp\/v2\/tags?post=43361"}],"curies":[{"name":"wp","href":"https:\/\/api.w.org\/{rel}","templated":true}]}}