{"id":43381,"date":"2024-05-11T19:55:58","date_gmt":"2024-05-11T19:55:58","guid":{"rendered":"http:\/\/cordobanewsnet.wordpress.com\/?p=9030"},"modified":"2024-05-11T19:55:58","modified_gmt":"2024-05-11T19:55:58","slug":"deportaron-a-dos-ecuatorianos-vinculados-a-un-cartel-narco","status":"publish","type":"post","link":"http:\/\/nuevacordoba.net\/index.php\/2024\/05\/11\/deportaron-a-dos-ecuatorianos-vinculados-a-un-cartel-narco\/","title":{"rendered":"Deportaron a dos ecuatorianos vinculados a un cartel narco"},"content":{"rendered":"<p>Un hombre y una mujer ecuatorianos con fuertes v\u00ednculos con el capo narco&nbsp;\u00abFito\u00bb Mac\u00edas&nbsp;fueron deportados este s\u00e1bado por la madrugada. El anuncio lo formalizar\u00e1 en las pr\u00f3ximas horas el Ministerio de Seguridad de la Naci\u00f3n, seg\u00fan pudo saber&nbsp;el medio <strong>Cadena 3.<\/strong><\/p>\n<figure class=\"wp-block-image size-large\"><img loading=\"lazy\" data-attachment-id=\"9033\" data-permalink=\"https:\/\/cordobanewsnet.wordpress.com\/2024\/05\/11\/deportaron-a-dos-ecuatorianos-vinculados-a-un-cartel-narco\/image-3\/\" data-orig-file=\"http:\/\/nuevacordoba.net\/wp-content\/uploads\/2024\/05\/deportaron-a-dos-ecuatorianos-vinculados-a-un-cartel-narco.png\" data-orig-size=\"760,469\" data-comments-opened=\"1\" data-image-meta=\"{&quot;aperture&quot;:&quot;0&quot;,&quot;credit&quot;:&quot;&quot;,&quot;camera&quot;:&quot;&quot;,&quot;caption&quot;:&quot;&quot;,&quot;created_timestamp&quot;:&quot;0&quot;,&quot;copyright&quot;:&quot;&quot;,&quot;focal_length&quot;:&quot;0&quot;,&quot;iso&quot;:&quot;0&quot;,&quot;shutter_speed&quot;:&quot;0&quot;,&quot;title&quot;:&quot;&quot;,&quot;orientation&quot;:&quot;0&quot;}\" data-image-title=\"image\" data-image-description data-image-caption data-medium-file=\"http:\/\/nuevacordoba.net\/wp-content\/uploads\/2024\/05\/deportaron-a-dos-ecuatorianos-vinculados-a-un-cartel-narco.png?w=300\" data-large-file=\"http:\/\/nuevacordoba.net\/wp-content\/uploads\/2024\/05\/deportaron-a-dos-ecuatorianos-vinculados-a-un-cartel-narco.png?w=736\" width=\"760\" height=\"469\" src=\"http:\/\/nuevacordoba.net\/wp-content\/uploads\/2024\/05\/deportaron-a-dos-ecuatorianos-vinculados-a-un-cartel-narco.png\" alt class=\"wp-image-9033\" srcset=\"http:\/\/nuevacordoba.net\/wp-content\/uploads\/2024\/05\/deportaron-a-dos-ecuatorianos-vinculados-a-un-cartel-narco.png 760w, http:\/\/nuevacordoba.net\/wp-content\/uploads\/2024\/05\/deportaron-a-dos-ecuatorianos-vinculados-a-un-cartel-narco.png?w=150 150w, http:\/\/nuevacordoba.net\/wp-content\/uploads\/2024\/05\/deportaron-a-dos-ecuatorianos-vinculados-a-un-cartel-narco.png?w=300 300w\" sizes=\"(max-width: 760px) 100vw, 760px\"><\/figure>\n<p>Adolfo Mac\u00edas tambi\u00e9n conocido como \u201cFito\u201d, es el jefe de la banda Los Choneros, una de las&nbsp;<strong>facciones criminales m\u00e1s peligrosas<\/strong>&nbsp;de Ecuador.<\/p>\n<p>Mac\u00edas se fug\u00f3 el domingo 8 de enero pasado de la c\u00e1rcel del Litoral, en Guayaquil, donde cumpl\u00eda una larga condena de 34 a\u00f1os desde 2011, acusado de delincuencia organizada, narcotr\u00e1fico y asesinato.<\/p>\n<p>Ese d\u00eda, poco antes de que la Polic\u00eda fuera a buscarlo para trasladarlo a una prisi\u00f3n de m\u00e1xima seguridad, se esfum\u00f3. Entonces se despleg\u00f3 un operativo in\u00e9dito -con la participaci\u00f3n de 3.000 hombres- para hallarlo. Los efectivos lo buscaron hasta en las alcantarillas del penal, pero no lograron ubicarlo.<\/p>\n<p>Una fiscal\u00eda imput\u00f3 a dos guardias por su presunta connivencia con el reo. Ya en 2013 tambi\u00e9n se hab\u00eda escapado, junto a otros c\u00f3mplices, aunque fue recapturado tres meses despu\u00e9s.<\/p>\n<p>El pasado 19 de enero, fueron deportados por Interpol los familiares de Mac\u00edas, encontrados en una vivienda de un&nbsp;<strong>country de C\u00f3rdoba.<\/strong><\/p>\n<p><span id=\"wordads-inline-marker\"><\/span> <\/p>\n<div id=\"jp-post-flair\" class=\"sharedaddy sd-like-enabled sd-sharing-enabled\">\n<div class=\"sharedaddy sd-sharing-enabled\">\n<div class=\"robots-nocontent sd-block sd-social sd-social-icon-text sd-sharing\">\n<h3 class=\"sd-title\">Comparte esto:<\/h3>\n<\/div>\n<\/div>\n<div class=\"sharedaddy sd-block sd-like jetpack-likes-widget-wrapper jetpack-likes-widget-unloaded\" id=\"like-post-wrapper-143108178-9030-663fef333f36a\" data-src=\"\/\/widgets.wp.com\/likes\/index.html?ver=20240511#blog_id=143108178&amp;post_id=9030&amp;origin=cordobanewsnet.wordpress.com&amp;obj_id=143108178-9030-663fef333f36a\" data-name=\"like-post-frame-143108178-9030-663fef333f36a\" data-title=\"Me gusta o Compartir\">\n<p><span class=\"button\"><span>Me gusta<\/span><\/span> <span class=\"loading\">Cargando&#8230;<\/span><\/p>\n<p><span class=\"sd-text-color\"><\/span><\/div>\n<p><h3 class=\"jp-relatedposts-headline\"><em>Relacionado<\/em><\/h3>\n<\/p>\n<\/div>\n","protected":false},"excerpt":{"rendered":"<p>Un hombre y una mujer ecuatorianos con fuertes v\u00ednculos con el capo narco&nbsp;\u00abFito\u00bb Mac\u00edas&nbsp;fueron deportados este s\u00e1bado por la madrugada. El anuncio lo formalizar\u00e1 en las pr\u00f3ximas horas el Ministerio de Seguridad de la Naci\u00f3n, seg\u00fan pudo saber&nbsp;el medio Cadena 3. Adolfo Mac\u00edas tambi\u00e9n conocido como \u201cFito\u201d, es el jefe de la banda Los Choneros, [&hellip;]<\/p>\n","protected":false},"author":1,"featured_media":43382,"comment_status":"closed","ping_status":"closed","sticky":false,"template":"","format":"standard","meta":[],"categories":[14],"tags":[],"_links":{"self":[{"href":"http:\/\/nuevacordoba.net\/index.php\/wp-json\/wp\/v2\/posts\/43381"}],"collection":[{"href":"http:\/\/nuevacordoba.net\/index.php\/wp-json\/wp\/v2\/posts"}],"about":[{"href":"http:\/\/nuevacordoba.net\/index.php\/wp-json\/wp\/v2\/types\/post"}],"author":[{"embeddable":true,"href":"http:\/\/nuevacordoba.net\/index.php\/wp-json\/wp\/v2\/users\/1"}],"replies":[{"embeddable":true,"href":"http:\/\/nuevacordoba.net\/index.php\/wp-json\/wp\/v2\/comments?post=43381"}],"version-history":[{"count":0,"href":"http:\/\/nuevacordoba.net\/index.php\/wp-json\/wp\/v2\/posts\/43381\/revisions"}],"wp:featuredmedia":[{"embeddable":true,"href":"http:\/\/nuevacordoba.net\/index.php\/wp-json\/wp\/v2\/media\/43382"}],"wp:attachment":[{"href":"http:\/\/nuevacordoba.net\/index.php\/wp-json\/wp\/v2\/media?parent=43381"}],"wp:term":[{"taxonomy":"category","embeddable":true,"href":"http:\/\/nuevacordoba.net\/index.php\/wp-json\/wp\/v2\/categories?post=43381"},{"taxonomy":"post_tag","embeddable":true,"href":"http:\/\/nuevacordoba.net\/index.php\/wp-json\/wp\/v2\/tags?post=43381"}],"curies":[{"name":"wp","href":"https:\/\/api.w.org\/{rel}","templated":true}]}}