{"id":43385,"date":"2024-05-12T11:03:32","date_gmt":"2024-05-12T11:03:32","guid":{"rendered":"https:\/\/www.ole.com.ar\/autos\/tc-turismo-carretera-hoy-horario-ver-hora-tv-vivo-online-termas-rio-hondo-series-carrera-final_0_5HCndN0xlt.html"},"modified":"2024-05-12T11:03:32","modified_gmt":"2024-05-12T11:03:32","slug":"tc-en-termas-de-rio-hondo-en-vivo-horario-y-donde-ver-las-series-y-la-final-de-hoy","status":"publish","type":"post","link":"http:\/\/nuevacordoba.net\/index.php\/2024\/05\/12\/tc-en-termas-de-rio-hondo-en-vivo-horario-y-donde-ver-las-series-y-la-final-de-hoy\/","title":{"rendered":"TC en Termas de R\u00edo Hondo, EN VIVO: horario y d\u00f3nde ver las series y la final de hoy"},"content":{"rendered":"<p><time class=\"createDate\" datetime=\"2024-05-12T08:03:32-03:00\">12\/05\/2024 08:03hs.<\/time><time class=\"modificatedDate\" datetime=\"2024-05-12T08:32:26-03:00\"> Actualizado al 12\/05\/2024 08:32hs.<\/time><\/p>\n<div id=\"storyBody\" readability=\"42\" xmlns:xlink=\"http:\/\/www.w3.org\/1999\/xlink\">\n<p>Este domingo, <strong>el TC volver\u00e1 a acelerar para su fecha en Termas de R\u00edo Hondo<\/strong>. Compartiendo escenario con el Turismo Nacional, que este s\u00e1bado disput\u00f3 sus series, ahora ser\u00e1 el turno de las m\u00e1quinas de Turismo Carretera: a las 8.50 se pondr\u00e1 en marcha la acci\u00f3n con las tres bater\u00edas y, como frutilla del postre, la esperad\u00edsima carrera final. El comienzo de la jornada podr\u00e1 verse a trav\u00e9s de la pantalla de DeporTV y lo \u00faltimo, por TV P\u00fablica, <strong>pero tambi\u00e9n pod\u00e9s seguirla en Ol\u00e9.<\/strong><\/p>\n<h2><strong>El TC en Termas de R\u00edo Hondo, EN VIVO<\/strong><\/h2>\n<article class=\"sc-2fb8051d-2 kzQHEt\" readability=\"3.5\"><time>11\/05\/2024, <span>08:00<\/span><\/time><\/p>\n<div class=\"groupItems\" id=\"Post0\" readability=\"37\">\n<h2><strong>Los punteros de las tres series del TC<\/strong><\/h2>\n<p>El s\u00e1bado, <strong>Diego Ciantini (Chevrolet)<\/strong> meti\u00f3 su segunda pole position al hilo y largar\u00e1 desde adelante en su serie. Los dos que terminaron por detr\u00e1s de \u00e9l, y que encabezar\u00e1n las otras dos bater\u00edas del domingo, fueron <strong>Facundo Chapur (Dodge) y Valent\u00edn Aguirre (Chevrolet)<\/strong>.<\/p>\n<div class=\"sc-e7b891c4-0 jPbnQF\"><img alt=\"Por segunda fecha al hilo, Ciantini es el poleman. (Prensa TC)\" src=\"http:\/\/nuevacordoba.net\/wp-content\/uploads\/2024\/05\/tc-en-termas-de-rio-hondo-en-vivo-horario-y-donde-ver-las-series-y-la-final-de-hoy.jpg\" width=\"720\" height=\"100\" decoding=\"async\" data-nimg=\"future\" loading=\"lazy\"><span class=\"epigraphe\">Por segunda fecha al hilo, Ciantini es el poleman. (Prensa TC)<\/span><\/div>\n<\/div>\n<\/article>\n<article class=\"sc-2fb8051d-2 kzQHEt\" readability=\"6\"><time>11\/05\/2024, <span>07:45<\/span><\/time><\/p>\n<div class=\"groupItems\" id=\"Post1\" readability=\"42\">\n<h2><strong>Horario y d\u00f3nde ver las series y la final del TC en Termas de R\u00edo Hondo<\/strong><\/h2>\n<p>Este domingo, <strong>la acci\u00f3n se largar\u00e1 alrededor de las 9<\/strong>: primero tendr\u00e1n lugar las tres series del TC, que se pondr\u00e1n en marcha a las 8.50 (9.15 y 9.40, las dos siguientes). La carrera final, el evento principal del fin de semana, comenzar\u00e1 a las 13. La primera parte de la jornada ser\u00e1 transmitida en vivo y en directo en <strong>DeporTV<\/strong>, y la final, en <strong>TV P\u00fablica<\/strong>.<\/p>\n<\/div>\n<\/article>\n<article class=\"sc-2fb8051d-2 kzQHEt\" readability=\"6\"><time>11\/05\/2024, <span>07:30<\/span><\/time><\/p>\n<div class=\"groupItems\" id=\"Post2\" readability=\"42\">\n<h2><strong>As\u00ed est\u00e1 la tabla general del TC<\/strong><\/h2>\n<p>Despu\u00e9s de su triunfo en Toay, <strong>Mariano Werner<\/strong> se ubic\u00f3 en la cima del campeonato con 144,5 puntos. Por detr\u00e1s de \u00e9l quedaron <strong>Jos\u00e9 Manuel Urcera<\/strong>, con 125,5 (y una victoria, necesaria para poder aspirar al t\u00edtulo), y <strong>Esteban Gini<\/strong>, con 113,5.<\/p>\n<div class=\"sc-e7b891c4-0 jPbnQF\"><img alt=\"Werner meti\u00f3 el primer triunfo del Mustang hace dos semanas. (@actcargentina) \" src=\"http:\/\/nuevacordoba.net\/wp-content\/uploads\/2024\/05\/tc-en-termas-de-rio-hondo-en-vivo-horario-y-donde-ver-las-series-y-la-final-de-hoy-1.jpg\" width=\"720\" height=\"100\" decoding=\"async\" data-nimg=\"future\" loading=\"lazy\"><span class=\"epigraphe\">Werner meti\u00f3 el primer triunfo del Mustang hace dos semanas. (@actcargentina) <\/span><\/div>\n<\/div>\n<\/article>\n<\/div>\n","protected":false},"excerpt":{"rendered":"<p>12\/05\/2024 08:03hs. Actualizado al 12\/05\/2024 08:32hs. Este domingo, el TC volver\u00e1 a acelerar para su fecha en Termas de R\u00edo Hondo. Compartiendo escenario con el Turismo Nacional, que este s\u00e1bado disput\u00f3 sus series, ahora ser\u00e1 el turno de las m\u00e1quinas de Turismo Carretera: a las 8.50 se pondr\u00e1 en marcha la acci\u00f3n con las tres [&hellip;]<\/p>\n","protected":false},"author":1,"featured_media":43386,"comment_status":"closed","ping_status":"closed","sticky":false,"template":"","format":"standard","meta":[],"categories":[10],"tags":[],"_links":{"self":[{"href":"http:\/\/nuevacordoba.net\/index.php\/wp-json\/wp\/v2\/posts\/43385"}],"collection":[{"href":"http:\/\/nuevacordoba.net\/index.php\/wp-json\/wp\/v2\/posts"}],"about":[{"href":"http:\/\/nuevacordoba.net\/index.php\/wp-json\/wp\/v2\/types\/post"}],"author":[{"embeddable":true,"href":"http:\/\/nuevacordoba.net\/index.php\/wp-json\/wp\/v2\/users\/1"}],"replies":[{"embeddable":true,"href":"http:\/\/nuevacordoba.net\/index.php\/wp-json\/wp\/v2\/comments?post=43385"}],"version-history":[{"count":0,"href":"http:\/\/nuevacordoba.net\/index.php\/wp-json\/wp\/v2\/posts\/43385\/revisions"}],"wp:featuredmedia":[{"embeddable":true,"href":"http:\/\/nuevacordoba.net\/index.php\/wp-json\/wp\/v2\/media\/43386"}],"wp:attachment":[{"href":"http:\/\/nuevacordoba.net\/index.php\/wp-json\/wp\/v2\/media?parent=43385"}],"wp:term":[{"taxonomy":"category","embeddable":true,"href":"http:\/\/nuevacordoba.net\/index.php\/wp-json\/wp\/v2\/categories?post=43385"},{"taxonomy":"post_tag","embeddable":true,"href":"http:\/\/nuevacordoba.net\/index.php\/wp-json\/wp\/v2\/tags?post=43385"}],"curies":[{"name":"wp","href":"https:\/\/api.w.org\/{rel}","templated":true}]}}