{"id":43389,"date":"2024-05-11T21:06:17","date_gmt":"2024-05-11T21:06:17","guid":{"rendered":"https:\/\/prensa.cba.gov.ar\/?p=592870"},"modified":"2024-05-11T21:06:17","modified_gmt":"2024-05-11T21:06:17","slug":"llega-el-ciclo-ciencia-en-dialogo-cordoba","status":"publish","type":"post","link":"http:\/\/nuevacordoba.net\/index.php\/2024\/05\/11\/llega-el-ciclo-ciencia-en-dialogo-cordoba\/","title":{"rendered":"Llega el ciclo \u201cCiencia en Di\u00e1logo C\u00f3rdoba\u201d"},"content":{"rendered":"<div><img src=\"http:\/\/nuevacordoba.net\/wp-content\/uploads\/2024\/05\/llega-el-ciclo-ciencia-en-dialogo-cordoba.jpg\" class=\"ff-og-image-inserted\"><\/div>\n<ul class=\" eplus-wrapper eplus-styles-uid-18c961\">\n<li class=\" eplus-wrapper\"><strong>Est\u00e1 dirigido a todo p\u00fablico, para compartir sobre los \u00faltimos avances, descubrimientos y discusiones en ciencia y tecnolog\u00eda.<\/strong><\/li>\n<li class=\" eplus-wrapper\"><strong>El primer encuentro ser\u00e1 el jueves 16 de mayo desde las 18 hs en el Museo Evita \u2013 Palacio Ferreyra.<\/strong><\/li>\n<li class=\" eplus-wrapper\"><strong>La entrada es libre y gratuita mediante inscripci\u00f3n con cupo limitado.<\/strong><\/li>\n<\/ul>\n<p class=\" eplus-wrapper\">El Gobierno de la Provincia de C\u00f3rdoba, a trav\u00e9s del Ministerio de Producci\u00f3n, Ciencia e Innovaci\u00f3n Tecnol\u00f3gica, lanza el ciclo \u201cCiencia en Di\u00e1logo C\u00f3rdoba\u201d, que tiene como objetivo principal llevar los \u00faltimos avances, descubrimientos y discusiones en ciencia y tecnolog\u00eda en \u00e1reas tem\u00e1ticas espec\u00edficas, directamente a la comunidad cordobesa.<\/p>\n<p class=\" eplus-wrapper\">El primer encuentro ser\u00e1 el jueves 16 de mayo a las 18 horas en el Museo Evita \u2013 Palacio Ferreyra.<\/p>\n<p class=\" eplus-wrapper\">La entrada es libre y gratuita mediante inscripci\u00f3n con cupo limitado.<\/p>\n<p class=\" eplus-wrapper\">Esta iniciativa es gestionada por la Direcci\u00f3n de Divulgaci\u00f3n de las Ciencias y la Tecnolog\u00eda, dependiente de la Secretar\u00eda de Ciencia y Tecnolog\u00eda del Ministerio. Acompa\u00f1an en la organizaci\u00f3n la Agencia C\u00f3rdoba Cultura y el CONICET C\u00f3rdoba.<\/p>\n<p class=\" eplus-wrapper\">En la primera reuni\u00f3n, se presentar\u00e1 la mesa \u201cHablemos de IA\u201d, formada por disertantes especializados en la tem\u00e1tica, con un enfoque desde la comunicaci\u00f3n, la filosof\u00eda y la tecnociencia. A su vez, la audiencia podr\u00e1 tambi\u00e9n intercambiar sus reflexiones o realizar preguntas a los expositores invitados.<\/p>\n<p class=\" eplus-wrapper\">Para inscribirse al ciclo de Ciencia en Di\u00e1logo C\u00f3rdoba, los interesados deber\u00e1n llenar este formulario: <a href=\"https:\/\/docs.google.com\/forms\/d\/e\/1FAIpQLSdkM3ytb7xJ32Bo-qXZMTIcTZQ3HrW7J4XGxjcNGvMBpT15vA\/viewform?usp=sf_link\" target=\"_blank\" rel=\"noreferrer noopener\">https:\/\/docs.google.com\/forms\/d\/e\/1FAIpQLSdkM3ytb7xJ32Bo-qXZMTIcTZQ3HrW7J4XGxjcNGvMBpT15vA\/viewform?usp=sf_link<\/a><\/p>\n<h3 class=\" wp-block-heading eplus-wrapper\">Disertantes del primer encuentro:<\/h3>\n<p class=\" eplus-wrapper\">Ekaitz Cancela Rodr\u00edguez: Periodista y escritor espa\u00f1ol, investigador de las repercusiones de la era digital y las transformaciones del capitalismo. Graduado en periodismo, publicidad y relaciones p\u00fablicas, con estudios en filosof\u00eda de la historia. Actualmente es editor en la plataforma de curaci\u00f3n de contenido The Syllabus y parte del Center for the Advancement of Infrastructural Imagination (CAII).<\/p>\n<p class=\" eplus-wrapper\">Javier Blanco: Director de la Maestr\u00eda en Tecnolog\u00eda, Pol\u00edticas y Cultura de la Universidad Nacional de C\u00f3rdoba (UNC). Especialista en filosof\u00eda y computaci\u00f3n, filosof\u00eda de la informaci\u00f3n y filosof\u00eda de la t\u00e9cnica.<\/p>\n<p class=\" eplus-wrapper\">Dar\u00edo Sandrone: Profesor y doctor en Filosof\u00eda por la Universidad Nacional de C\u00f3rdoba (UNC). Actualmente, es vicedirector de la Escuela de Filosof\u00eda \u2013 FFyH \u2013 UNC. Autor de libros como \u201cSelva Artificial\u00bb y \u00abDe lunes a viernes, las cosas\u00bb. Autor de libros como \u201cSelva Artificial\u00bb y \u00abDe lunes a viernes, las cosas\u00bb. Miembro de D\u00e9dalus, columnista en medios gr\u00e1ficos y radiales sobre tecnolog\u00eda y cultura.<\/p>\n<p class=\" eplus-wrapper\">Laura Alonso Alemany: Dra. Licenciada en Ciencia Cognitiva y del Lenguaje, profesora e investigadora en Ciencias de la Computaci\u00f3n \u2013 FAMAF-UNC. Miembro del equipo de \u00e9tica en Inteligencia Artificial de la Fundaci\u00f3n V\u00eda Libre y de La Liga del Bien. Participa en numerosos proyectos de Inteligencia Artificial, cient\u00edficos y de transferencia al sector socio-productivo.<\/p>\n<h3 class=\" wp-block-heading eplus-wrapper\">Sobre el ciclo<\/h3>\n<p class=\" eplus-wrapper\">Ciencia en Di\u00e1logo C\u00f3rdoba se dedica a la divulgaci\u00f3n de conocimientos actuales, compartiendo el conocimiento de vanguardia en campos cient\u00edficos y tecnol\u00f3gicos, as\u00ed como las experiencias de expertos en la materia y de la propia comunidad interesada en estos temas. Adem\u00e1s, promueve el di\u00e1logo entre el sistema cient\u00edfico-tecnol\u00f3gico y la comunidad, generando espacios de intercambio a trav\u00e9s de charlas, talleres y conferencias, a trav\u00e9s del conocido formato de caf\u00e9s cient\u00edficos.<\/p>\n<p class=\" eplus-wrapper\"><strong>Ciencia en Di\u00e1logo: Un ciclo para todos<\/strong><\/p>\n<p class=\" eplus-wrapper\">Este programa presentar\u00e1 distintos ciclos, entre mayo y noviembre, referidos a tem\u00e1ticas de actualidad en ciencia y tecnolog\u00eda, dirigidos especialmente a j\u00f3venes y adultos de la comunidad cordobesa. Se busca promover la divulgaci\u00f3n de conocimientos cient\u00edficos y tecnol\u00f3gicos actuales, facilitar el di\u00e1logo entre expertos y la comunidad, as\u00ed como estimular el inter\u00e9s y la participaci\u00f3n activa en estos temas. El objetivo es promover conversaciones sobre las problem\u00e1ticas que nos ocupan, fomentando un entendimiento mutuo, comprensi\u00f3n cr\u00edtica y enriquecedora, con informaci\u00f3n cient\u00edfica.<\/p>\n","protected":false},"excerpt":{"rendered":"<p>Est\u00e1 dirigido a todo p\u00fablico, para compartir sobre los \u00faltimos avances, descubrimientos y discusiones en ciencia y tecnolog\u00eda. El primer encuentro ser\u00e1 el jueves 16 de mayo desde las 18 hs en el Museo Evita \u2013 Palacio Ferreyra. La entrada es libre y gratuita mediante inscripci\u00f3n con cupo limitado. El Gobierno de la Provincia de [&hellip;]<\/p>\n","protected":false},"author":1,"featured_media":43390,"comment_status":"closed","ping_status":"closed","sticky":false,"template":"","format":"standard","meta":[],"categories":[14],"tags":[],"_links":{"self":[{"href":"http:\/\/nuevacordoba.net\/index.php\/wp-json\/wp\/v2\/posts\/43389"}],"collection":[{"href":"http:\/\/nuevacordoba.net\/index.php\/wp-json\/wp\/v2\/posts"}],"about":[{"href":"http:\/\/nuevacordoba.net\/index.php\/wp-json\/wp\/v2\/types\/post"}],"author":[{"embeddable":true,"href":"http:\/\/nuevacordoba.net\/index.php\/wp-json\/wp\/v2\/users\/1"}],"replies":[{"embeddable":true,"href":"http:\/\/nuevacordoba.net\/index.php\/wp-json\/wp\/v2\/comments?post=43389"}],"version-history":[{"count":0,"href":"http:\/\/nuevacordoba.net\/index.php\/wp-json\/wp\/v2\/posts\/43389\/revisions"}],"wp:featuredmedia":[{"embeddable":true,"href":"http:\/\/nuevacordoba.net\/index.php\/wp-json\/wp\/v2\/media\/43390"}],"wp:attachment":[{"href":"http:\/\/nuevacordoba.net\/index.php\/wp-json\/wp\/v2\/media?parent=43389"}],"wp:term":[{"taxonomy":"category","embeddable":true,"href":"http:\/\/nuevacordoba.net\/index.php\/wp-json\/wp\/v2\/categories?post=43389"},{"taxonomy":"post_tag","embeddable":true,"href":"http:\/\/nuevacordoba.net\/index.php\/wp-json\/wp\/v2\/tags?post=43389"}],"curies":[{"name":"wp","href":"https:\/\/api.w.org\/{rel}","templated":true}]}}