{"id":43403,"date":"2024-05-12T22:24:08","date_gmt":"2024-05-12T22:24:08","guid":{"rendered":"http:\/\/cordobanewsnet.wordpress.com\/?p=9063"},"modified":"2024-05-12T22:24:08","modified_gmt":"2024-05-12T22:24:08","slug":"vacuna-antigripal-en-donde-se-aplican-y-quienes-tienen-prioridad","status":"publish","type":"post","link":"http:\/\/nuevacordoba.net\/index.php\/2024\/05\/12\/vacuna-antigripal-en-donde-se-aplican-y-quienes-tienen-prioridad\/","title":{"rendered":"VACUNA ANTIGRIPAL EN DONDE SE APLICAN Y QUIENES TIENEN PRIORIDAD"},"content":{"rendered":"<figure class=\"wp-block-image size-large\"><img loading=\"lazy\" data-attachment-id=\"9064\" data-permalink=\"https:\/\/cordobanewsnet.wordpress.com\/2024\/05\/12\/vacunas-antigripal-en-donde-se-aplican-y-quienes-tiene-prioridad\/image-2-2\/\" data-orig-file=\"http:\/\/nuevacordoba.net\/wp-content\/uploads\/2024\/05\/vacuna-antigripal-en-donde-se-aplican-y-quienes-tienen-prioridad.png\" data-orig-size=\"800,533\" data-comments-opened=\"1\" data-image-meta=\"{&quot;aperture&quot;:&quot;0&quot;,&quot;credit&quot;:&quot;&quot;,&quot;camera&quot;:&quot;&quot;,&quot;caption&quot;:&quot;&quot;,&quot;created_timestamp&quot;:&quot;0&quot;,&quot;copyright&quot;:&quot;&quot;,&quot;focal_length&quot;:&quot;0&quot;,&quot;iso&quot;:&quot;0&quot;,&quot;shutter_speed&quot;:&quot;0&quot;,&quot;title&quot;:&quot;&quot;,&quot;orientation&quot;:&quot;0&quot;}\" data-image-title=\"image-2\" data-image-description data-image-caption data-medium-file=\"http:\/\/nuevacordoba.net\/wp-content\/uploads\/2024\/05\/vacuna-antigripal-en-donde-se-aplican-y-quienes-tienen-prioridad.png?w=300\" data-large-file=\"http:\/\/nuevacordoba.net\/wp-content\/uploads\/2024\/05\/vacuna-antigripal-en-donde-se-aplican-y-quienes-tienen-prioridad.png?w=736\" width=\"800\" height=\"533\" src=\"http:\/\/nuevacordoba.net\/wp-content\/uploads\/2024\/05\/vacuna-antigripal-en-donde-se-aplican-y-quienes-tienen-prioridad.png\" alt class=\"wp-image-9064\" srcset=\"http:\/\/nuevacordoba.net\/wp-content\/uploads\/2024\/05\/vacuna-antigripal-en-donde-se-aplican-y-quienes-tienen-prioridad.png 800w, http:\/\/nuevacordoba.net\/wp-content\/uploads\/2024\/05\/vacuna-antigripal-en-donde-se-aplican-y-quienes-tienen-prioridad.png?w=150 150w, http:\/\/nuevacordoba.net\/wp-content\/uploads\/2024\/05\/vacuna-antigripal-en-donde-se-aplican-y-quienes-tienen-prioridad.png?w=300 300w, http:\/\/nuevacordoba.net\/wp-content\/uploads\/2024\/05\/vacuna-antigripal-en-donde-se-aplican-y-quienes-tienen-prioridad.png?w=768 768w\" sizes=\"(max-width: 800px) 100vw, 800px\"><\/figure>\n<p>Las temperaturas ya comenzaron a descender, el fr\u00edo gana protagonismo y las enfermedades virales respiratorias aparecen, una de ellas es la&nbsp;<strong>gripe<\/strong>, tambi\u00e9n conocida como<strong>&nbsp;influenza<\/strong>.<\/p>\n<p>-EPUBS ADVERTISEMENT-<\/p>\n<p>A modo preventivo y para hacerle frente a la temporada invernal, desde la Municipalidad de C\u00f3rdoba y el Gobierno provincial recordaron que est\u00e1n a disposici\u00f3n los centros de salud para colocar la<strong>&nbsp;vacuna antigripal de manera gratuita<\/strong>.<\/p>\n<p><em><strong>+ MIR\u00c1 M\u00c1S:&nbsp;<\/strong><\/em><a href=\"https:\/\/eldoce.tv\/actualidad\/2024\/05\/02\/nueva-noche-de-las-vacunas-en-cordoba-donde-y-cuando-colocan-dosis-gratuitas\/\" target=\"_blank\" rel=\"noreferrer noopener\"><em><strong>Cu\u00e1ndo se repite la Noche de las Vacunas en C\u00f3rdoba<\/strong><\/em><\/a><\/p>\n<p>Adem\u00e1s recordaron que est\u00e1 destinada a infantes entre los 6 meses y los 2 a\u00f1os de vida, personas que presenten factores de riesgo, embarazadas, personal de salud y mayores de 65 a\u00f1os.<\/p>\n<p><strong>El listado de centros de salud municipales que atienden de lunes a viernes:<\/strong><\/p>\n<ul>\n<li>Los 100 Centros de Salud (<a href=\"https:\/\/www.google.com\/maps\/d\/viewer?mid=1buER4Dakctakkv-MIHiaIMFDNprkDjE&amp;ll=-31.40991901503557%2C-64.17714000000001&amp;z=12\" target=\"_blank\" rel=\"noreferrer noopener\">localizarlos en este link<\/a>).<\/li>\n<li>DEM Centro (Sarmiento 450) de 08:30 a 16:00 horas.<\/li>\n<li>DEM Oeste (De\u00e1n Funes 2000) de 07:30 a 15:00 horas.<\/li>\n<li>DEM Norte (Anacreonte esquina Jujuy) de 07:00 a 12:30 horas.<\/li>\n<li>La Direcci\u00f3n de Medicina Preventiva (Santa Rosa 360) de 07:30 a 12:30 horas.<\/li>\n<li>Hospital Pr\u00edncipe de Asturias (Defensa 1200) de 8:00 a 19:00 horas.<\/li>\n<li>Hospital Infantil Municipal (Luis de G\u00f3ngora 550) de 7:00 a 17:00horas.<\/li>\n<\/ul>\n<p>A su vez, el Gobierno de C\u00f3rdoba pone a disposici\u00f3n los hospitales y Centros de Atenci\u00f3n Primaria de la Salud (CAPS), que se pueden consultar en el&nbsp;<a href=\"https:\/\/ministeriodesalud.cba.gov.ar\/centros-de-vacunacion\/\" target=\"_blank\" rel=\"noreferrer noopener\">sitio del Ministerio de Salud de la Provincia<\/a>&nbsp;ingresando a la solapa del departamento que corresponda, por ejemplo, C\u00f3rdoba Capital.<\/p>\n<h2 class=\"wp-block-heading\"><strong>Calendario de vacunaci\u00f3n y refuerzo de Covid<\/strong><\/h2>\n<p>En esas mismas instituciones se puede consultar si hay disponibilidad de otras vacunas obligatorias para completar el calendario, como as\u00ed tambi\u00e9n la vacuna contra el coronavirus.<\/p>\n<p><em><strong>+ MIR\u00c1 M\u00c1S:&nbsp;<\/strong><\/em><a href=\"https:\/\/eldoce.tv\/politica\/2024\/05\/02\/llaryora-confirmo-que-cordoba-vacunara-gratis-contra-el-dengue-quienes-seran-los-primeros\/\" target=\"_blank\" rel=\"noreferrer noopener\"><em><strong>C\u00f3rdoba vacunar\u00e1 gratis contra el dengue: qui\u00e9nes ser\u00e1n los primeros<\/strong><\/em><\/a><\/p>\n<p>Tambi\u00e9n informaron que est\u00e1 disponible en el DAPS, 3 DEM, Hospital Pr\u00edncipe de Asturias y Hospital Infantil, la vacuna contra el virus sincicial respiratoria (RSV) para personas gestantes. <\/p>\n<p>FUENTE : EL DOCE TV<\/p>\n<figure class=\"wp-block-image\"><img src=\"https:\/\/eldoce.tv\/resizer\/v2\/vacuna-antigripal-los-centros-de-salud-donde-la-aplican-gratis-horarios-y-quienes-pueden-recibirla-J2AZK745HFH2RBXZ2I7GYWC254.jpg?auth=8da68ebb58ab6c5420628cc43ada94875d4d1d34f9b88814f53a7dfa09389feb&amp;width=767\" alt=\"Vacuna antigripal: los centros de salud donde la aplican gratis, horarios y qui\u00e9nes pueden recibirla\"><\/figure>\n<p><span id=\"wordads-inline-marker\"><\/span> <\/p>\n<div id=\"jp-post-flair\" class=\"sharedaddy sd-like-enabled sd-sharing-enabled\">\n<div class=\"sharedaddy sd-sharing-enabled\">\n<div class=\"robots-nocontent sd-block sd-social sd-social-icon-text sd-sharing\">\n<h3 class=\"sd-title\">Comparte esto:<\/h3>\n<\/div>\n<\/div>\n<div class=\"sharedaddy sd-block sd-like jetpack-likes-widget-wrapper jetpack-likes-widget-unloaded\" id=\"like-post-wrapper-143108178-9063-66416cec2e5e6\" data-src=\"\/\/widgets.wp.com\/likes\/index.html?ver=20240513#blog_id=143108178&amp;post_id=9063&amp;origin=cordobanewsnet.wordpress.com&amp;obj_id=143108178-9063-66416cec2e5e6\" data-name=\"like-post-frame-143108178-9063-66416cec2e5e6\" data-title=\"Me gusta o Compartir\">\n<p><span class=\"button\"><span>Me gusta<\/span><\/span> <span class=\"loading\">Cargando&#8230;<\/span><\/p>\n<p><span class=\"sd-text-color\"><\/span><\/div>\n<p><h3 class=\"jp-relatedposts-headline\"><em>Relacionado<\/em><\/h3>\n<\/p>\n<\/div>\n","protected":false},"excerpt":{"rendered":"<p>Las temperaturas ya comenzaron a descender, el fr\u00edo gana protagonismo y las enfermedades virales respiratorias aparecen, una de ellas es la&nbsp;gripe, tambi\u00e9n conocida como&nbsp;influenza. -EPUBS ADVERTISEMENT- A modo preventivo y para hacerle frente a la temporada invernal, desde la Municipalidad de C\u00f3rdoba y el Gobierno provincial recordaron que est\u00e1n a disposici\u00f3n los centros de salud [&hellip;]<\/p>\n","protected":false},"author":1,"featured_media":43404,"comment_status":"closed","ping_status":"closed","sticky":false,"template":"","format":"standard","meta":[],"categories":[14],"tags":[],"_links":{"self":[{"href":"http:\/\/nuevacordoba.net\/index.php\/wp-json\/wp\/v2\/posts\/43403"}],"collection":[{"href":"http:\/\/nuevacordoba.net\/index.php\/wp-json\/wp\/v2\/posts"}],"about":[{"href":"http:\/\/nuevacordoba.net\/index.php\/wp-json\/wp\/v2\/types\/post"}],"author":[{"embeddable":true,"href":"http:\/\/nuevacordoba.net\/index.php\/wp-json\/wp\/v2\/users\/1"}],"replies":[{"embeddable":true,"href":"http:\/\/nuevacordoba.net\/index.php\/wp-json\/wp\/v2\/comments?post=43403"}],"version-history":[{"count":0,"href":"http:\/\/nuevacordoba.net\/index.php\/wp-json\/wp\/v2\/posts\/43403\/revisions"}],"wp:featuredmedia":[{"embeddable":true,"href":"http:\/\/nuevacordoba.net\/index.php\/wp-json\/wp\/v2\/media\/43404"}],"wp:attachment":[{"href":"http:\/\/nuevacordoba.net\/index.php\/wp-json\/wp\/v2\/media?parent=43403"}],"wp:term":[{"taxonomy":"category","embeddable":true,"href":"http:\/\/nuevacordoba.net\/index.php\/wp-json\/wp\/v2\/categories?post=43403"},{"taxonomy":"post_tag","embeddable":true,"href":"http:\/\/nuevacordoba.net\/index.php\/wp-json\/wp\/v2\/tags?post=43403"}],"curies":[{"name":"wp","href":"https:\/\/api.w.org\/{rel}","templated":true}]}}