{"id":4343,"date":"2021-05-11T08:46:54","date_gmt":"2021-05-11T08:46:54","guid":{"rendered":"http:\/\/www.bbc.com\/mundo\/noticias-internacional-57065251"},"modified":"2021-05-11T08:46:54","modified_gmt":"2021-05-11T08:46:54","slug":"quienes-son-los-hazara-la-minoria-chiita-objeto-de-violentos-ataques-en-afganistan","status":"publish","type":"post","link":"http:\/\/nuevacordoba.net\/index.php\/2021\/05\/11\/quienes-son-los-hazara-la-minoria-chiita-objeto-de-violentos-ataques-en-afganistan\/","title":{"rendered":"Qui\u00e9nes son los hazara, la minor\u00eda chiita objeto de violentos ataques en Afganist\u00e1n"},"content":{"rendered":"<div dir=\"ltr\" class=\"e1j2237y6 bbc-q4ibpr e57qer20\">\n<div class=\"bbc-1atl7vu e1c9i7u14\">\n<ul role=\"list\" class=\"bbc-cdrraw e1c9i7u12\">\n<li role=\"listitem\" class=\"bbc-1a3w4ok e1c9i7u11\">Redacci\u00f3n <\/li>\n<li role=\"listitem\" class=\"bbc-1p92jtu e1c9i7u10\">BBC News Mundo<\/li>\n<\/ul>\n<\/div>\n<\/div>\n<p><time datetime=\"2021-05-11\" class=\"bbc-14xtggo e4zesg50\">3 horas<\/time><\/p>\n<div dir=\"ltr\" class=\"bbc-1ka88fa e57qer20\">\n<figure class=\"bbc-1qdcvv9 e6bmn90\">\n<div dir=\"ltr\" class=\"bbc-172p16q e57qer20\">\n<div dir=\"ltr\" class=\"bbc-189y18v e57qer20\" readability=\"6.5\">\n<div data-e2e=\"image-placeholder\" class=\"bbc-1k5hvrj e1whu0\" readability=\"8\"><img srcset=\"http:\/\/nuevacordoba.net\/wp-content\/uploads\/2021\/05\/quienes-son-los-hazara-la-minoria-chiita-objeto-de-violentos-ataques-en-afganistan-11.jpg 240w, http:\/\/nuevacordoba.net\/wp-content\/uploads\/2021\/05\/quienes-son-los-hazara-la-minoria-chiita-objeto-de-violentos-ataques-en-afganistan-12.jpg 320w, http:\/\/nuevacordoba.net\/wp-content\/uploads\/2021\/05\/quienes-son-los-hazara-la-minoria-chiita-objeto-de-violentos-ataques-en-afganistan-13.jpg 480w, http:\/\/nuevacordoba.net\/wp-content\/uploads\/2021\/05\/quienes-son-los-hazara-la-minoria-chiita-objeto-de-violentos-ataques-en-afganistan-14.jpg 624w, http:\/\/nuevacordoba.net\/wp-content\/uploads\/2021\/05\/quienes-son-los-hazara-la-minoria-chiita-objeto-de-violentos-ataques-en-afganistan-15.jpg 800w\" alt=\"Tres escolares con flores en la mano\" src=\"http:\/\/nuevacordoba.net\/wp-content\/uploads\/2021\/05\/quienes-son-los-hazara-la-minoria-chiita-objeto-de-violentos-ataques-en-afganistan.jpg\" width=\"976\" class=\"bbc-fat2bc e1enwo3v0\"><\/p>\n<p role=\"text\" class=\"bbc-1s1cxbv etq3yw90\"><span class=\"bbc-1gnhmg2 e1yt7oin0\">Fuente de la imagen, <\/span><span lang=\"en-GB\">Reuters<\/span><\/p>\n<\/div>\n<\/div>\n<\/div>\n<\/figure>\n<\/div>\n<div dir=\"ltr\" class=\"bbc-19j92fr e57qer20\" readability=\"11\">\n<p dir=\"ltr\" class=\"bbc-bm53ic e1cc2ql70\"><b>Con enemigos como el Talib\u00e1n, Estado Isl\u00e1mico o Al Qaeda, los hazara de Afganist\u00e1n dicen que lo menos importante es saber qui\u00e9n est\u00e1 detr\u00e1s del devastador ataque del pasado s\u00e1bado contra su comunidad.<\/b><\/p>\n<\/div>\n<div dir=\"ltr\" class=\"bbc-19j92fr e57qer20\" readability=\"7\">\n<p dir=\"ltr\" class=\"bbc-bm53ic e1cc2ql70\">Lo que quieren es que paren los ataques.<\/p>\n<\/div>\n<div dir=\"ltr\" class=\"bbc-19j92fr e57qer20\" readability=\"12\">\n<p dir=\"ltr\" class=\"bbc-bm53ic e1cc2ql70\">Con rabia y desesperaci\u00f3n, los familiares de las v\u00edctimas mortales de la triple explosi\u00f3n del s\u00e1bado contra una escuela femenina en la capital afgana, Kabul, organizan sus funerales mientras preguntan d\u00f3nde est\u00e1 la protecci\u00f3n de las autoridades.<\/p>\n<\/div>\n<div dir=\"ltr\" class=\"bbc-19j92fr e57qer20\" readability=\"10\">\n<p dir=\"ltr\" class=\"bbc-bm53ic e1cc2ql70\">El ataque, que <b>se cobr\u00f3 la vida de al menos 85 personas -la mayor\u00eda ni\u00f1as- y caus\u00f3 al menos 147 heridos<\/b>, no ha sido reivindicado por ning\u00fan grupo.<\/p>\n<\/div>\n<div dir=\"ltr\" class=\"bbc-19j92fr e57qer20\" readability=\"9\">\n<p dir=\"ltr\" class=\"bbc-bm53ic e1cc2ql70\">El gobierno de Afganist\u00e1n responsabiliz\u00f3 a militantes talibanes, pero el grupo neg\u00f3 su implicaci\u00f3n.<\/p>\n<\/div>\n<div dir=\"ltr\" class=\"bbc-19j92fr e57qer20\" readability=\"9\">\n<p dir=\"ltr\" class=\"bbc-bm53ic e1cc2ql70\">El autodenominado Estado Isl\u00e1mico (EI) suele atribuirse este tipo de atentados contra los hazara, pero hasta el lunes no se hab\u00eda pronunciado.<\/p>\n<\/div>\n<div dir=\"ltr\" class=\"bbc-1ka88fa e57qer20\">\n<figure class=\"bbc-1qdcvv9 e6bmn90\">\n<div dir=\"ltr\" class=\"bbc-172p16q e57qer20\">\n<div dir=\"ltr\" class=\"bbc-189y18v e57qer20\">\n<div data-e2e=\"image-placeholder\" class=\"bbc-1k5hvrj e1whu0\"><noscript><img srcset=\"http:\/\/nuevacordoba.net\/wp-content\/uploads\/2021\/05\/quienes-son-los-hazara-la-minoria-chiita-objeto-de-violentos-ataques-en-afganistan-16.jpg 240w, http:\/\/nuevacordoba.net\/wp-content\/uploads\/2021\/05\/quienes-son-los-hazara-la-minoria-chiita-objeto-de-violentos-ataques-en-afganistan-17.jpg 320w, http:\/\/nuevacordoba.net\/wp-content\/uploads\/2021\/05\/quienes-son-los-hazara-la-minoria-chiita-objeto-de-violentos-ataques-en-afganistan-18.jpg 480w, http:\/\/nuevacordoba.net\/wp-content\/uploads\/2021\/05\/quienes-son-los-hazara-la-minoria-chiita-objeto-de-violentos-ataques-en-afganistan-19.jpg 624w, http:\/\/nuevacordoba.net\/wp-content\/uploads\/2021\/05\/quienes-son-los-hazara-la-minoria-chiita-objeto-de-violentos-ataques-en-afganistan-20.jpg 800w\" alt=\"Funeral de v\u00edctimas del ataque del s\u00e1bado en Afganist\u00e1n\" src=\"http:\/\/nuevacordoba.net\/wp-content\/uploads\/2021\/05\/quienes-son-los-hazara-la-minoria-chiita-objeto-de-violentos-ataques-en-afganistan-1.jpg\" width=\"976\" class=\"bbc-fat2bc e1enwo3v0\"><\/noscript><\/p>\n<p role=\"text\" class=\"bbc-1s1cxbv etq3yw90\"><span class=\"bbc-1gnhmg2 e1yt7oin0\">Fuente de la imagen, <\/span><span lang=\"en-GB\">EPA<\/span><\/p>\n<\/div>\n<\/div>\n<div dir=\"ltr\" class=\"bbc-3edg7g e57qer20\" readability=\"6\"><figcaption dir=\"ltr\" class=\"bbc-1t9zlwf eede9f50\" readability=\"2\"><span class=\"bbc-1gnhmg2 e1yt7oin0\">Pie de foto, <\/span><\/p>\n<p>Los hazara han sido objeto de los ataques m\u00e1s letales en los \u00faltimos a\u00f1os en Afganist\u00e1n.<\/p>\n<\/figcaption><\/div>\n<\/div>\n<\/figure>\n<\/div>\n<div dir=\"ltr\" class=\"bbc-19j92fr e57qer20\" readability=\"12\">\n<p dir=\"ltr\" class=\"bbc-bm53ic e1cc2ql70\">Tampoco se ha dicho expl\u00edcitamente cu\u00e1l era el objetivo exacto de la matanza, aunque <b>Dasht-e Barchi<\/b>, el vecindario de Kabul occidental donde ocurrieron las explosiones, es de poblaci\u00f3n predominantemente hazara.<\/p>\n<\/div>\n<div dir=\"ltr\" class=\"bbc-19j92fr e57qer20\" readability=\"8\">\n<p dir=\"ltr\" class=\"bbc-bm53ic e1cc2ql70\">Esta comunidad musulmana chi\u00edta ha sido blanco de varios de los ataques m\u00e1s letales de los \u00faltimos a\u00f1os en Afganist\u00e1n.<\/p>\n<\/div>\n<div dir=\"ltr\" class=\"bbc-19j92fr e57qer20\" readability=\"9\">\n<p dir=\"ltr\" class=\"bbc-bm53ic e1cc2ql70\">Ahora que Estados Unidos organiza la retirada de sus tropas del pa\u00eds para el 11 de septiembre, los hazara temen quedar a merced de sus enemigos.<\/p>\n<\/div>\n<p><h2 id=\"Desprotecci\u00f3n-y-autodefensa\" tabindex=\"-1\" class=\"bbc-l3e97o e14hemmw0\">Desprotecci\u00f3n y autodefensa<\/h2>\n<\/p>\n<div dir=\"ltr\" class=\"bbc-19j92fr e57qer20\" readability=\"7\">\n<p dir=\"ltr\" class=\"bbc-bm53ic e1cc2ql70\">El autor del ataque del s\u00e1bado se asegur\u00f3 de matar al mayor n\u00famero posible de chicas.<\/p>\n<\/div>\n<div dir=\"ltr\" class=\"bbc-1ka88fa e57qer20\">\n<figure class=\"bbc-1qdcvv9 e6bmn90\">\n<div dir=\"ltr\" class=\"bbc-172p16q e57qer20\">\n<div dir=\"ltr\" class=\"bbc-189y18v e57qer20\" readability=\"6.5\">\n<div data-e2e=\"image-placeholder\" class=\"bbc-1k5hvrj e1whu0\" readability=\"8\"><noscript><img srcset=\"http:\/\/nuevacordoba.net\/wp-content\/uploads\/2021\/05\/quienes-son-los-hazara-la-minoria-chiita-objeto-de-violentos-ataques-en-afganistan-21.jpg 240w, http:\/\/nuevacordoba.net\/wp-content\/uploads\/2021\/05\/quienes-son-los-hazara-la-minoria-chiita-objeto-de-violentos-ataques-en-afganistan-22.jpg 320w, http:\/\/nuevacordoba.net\/wp-content\/uploads\/2021\/05\/quienes-son-los-hazara-la-minoria-chiita-objeto-de-violentos-ataques-en-afganistan-23.jpg 480w, http:\/\/nuevacordoba.net\/wp-content\/uploads\/2021\/05\/quienes-son-los-hazara-la-minoria-chiita-objeto-de-violentos-ataques-en-afganistan-24.jpg 624w, http:\/\/nuevacordoba.net\/wp-content\/uploads\/2021\/05\/quienes-son-los-hazara-la-minoria-chiita-objeto-de-violentos-ataques-en-afganistan-25.jpg 800w\" alt=\"Ashraf Ghani, presidente de Afganist\u00e1n\" src=\"http:\/\/nuevacordoba.net\/wp-content\/uploads\/2021\/05\/quienes-son-los-hazara-la-minoria-chiita-objeto-de-violentos-ataques-en-afganistan-2.jpg\" width=\"976\" class=\"bbc-fat2bc e1enwo3v0\"><\/noscript><\/p>\n<p role=\"text\" class=\"bbc-1s1cxbv etq3yw90\"><span class=\"bbc-1gnhmg2 e1yt7oin0\">Fuente de la imagen, <\/span><span lang=\"en-GB\">Reuters<\/span><\/p>\n<\/div>\n<\/div>\n<div dir=\"ltr\" class=\"bbc-3edg7g e57qer20\" readability=\"7.5\"><figcaption dir=\"ltr\" class=\"bbc-1t9zlwf eede9f50\" readability=\"5\"><span class=\"bbc-1gnhmg2 e1yt7oin0\">Pie de foto, <\/span><\/p>\n<p>El presidente de Afganist\u00e1n, Ashraf Ghani, proclam\u00f3 el martes como d\u00eda de duelo nacional por las v\u00edctimas.<\/p>\n<\/figcaption><\/div>\n<\/div>\n<\/figure>\n<\/div>\n<div dir=\"ltr\" class=\"bbc-19j92fr e57qer20\" readability=\"11\">\n<p dir=\"ltr\" class=\"bbc-bm53ic e1cc2ql70\">Para los hazara de Dasht-e Barchi, lo m\u00e1s indignante, despu\u00e9s del ataque, fue la ausencia de las fuerzas de seguridad.<\/p>\n<\/div>\n<div dir=\"ltr\" class=\"bbc-19j92fr e57qer20\" readability=\"11\">\n<p dir=\"ltr\" class=\"bbc-bm53ic e1cc2ql70\">Se sienten desprotegidos, pese a tener representantes en el gobierno, como el segundo vicepresidente de Afganist\u00e1n, Sarwar Danesh.<\/p>\n<\/div>\n<div dir=\"ltr\" class=\"bbc-19j92fr e57qer20\" readability=\"14\">\n<p dir=\"ltr\" class=\"bbc-bm53ic e1cc2ql70\">\u00abNos hacen estallar en medio de la calle, en la mezquita, en el hospital, en el club de lucha libre\u2026 en todas partes\u00bb, le dijo al peri\u00f3dico <i class=\"bbc-h1y5j7 ewc4zcb0\">The New York Times<\/i> Kazim Ehsani, im\u00e1n de la mezquita Qamar-e-Bani Hashim.<\/p>\n<\/div>\n<div dir=\"ltr\" class=\"bbc-19j92fr e57qer20\" readability=\"12\">\n<p dir=\"ltr\" class=\"bbc-bm53ic e1cc2ql70\">\u00abY cuando ocurri\u00f3 el ataque, no hab\u00eda ni un agente de polic\u00eda. Ahora somos una multitud, y tampoco hay nadie de las fuerzas de seguridad. Las personas est\u00e1n recogiendo los cuerpos de sus seres queridos\u00bb, agreg\u00f3.<\/p>\n<\/div>\n<div dir=\"ltr\" class=\"bbc-1ka88fa e57qer20\">\n<figure class=\"bbc-1qdcvv9 e6bmn90\">\n<div dir=\"ltr\" class=\"bbc-172p16q e57qer20\">\n<div dir=\"ltr\" class=\"bbc-189y18v e57qer20\">\n<div data-e2e=\"image-placeholder\" class=\"bbc-1k5hvrj e1whu0\"><noscript><img srcset=\"http:\/\/nuevacordoba.net\/wp-content\/uploads\/2021\/05\/quienes-son-los-hazara-la-minoria-chiita-objeto-de-violentos-ataques-en-afganistan-26.jpg 240w, http:\/\/nuevacordoba.net\/wp-content\/uploads\/2021\/05\/quienes-son-los-hazara-la-minoria-chiita-objeto-de-violentos-ataques-en-afganistan-27.jpg 320w, http:\/\/nuevacordoba.net\/wp-content\/uploads\/2021\/05\/quienes-son-los-hazara-la-minoria-chiita-objeto-de-violentos-ataques-en-afganistan-28.jpg 480w, http:\/\/nuevacordoba.net\/wp-content\/uploads\/2021\/05\/quienes-son-los-hazara-la-minoria-chiita-objeto-de-violentos-ataques-en-afganistan-29.jpg 624w, http:\/\/nuevacordoba.net\/wp-content\/uploads\/2021\/05\/quienes-son-los-hazara-la-minoria-chiita-objeto-de-violentos-ataques-en-afganistan-30.jpg 800w\" alt=\"Soldado y ciudadano tras ataque en 2016\" src=\"http:\/\/nuevacordoba.net\/wp-content\/uploads\/2021\/05\/quienes-son-los-hazara-la-minoria-chiita-objeto-de-violentos-ataques-en-afganistan-3.jpg\" width=\"976\" class=\"bbc-fat2bc e1enwo3v0\"><\/noscript><\/p>\n<p role=\"text\" class=\"bbc-1s1cxbv etq3yw90\"><span class=\"bbc-1gnhmg2 e1yt7oin0\">Fuente de la imagen, <\/span><span lang=\"en-GB\">EPA<\/span><\/p>\n<\/div>\n<\/div>\n<div dir=\"ltr\" class=\"bbc-3edg7g e57qer20\" readability=\"6.5\"><figcaption dir=\"ltr\" class=\"bbc-1t9zlwf eede9f50\" readability=\"3\"><span class=\"bbc-1gnhmg2 e1yt7oin0\">Pie de foto, <\/span><\/p>\n<p>Las tropas estadounidenses tienen el 11 de septiembre como fecha para su retirada total de Afganist\u00e1n.<\/p>\n<\/figcaption><\/div>\n<\/div>\n<\/figure>\n<\/div>\n<div dir=\"ltr\" class=\"bbc-19j92fr e57qer20\" readability=\"7\">\n<p dir=\"ltr\" class=\"bbc-bm53ic e1cc2ql70\">\u00abEstamos en shock. Todo el mundo est\u00e1 aterrorizado\u00bb.<\/p>\n<\/div>\n<p><h2 id=\"Origen-asi\u00e1tico\" tabindex=\"-1\" class=\"bbc-l3e97o e14hemmw0\">Origen asi\u00e1tico<\/h2>\n<\/p>\n<div dir=\"ltr\" class=\"bbc-19j92fr e57qer20\" readability=\"11\">\n<p dir=\"ltr\" class=\"bbc-bm53ic e1cc2ql70\">Los hazara son un pueblo unido y pol\u00edticamente activo, de habla persa, que vive principalmente en el centro monta\u00f1oso de Afganist\u00e1n, en la regi\u00f3n de Hazarayat (\u00abtierra de los hazara\u00bb). <\/p>\n<\/div>\n<div dir=\"ltr\" class=\"bbc-19j92fr e57qer20\" readability=\"12\">\n<p dir=\"ltr\" class=\"bbc-bm53ic e1cc2ql70\">Su n\u00famero exacto es incierto, se calcula que componen alrededor del 10% de la poblaci\u00f3n afgana, de unos 38 millones de habitantes, y son la tercera minor\u00eda \u00e9tnica del pa\u00eds despu\u00e9s de los pastunes y los tayikos.<\/p>\n<\/div>\n<div dir=\"ltr\" class=\"bbc-19j92fr e57qer20\" readability=\"10\">\n<p dir=\"ltr\" class=\"bbc-bm53ic e1cc2ql70\">Tambi\u00e9n viven en la provincia de Balochist\u00e1n, Pakist\u00e1n, y en Mashad, Ir\u00e1n.<\/p>\n<\/div>\n<div dir=\"ltr\" class=\"bbc-19j92fr e57qer20\" readability=\"8\">\n<p dir=\"ltr\" class=\"bbc-bm53ic e1cc2ql70\">Los hazara son descendientes de los mongoles y sus caracter\u00edsticas f\u00edsicas orientales y piel clara los diferencian marcadamente en la regi\u00f3n.<\/p>\n<\/div>\n<div dir=\"ltr\" class=\"bbc-19j92fr e57qer20\" readability=\"7\">\n<p dir=\"ltr\" class=\"bbc-bm53ic e1cc2ql70\">Su origen se relaciona con los soldados mongoles que Genghis Khan dej\u00f3 atr\u00e1s en el siglo XIII.<\/p>\n<\/div>\n<div dir=\"ltr\" class=\"bbc-1ka88fa e57qer20\">\n<figure class=\"bbc-1qdcvv9 e6bmn90\">\n<div dir=\"ltr\" class=\"bbc-172p16q e57qer20\">\n<div dir=\"ltr\" class=\"bbc-189y18v e57qer20\" readability=\"6.5\">\n<div data-e2e=\"image-placeholder\" class=\"bbc-1k5hvrj e1whu0\" readability=\"8\"><noscript><img srcset=\"http:\/\/nuevacordoba.net\/wp-content\/uploads\/2021\/05\/quienes-son-los-hazara-la-minoria-chiita-objeto-de-violentos-ataques-en-afganistan-31.jpg 240w, http:\/\/nuevacordoba.net\/wp-content\/uploads\/2021\/05\/quienes-son-los-hazara-la-minoria-chiita-objeto-de-violentos-ataques-en-afganistan-32.jpg 320w, http:\/\/nuevacordoba.net\/wp-content\/uploads\/2021\/05\/quienes-son-los-hazara-la-minoria-chiita-objeto-de-violentos-ataques-en-afganistan-33.jpg 480w, http:\/\/nuevacordoba.net\/wp-content\/uploads\/2021\/05\/quienes-son-los-hazara-la-minoria-chiita-objeto-de-violentos-ataques-en-afganistan-34.jpg 624w, http:\/\/nuevacordoba.net\/wp-content\/uploads\/2021\/05\/quienes-son-los-hazara-la-minoria-chiita-objeto-de-violentos-ataques-en-afganistan-35.jpg 800w\" alt=\"Un hombre hazara en Pakist\u00e1n\" src=\"http:\/\/nuevacordoba.net\/wp-content\/uploads\/2021\/05\/quienes-son-los-hazara-la-minoria-chiita-objeto-de-violentos-ataques-en-afganistan-4.jpg\" width=\"976\" class=\"bbc-fat2bc e1enwo3v0\"><\/noscript><\/p>\n<p role=\"text\" class=\"bbc-1s1cxbv etq3yw90\"><span class=\"bbc-1gnhmg2 e1yt7oin0\">Fuente de la imagen, <\/span><span lang=\"en-GB\">Getty Images<\/span><\/p>\n<\/div>\n<\/div>\n<div dir=\"ltr\" class=\"bbc-3edg7g e57qer20\" readability=\"7\"><figcaption dir=\"ltr\" class=\"bbc-1t9zlwf eede9f50\" readability=\"4\"><span class=\"bbc-1gnhmg2 e1yt7oin0\">Pie de foto, <\/span><\/p>\n<p>Primero tuvieron que huir de Afganist\u00e1n cuando estall\u00f3 el conflicto con las fuerzas de ocupaci\u00f3n de la Uni\u00f3n Sovi\u00e9tica. Despu\u00e9s escaparon de una cruenta guerra civil y de la persecuci\u00f3n religiosa por parte del r\u00e9gimen del Talib\u00e1n.<\/p>\n<\/figcaption><\/div>\n<\/div>\n<\/figure>\n<\/div>\n<div dir=\"ltr\" class=\"bbc-19j92fr e57qer20\" readability=\"9\">\n<p dir=\"ltr\" class=\"bbc-bm53ic e1cc2ql70\">Llegaron a ser el grupo \u00e9tnico m\u00e1s grande en el pa\u00eds, formando el 67% del total de la poblaci\u00f3n antes del siglo XIX.<\/p>\n<\/div>\n<div dir=\"ltr\" class=\"bbc-19j92fr e57qer20\" readability=\"7\">\n<p dir=\"ltr\" class=\"bbc-bm53ic e1cc2ql70\">M\u00e1s de la mitad fueron masacrados en 1893 cuando perdieron su autonom\u00eda.<\/p>\n<\/div>\n<div dir=\"ltr\" class=\"bbc-19j92fr e57qer20\" readability=\"9\">\n<p dir=\"ltr\" class=\"bbc-bm53ic e1cc2ql70\">Dentro de la cultura afgana, los hazara son conocidos por su m\u00fasica y poes\u00eda y por los proverbios de los que se deriva dicha poes\u00eda.<\/p>\n<\/div>\n<div dir=\"ltr\" class=\"bbc-19j92fr e57qer20\" readability=\"8\">\n<p dir=\"ltr\" class=\"bbc-bm53ic e1cc2ql70\">La poes\u00eda y la m\u00fasica son en su mayor\u00eda folcl\u00f3ricas y se transmitieron de forma oral a trav\u00e9s de las generaciones.<\/p>\n<\/div>\n<div dir=\"ltr\" class=\"bbc-19j92fr e57qer20\" readability=\"9\">\n<p dir=\"ltr\" class=\"bbc-bm53ic e1cc2ql70\">Los hazara han sufrido una discriminaci\u00f3n sistem\u00e1tica y quiz\u00e1 como consecuencia de esto han recibido menos influencias culturales de otros grupos y su identidad se ha mantenido relativamente est\u00e1tica.<\/p>\n<\/div>\n<p><h2 id=\"Pueblo-perseguido\" tabindex=\"-1\" class=\"bbc-l3e97o e14hemmw0\">Pueblo perseguido<\/h2>\n<\/p>\n<div dir=\"ltr\" class=\"bbc-19j92fr e57qer20\" readability=\"10\">\n<p dir=\"ltr\" class=\"bbc-bm53ic e1cc2ql70\">Debido a su adherencia al chiismo, la comunidad hazara ha sido v\u00edctima de persecuciones, masacres y desplazamientos forzados desde hace siglos. <\/p>\n<\/div>\n<div dir=\"ltr\" class=\"bbc-1ka88fa e57qer20\">\n<figure class=\"bbc-1qdcvv9 e6bmn90\">\n<div dir=\"ltr\" class=\"bbc-172p16q e57qer20\">\n<div dir=\"ltr\" class=\"bbc-189y18v e57qer20\">\n<div data-e2e=\"image-placeholder\" class=\"bbc-1k5hvrj e1whu0\"><noscript><img srcset=\"http:\/\/nuevacordoba.net\/wp-content\/uploads\/2021\/05\/quienes-son-los-hazara-la-minoria-chiita-objeto-de-violentos-ataques-en-afganistan-36.jpg 240w, http:\/\/nuevacordoba.net\/wp-content\/uploads\/2021\/05\/quienes-son-los-hazara-la-minoria-chiita-objeto-de-violentos-ataques-en-afganistan-37.jpg 320w, http:\/\/nuevacordoba.net\/wp-content\/uploads\/2021\/05\/quienes-son-los-hazara-la-minoria-chiita-objeto-de-violentos-ataques-en-afganistan-38.jpg 480w, http:\/\/nuevacordoba.net\/wp-content\/uploads\/2021\/05\/quienes-son-los-hazara-la-minoria-chiita-objeto-de-violentos-ataques-en-afganistan-39.jpg 624w, http:\/\/nuevacordoba.net\/wp-content\/uploads\/2021\/05\/quienes-son-los-hazara-la-minoria-chiita-objeto-de-violentos-ataques-en-afganistan-40.jpg 800w\" alt=\"Escolares en Kabul, Afganist\u00e1n\" src=\"http:\/\/nuevacordoba.net\/wp-content\/uploads\/2021\/05\/quienes-son-los-hazara-la-minoria-chiita-objeto-de-violentos-ataques-en-afganistan-5.jpg\" width=\"976\" class=\"bbc-fat2bc e1enwo3v0\"><\/noscript><\/p>\n<p role=\"text\" class=\"bbc-1s1cxbv etq3yw90\"><span class=\"bbc-1gnhmg2 e1yt7oin0\">Fuente de la imagen, <\/span><span lang=\"en-GB\">EPA<\/span><\/p>\n<\/div>\n<\/div>\n<div dir=\"ltr\" class=\"bbc-3edg7g e57qer20\" readability=\"6.5\"><figcaption dir=\"ltr\" class=\"bbc-1t9zlwf eede9f50\" readability=\"3\"><span class=\"bbc-1gnhmg2 e1yt7oin0\">Pie de foto, <\/span><\/p>\n<p>Tras el derrocamiento del Talib\u00e1n, los hazara prosperaron en Kabul.<\/p>\n<\/figcaption><\/div>\n<\/div>\n<\/figure>\n<\/div>\n<div dir=\"ltr\" class=\"bbc-19j92fr e57qer20\" readability=\"9\">\n<p dir=\"ltr\" class=\"bbc-bm53ic e1cc2ql70\">A finales del siglo XIX, el emir past\u00fan de Afganist\u00e1n los convirti\u00f3 en blanco de matanzas colectivas y desplazamientos forzados.<\/p>\n<\/div>\n<div dir=\"ltr\" class=\"bbc-19j92fr e57qer20\" readability=\"8\">\n<p dir=\"ltr\" class=\"bbc-bm53ic e1cc2ql70\">Muchos de ellos fueron esclavizados y vendidos y las mujeres fueron v\u00edctimas de violaciones y abusos sexuales.<\/p>\n<\/div>\n<div dir=\"ltr\" class=\"bbc-19j92fr e57qer20\" readability=\"12\">\n<p dir=\"ltr\" class=\"bbc-bm53ic e1cc2ql70\">Forzados a por la persecuci\u00f3n a migrar a la capital, Kabul, en la segunda mitad del siglo XX, su bajo estatus socio-econ\u00f3mico cre\u00f3 una divisi\u00f3n de clase y \u00e9tnica entre ellos y el resto de la sociedad urbana del pa\u00eds.<\/p>\n<\/div>\n<p><h2 id=\"El-Talib\u00e1n-y-Estado-Isl\u00e1mico\" tabindex=\"-1\" class=\"bbc-l3e97o e14hemmw0\">El Talib\u00e1n y Estado Isl\u00e1mico<\/h2>\n<\/p>\n<div dir=\"ltr\" class=\"bbc-19j92fr e57qer20\" readability=\"10\">\n<p dir=\"ltr\" class=\"bbc-bm53ic e1cc2ql70\">En d\u00e9cadas recientes, los hazara han sido v\u00edctimas del Talib\u00e1n, Al Qaeda y grupos extremistas sunitas como Estado Isl\u00e1mico.<\/p>\n<\/div>\n<div dir=\"ltr\" class=\"bbc-19j92fr e57qer20\" readability=\"10\">\n<p dir=\"ltr\" class=\"bbc-bm53ic e1cc2ql70\">Entre 1992-1995, Abdul Ali Mazari fue el primer l\u00edder pol\u00edtico que habl\u00f3 en el \u00e1mbito internacional en nombre de los hazara, presentando su caso ante Naciones Unidas y la comunidad internacional.<\/p>\n<\/div>\n<div dir=\"ltr\" class=\"bbc-19j92fr e57qer20\" readability=\"10\">\n<p dir=\"ltr\" class=\"bbc-bm53ic e1cc2ql70\">Mazari uni\u00f3 a diversas facciones, fuerzas y clases de la sociedad hazara y chiita y lleg\u00f3 a un acuerdo con el liderazgo talib\u00e1n en 1993, pero fue brutalmente asesinado por ellos en 1995.<\/p>\n<\/div>\n<div dir=\"ltr\" class=\"bbc-1ka88fa e57qer20\">\n<figure class=\"bbc-1qdcvv9 e6bmn90\">\n<div dir=\"ltr\" class=\"bbc-172p16q e57qer20\">\n<div dir=\"ltr\" class=\"bbc-189y18v e57qer20\" readability=\"6.5\">\n<div data-e2e=\"image-placeholder\" class=\"bbc-1k5hvrj e1whu0\" readability=\"8\"><noscript><img srcset=\"http:\/\/nuevacordoba.net\/wp-content\/uploads\/2021\/05\/quienes-son-los-hazara-la-minoria-chiita-objeto-de-violentos-ataques-en-afganistan-41.jpg 240w, http:\/\/nuevacordoba.net\/wp-content\/uploads\/2021\/05\/quienes-son-los-hazara-la-minoria-chiita-objeto-de-violentos-ataques-en-afganistan-42.jpg 320w, http:\/\/nuevacordoba.net\/wp-content\/uploads\/2021\/05\/quienes-son-los-hazara-la-minoria-chiita-objeto-de-violentos-ataques-en-afganistan-43.jpg 480w, http:\/\/nuevacordoba.net\/wp-content\/uploads\/2021\/05\/quienes-son-los-hazara-la-minoria-chiita-objeto-de-violentos-ataques-en-afganistan-44.jpg 624w, http:\/\/nuevacordoba.net\/wp-content\/uploads\/2021\/05\/quienes-son-los-hazara-la-minoria-chiita-objeto-de-violentos-ataques-en-afganistan-45.jpg 800w\" alt=\"Ni\u00f1o hazara en Pakist\u00e1n\" src=\"http:\/\/nuevacordoba.net\/wp-content\/uploads\/2021\/05\/quienes-son-los-hazara-la-minoria-chiita-objeto-de-violentos-ataques-en-afganistan-6.jpg\" width=\"976\" class=\"bbc-fat2bc e1enwo3v0\"><\/noscript><\/p>\n<p role=\"text\" class=\"bbc-1s1cxbv etq3yw90\"><span class=\"bbc-1gnhmg2 e1yt7oin0\">Fuente de la imagen, <\/span><span lang=\"en-GB\">Getty Images<\/span><\/p>\n<\/div>\n<\/div>\n<div dir=\"ltr\" class=\"bbc-3edg7g e57qer20\" readability=\"6.5\"><figcaption dir=\"ltr\" class=\"bbc-1t9zlwf eede9f50\" readability=\"3\"><span class=\"bbc-1gnhmg2 e1yt7oin0\">Pie de foto, <\/span><\/p>\n<p>Aunque la mayor\u00eda vive en Afganist\u00e1n, tambi\u00e9n hay miembros de la comunidad hazara en Pakist\u00e1n.<\/p>\n<\/figcaption><\/div>\n<\/div>\n<\/figure>\n<\/div>\n<div dir=\"ltr\" class=\"bbc-19j92fr e57qer20\" readability=\"12\">\n<p dir=\"ltr\" class=\"bbc-bm53ic e1cc2ql70\">Durante ese per\u00edodo, escuelas, incluida una de ni\u00f1as, fueron reabiertas y se estableci\u00f3 la Universidad de Bamiy\u00e1n, la principal ciudad de Hazarayat.<\/p>\n<\/div>\n<div dir=\"ltr\" class=\"bbc-19j92fr e57qer20\" readability=\"8\">\n<p dir=\"ltr\" class=\"bbc-bm53ic e1cc2ql70\">Cuando el Talib\u00e1n lleg\u00f3 al poder en 1996, declar\u00f3 una <b>yihad contra los hazara<\/b>.<\/p>\n<\/div>\n<div dir=\"ltr\" class=\"bbc-19j92fr e57qer20\" readability=\"12\">\n<p dir=\"ltr\" class=\"bbc-bm53ic e1cc2ql70\">En los a\u00f1os siguientes, sufrieron una represi\u00f3n y persecuci\u00f3n particularmente graves, incluidas una serie de matanzas colectivas en el norte de Afganist\u00e1n, donde miles de hazaras murieron o fueron forzados a dejar sus casas.<\/p>\n<\/div>\n<div dir=\"ltr\" class=\"bbc-19j92fr e57qer20\" readability=\"11\">\n<p dir=\"ltr\" class=\"bbc-bm53ic e1cc2ql70\">Tambi\u00e9n se enfrentan a la enemistad declarada de EI, al que se atribuye el estremecedor ataque de hace un a\u00f1o contra la unidad de maternidad de un hospital local donde murieron 24 personas entre mujeres, ni\u00f1os y beb\u00e9s.<\/p>\n<\/div>\n<div dir=\"ltr\" class=\"bbc-19j92fr e57qer20\" readability=\"8\">\n<p dir=\"ltr\" class=\"bbc-bm53ic e1cc2ql70\">Y el pasado octubre, otro ataque fuera de un centro educativo dej\u00f3 30 muertos.<\/p>\n<\/div>\n<div dir=\"ltr\" class=\"bbc-1ka88fa e57qer20\">\n<figure class=\"bbc-1qdcvv9 e6bmn90\">\n<div dir=\"ltr\" class=\"bbc-172p16q e57qer20\">\n<div dir=\"ltr\" class=\"bbc-189y18v e57qer20\">\n<div data-e2e=\"image-placeholder\" class=\"bbc-1k5hvrj e1whu0\"><noscript><img srcset=\"http:\/\/nuevacordoba.net\/wp-content\/uploads\/2021\/05\/quienes-son-los-hazara-la-minoria-chiita-objeto-de-violentos-ataques-en-afganistan-46.jpg 240w, http:\/\/nuevacordoba.net\/wp-content\/uploads\/2021\/05\/quienes-son-los-hazara-la-minoria-chiita-objeto-de-violentos-ataques-en-afganistan-47.jpg 320w, http:\/\/nuevacordoba.net\/wp-content\/uploads\/2021\/05\/quienes-son-los-hazara-la-minoria-chiita-objeto-de-violentos-ataques-en-afganistan-48.jpg 480w, http:\/\/nuevacordoba.net\/wp-content\/uploads\/2021\/05\/quienes-son-los-hazara-la-minoria-chiita-objeto-de-violentos-ataques-en-afganistan-49.jpg 624w, http:\/\/nuevacordoba.net\/wp-content\/uploads\/2021\/05\/quienes-son-los-hazara-la-minoria-chiita-objeto-de-violentos-ataques-en-afganistan-50.jpg 800w\" alt=\"Dos hombres trasladan a una v\u00edctima en camilla\" src=\"http:\/\/nuevacordoba.net\/wp-content\/uploads\/2021\/05\/quienes-son-los-hazara-la-minoria-chiita-objeto-de-violentos-ataques-en-afganistan-7.jpg\" width=\"976\" class=\"bbc-fat2bc e1enwo3v0\"><\/noscript><\/p>\n<p role=\"text\" class=\"bbc-1s1cxbv etq3yw90\"><span class=\"bbc-1gnhmg2 e1yt7oin0\">Fuente de la imagen, <\/span><span lang=\"en-GB\">EPA<\/span><\/p>\n<\/div>\n<\/div>\n<div dir=\"ltr\" class=\"bbc-3edg7g e57qer20\" readability=\"6\"><figcaption dir=\"ltr\" class=\"bbc-1t9zlwf eede9f50\" readability=\"2\"><span class=\"bbc-1gnhmg2 e1yt7oin0\">Pie de foto, <\/span><\/p>\n<p>La mayor\u00eda de las v\u00edctimas del ataque del pasado s\u00e1bado fueron ni\u00f1as.<\/p>\n<\/figcaption><\/div>\n<\/div>\n<\/figure>\n<\/div>\n<div dir=\"ltr\" class=\"bbc-19j92fr e57qer20\" readability=\"11\">\n<p dir=\"ltr\" class=\"bbc-bm53ic e1cc2ql70\"><b>EI considera herejes a los hazara <\/b>por ser seguidores del islam chi\u00edta, explica Secunder Kermani, corresponsal de la BBC en Afganist\u00e1n, y los ataca en sus objetivos m\u00e1s vulnerables.<\/p>\n<\/div>\n<p><h2 id=\"Su-propio-historial-violento\" tabindex=\"-1\" class=\"bbc-l3e97o e14hemmw0\">Su propio historial violento<\/h2>\n<\/p>\n<div dir=\"ltr\" class=\"bbc-19j92fr e57qer20\" readability=\"8\">\n<p dir=\"ltr\" class=\"bbc-bm53ic e1cc2ql70\">A los combatientes hazara se los acusa de llevar a cabo atrocidades durante la guerra civil interna que sigui\u00f3 tras la retirada del ej\u00e9rcito sovi\u00e9tico de Afganist\u00e1n a finales de los a\u00f1os 80.<\/p>\n<\/div>\n<div dir=\"ltr\" class=\"bbc-1ka88fa e57qer20\">\n<figure class=\"bbc-1qdcvv9 e6bmn90\">\n<div dir=\"ltr\" class=\"bbc-172p16q e57qer20\">\n<div dir=\"ltr\" class=\"bbc-189y18v e57qer20\" readability=\"6.5\">\n<div data-e2e=\"image-placeholder\" class=\"bbc-1k5hvrj e1whu0\" readability=\"8\"><noscript><img srcset=\"http:\/\/nuevacordoba.net\/wp-content\/uploads\/2021\/05\/quienes-son-los-hazara-la-minoria-chiita-objeto-de-violentos-ataques-en-afganistan-51.jpg 240w, http:\/\/nuevacordoba.net\/wp-content\/uploads\/2021\/05\/quienes-son-los-hazara-la-minoria-chiita-objeto-de-violentos-ataques-en-afganistan-52.jpg 320w, http:\/\/nuevacordoba.net\/wp-content\/uploads\/2021\/05\/quienes-son-los-hazara-la-minoria-chiita-objeto-de-violentos-ataques-en-afganistan-53.jpg 480w, http:\/\/nuevacordoba.net\/wp-content\/uploads\/2021\/05\/quienes-son-los-hazara-la-minoria-chiita-objeto-de-violentos-ataques-en-afganistan-54.jpg 624w, http:\/\/nuevacordoba.net\/wp-content\/uploads\/2021\/05\/quienes-son-los-hazara-la-minoria-chiita-objeto-de-violentos-ataques-en-afganistan-55.jpg 800w\" alt=\"Activista hazara muerto en ataque de 2013\" src=\"http:\/\/nuevacordoba.net\/wp-content\/uploads\/2021\/05\/quienes-son-los-hazara-la-minoria-chiita-objeto-de-violentos-ataques-en-afganistan-8.jpg\" width=\"976\" class=\"bbc-fat2bc e1enwo3v0\"><\/noscript><\/p>\n<p role=\"text\" class=\"bbc-1s1cxbv etq3yw90\"><span class=\"bbc-1gnhmg2 e1yt7oin0\">Fuente de la imagen, <\/span><span lang=\"en-GB\">Cortes\u00eda<\/span><\/p>\n<\/div>\n<\/div>\n<div dir=\"ltr\" class=\"bbc-3edg7g e57qer20\" readability=\"7.5\"><figcaption dir=\"ltr\" class=\"bbc-1t9zlwf eede9f50\" readability=\"5\"><span class=\"bbc-1gnhmg2 e1yt7oin0\">Pie de foto, <\/span><\/p>\n<p>El activista hazara Irfan Ali muri\u00f3 en 2013 en un ataque contra el grupo en la ciudad de Quetta, en Pakist\u00e1n, que dej\u00f3 decenas de v\u00edctimas.<\/p>\n<\/figcaption><\/div>\n<\/div>\n<\/figure>\n<\/div>\n<div dir=\"ltr\" class=\"bbc-19j92fr e57qer20\" readability=\"7\">\n<p dir=\"ltr\" class=\"bbc-bm53ic e1cc2ql70\">El grupo tambi\u00e9n ha sido acusado de estar demasiado alineado con Ir\u00e1n.<\/p>\n<\/div>\n<div dir=\"ltr\" class=\"bbc-19j92fr e57qer20\" readability=\"8\">\n<p dir=\"ltr\" class=\"bbc-bm53ic e1cc2ql70\">Se dice que miles de ellos han sido entrenados por las fuerzas de seguridad iran\u00edes y desplegados con milicias chiitas en Siria en la \u00faltima d\u00e9cada.<\/p>\n<\/div>\n<p><h2 id=\"Trato-a-las-mujeres\" tabindex=\"-1\" class=\"bbc-l3e97o e14hemmw0\">Trato a las mujeres<\/h2>\n<\/p>\n<div dir=\"ltr\" class=\"bbc-19j92fr e57qer20\" readability=\"13\">\n<p dir=\"ltr\" class=\"bbc-bm53ic e1cc2ql70\">Desde la invasi\u00f3n de EE.UU. y aliados en 2001, que deriv\u00f3 en el derrocamiento del r\u00e9gimen talib\u00e1n, los hazara lograron crear comunidades pr\u00f3speras, negocios, escuelas y mezquitas en Kabul occidental y en Hazarayat.<\/p>\n<\/div>\n<div dir=\"ltr\" class=\"bbc-19j92fr e57qer20\" readability=\"8\">\n<p dir=\"ltr\" class=\"bbc-bm53ic e1cc2ql70\">El grupo tiende a ser m\u00e1s progresista en cuanto a los derechos de las mujeres a la educaci\u00f3n y la participaci\u00f3n p\u00fablica.<\/p>\n<\/div>\n<div dir=\"ltr\" class=\"bbc-1ka88fa e57qer20\">\n<figure class=\"bbc-1qdcvv9 e6bmn90\">\n<div dir=\"ltr\" class=\"bbc-172p16q e57qer20\">\n<div dir=\"ltr\" class=\"bbc-189y18v e57qer20\" readability=\"6.5\">\n<div data-e2e=\"image-placeholder\" class=\"bbc-1k5hvrj e1whu0\" readability=\"8\"><noscript><img srcset=\"http:\/\/nuevacordoba.net\/wp-content\/uploads\/2021\/05\/quienes-son-los-hazara-la-minoria-chiita-objeto-de-violentos-ataques-en-afganistan-56.jpg 240w, http:\/\/nuevacordoba.net\/wp-content\/uploads\/2021\/05\/quienes-son-los-hazara-la-minoria-chiita-objeto-de-violentos-ataques-en-afganistan-57.jpg 320w, http:\/\/nuevacordoba.net\/wp-content\/uploads\/2021\/05\/quienes-son-los-hazara-la-minoria-chiita-objeto-de-violentos-ataques-en-afganistan-58.jpg 480w, http:\/\/nuevacordoba.net\/wp-content\/uploads\/2021\/05\/quienes-son-los-hazara-la-minoria-chiita-objeto-de-violentos-ataques-en-afganistan-59.jpg 624w, http:\/\/nuevacordoba.net\/wp-content\/uploads\/2021\/05\/quienes-son-los-hazara-la-minoria-chiita-objeto-de-violentos-ataques-en-afganistan-60.jpg 800w\" alt=\"Mujeres de la comunidad hazara\" src=\"http:\/\/nuevacordoba.net\/wp-content\/uploads\/2021\/05\/quienes-son-los-hazara-la-minoria-chiita-objeto-de-violentos-ataques-en-afganistan-9.jpg\" width=\"976\" class=\"bbc-fat2bc e1enwo3v0\"><\/noscript><\/p>\n<p role=\"text\" class=\"bbc-1s1cxbv etq3yw90\"><span class=\"bbc-1gnhmg2 e1yt7oin0\">Fuente de la imagen, <\/span><span lang=\"en-GB\">Getty Images<\/span><\/p>\n<\/div>\n<\/div>\n<div dir=\"ltr\" class=\"bbc-3edg7g e57qer20\" readability=\"6.5\"><figcaption dir=\"ltr\" class=\"bbc-1t9zlwf eede9f50\" readability=\"3\"><span class=\"bbc-1gnhmg2 e1yt7oin0\">Pie de foto, <\/span><\/p>\n<p>La comubidad hazara est\u00e1 m\u00e1s abierta a la integraci\u00f3n de la mujer que otros grupos minoritarios afganos.<\/p>\n<\/figcaption><\/div>\n<\/div>\n<\/figure>\n<\/div>\n<div dir=\"ltr\" class=\"bbc-19j92fr e57qer20\" readability=\"10\">\n<p dir=\"ltr\" class=\"bbc-bm53ic e1cc2ql70\">Mujeres hazara con estudios, en particular aquellas que regresaron del exilio en Ir\u00e1n tras la ca\u00edda del Talib\u00e1n, a menudo han sido tan activas como los hombres en las arenas c\u00edvica y pol\u00edtica.<\/p>\n<\/div>\n<div dir=\"ltr\" class=\"bbc-19j92fr e57qer20\" readability=\"8\">\n<p dir=\"ltr\" class=\"bbc-bm53ic e1cc2ql70\">Los hazara tienen el deseo de educar a sus hijas y no es casual que el ataque del s\u00e1bado tuviera como objetivo una escuela femenina.<\/p>\n<\/div>\n<p><h2 id=\"Impacto-de-la-retirada-de-EEUU\" tabindex=\"-1\" class=\"bbc-l3e97o e14hemmw0\">Impacto de la retirada de EE.UU.<\/h2>\n<\/p>\n<div dir=\"ltr\" class=\"bbc-19j92fr e57qer20\" readability=\"11\">\n<p dir=\"ltr\" class=\"bbc-bm53ic e1cc2ql70\">Desconfiados del gobierno y del Talib\u00e1n, muchos de los grupos minoritarios de Afganist\u00e1n, en especial los hazara, ve\u00edan la presencia de fuerzas extranjeras como una protecci\u00f3n.<\/p>\n<\/div>\n<div dir=\"ltr\" class=\"bbc-19j92fr e57qer20\" readability=\"11\">\n<p dir=\"ltr\" class=\"bbc-bm53ic e1cc2ql70\">Ahora, con la salida gradual de las tropas de EE.UU. y la OTAN, muchos hazara se sienten abandonados, temen un regreso de la persecuci\u00f3n extendida y un aumento de los ataques como el del s\u00e1bado.<\/p>\n<\/div>\n<div dir=\"ltr\" class=\"bbc-19j92fr e57qer20\" readability=\"10\">\n<p dir=\"ltr\" class=\"bbc-bm53ic e1cc2ql70\">Algunos dicen que, ante este panorama y la falta de acci\u00f3n por parte de las autoridades, no les queda otra salida que armarse y \u00abampararse a la protecci\u00f3n de Dios\u00bb.<\/p>\n<\/div>\n<div dir=\"ltr\" class=\"bbc-1ka88fa e57qer20\">\n<figure class=\"bbc-1qdcvv9 e6bmn90\">\n<div dir=\"ltr\" class=\"bbc-172p16q e57qer20\">\n<div dir=\"ltr\" class=\"bbc-189y18v e57qer20\">\n<div data-e2e=\"image-placeholder\" class=\"bbc-367mqz e1whu0\"><noscript><img srcset=\"http:\/\/nuevacordoba.net\/wp-content\/uploads\/2021\/05\/quienes-son-los-hazara-la-minoria-chiita-objeto-de-violentos-ataques-en-afganistan-61.jpg 240w, http:\/\/nuevacordoba.net\/wp-content\/uploads\/2021\/05\/quienes-son-los-hazara-la-minoria-chiita-objeto-de-violentos-ataques-en-afganistan-62.jpg 320w, http:\/\/nuevacordoba.net\/wp-content\/uploads\/2021\/05\/quienes-son-los-hazara-la-minoria-chiita-objeto-de-violentos-ataques-en-afganistan-63.jpg 464w\" alt=\"L\u00ednea\" src=\"http:\/\/nuevacordoba.net\/wp-content\/uploads\/2021\/05\/quienes-son-los-hazara-la-minoria-chiita-objeto-de-violentos-ataques-en-afganistan-10.jpg\" width=\"464\" class=\"bbc-fat2bc e1enwo3v0\"><\/noscript><\/div>\n<\/div>\n<\/div>\n<\/figure>\n<\/div>\n<div dir=\"ltr\" class=\"bbc-19j92fr e57qer20\" readability=\"8\">\n<p dir=\"ltr\" class=\"bbc-bm53ic e1cc2ql70\"><i class=\"bbc-h1y5j7 ewc4zcb0\">P<\/i><i class=\"bbc-h1y5j7 ewc4zcb0\">uedes recibir notificaciones de BBC Mundo. Descarga<\/i><i class=\"bbc-h1y5j7 ewc4zcb0\">nuestra app y act\u00edvalas para no perderte nuestro mejor contenido<\/i>.<\/p>\n<\/div>\n","protected":false},"excerpt":{"rendered":"<p>Redacci\u00f3n BBC News Mundo 3 horas Fuente de la imagen, Reuters Con enemigos como el Talib\u00e1n, Estado Isl\u00e1mico o Al Qaeda, los hazara de Afganist\u00e1n dicen que lo menos importante es saber qui\u00e9n est\u00e1 detr\u00e1s del devastador ataque del pasado s\u00e1bado contra su comunidad. Lo que quieren es que paren los ataques. Con rabia y [&hellip;]<\/p>\n","protected":false},"author":1,"featured_media":4344,"comment_status":"closed","ping_status":"closed","sticky":false,"template":"","format":"standard","meta":[],"categories":[13],"tags":[],"_links":{"self":[{"href":"http:\/\/nuevacordoba.net\/index.php\/wp-json\/wp\/v2\/posts\/4343"}],"collection":[{"href":"http:\/\/nuevacordoba.net\/index.php\/wp-json\/wp\/v2\/posts"}],"about":[{"href":"http:\/\/nuevacordoba.net\/index.php\/wp-json\/wp\/v2\/types\/post"}],"author":[{"embeddable":true,"href":"http:\/\/nuevacordoba.net\/index.php\/wp-json\/wp\/v2\/users\/1"}],"replies":[{"embeddable":true,"href":"http:\/\/nuevacordoba.net\/index.php\/wp-json\/wp\/v2\/comments?post=4343"}],"version-history":[{"count":0,"href":"http:\/\/nuevacordoba.net\/index.php\/wp-json\/wp\/v2\/posts\/4343\/revisions"}],"wp:featuredmedia":[{"embeddable":true,"href":"http:\/\/nuevacordoba.net\/index.php\/wp-json\/wp\/v2\/media\/4344"}],"wp:attachment":[{"href":"http:\/\/nuevacordoba.net\/index.php\/wp-json\/wp\/v2\/media?parent=4343"}],"wp:term":[{"taxonomy":"category","embeddable":true,"href":"http:\/\/nuevacordoba.net\/index.php\/wp-json\/wp\/v2\/categories?post=4343"},{"taxonomy":"post_tag","embeddable":true,"href":"http:\/\/nuevacordoba.net\/index.php\/wp-json\/wp\/v2\/tags?post=4343"}],"curies":[{"name":"wp","href":"https:\/\/api.w.org\/{rel}","templated":true}]}}