{"id":4374,"date":"2021-05-11T19:36:44","date_gmt":"2021-05-11T19:36:44","guid":{"rendered":"https:\/\/puntoapunto.com.ar\/?p=277484"},"modified":"2021-05-11T19:36:44","modified_gmt":"2021-05-11T19:36:44","slug":"bancor-capacitara-a-emprendedores-en-educacion-financiera","status":"publish","type":"post","link":"http:\/\/nuevacordoba.net\/index.php\/2021\/05\/11\/bancor-capacitara-a-emprendedores-en-educacion-financiera\/","title":{"rendered":"Bancor capacitar\u00e1 a emprendedores en educaci\u00f3n financiera"},"content":{"rendered":"<p><!-- image --><\/p>\n<div class=\"td-post-featured-image\"><a href=\"http:\/\/nuevacordoba.net\/wp-content\/uploads\/2021\/05\/bancor-capacitara-a-emprendedores-en-educacion-financiera-5.jpg\" data-caption><img loading=\"lazy\" width=\"696\" height=\"471\" class=\"entry-thumb td-modal-image\" src=\"http:\/\/nuevacordoba.net\/wp-content\/uploads\/2021\/05\/bancor-capacitara-a-emprendedores-en-educacion-financiera.jpg\" srcset=\"http:\/\/nuevacordoba.net\/wp-content\/uploads\/2021\/05\/bancor-capacitara-a-emprendedores-en-educacion-financiera.jpg 696w, http:\/\/nuevacordoba.net\/wp-content\/uploads\/2021\/05\/bancor-capacitara-a-emprendedores-en-educacion-financiera-1.jpg 300w, http:\/\/nuevacordoba.net\/wp-content\/uploads\/2021\/05\/bancor-capacitara-a-emprendedores-en-educacion-financiera-2.jpg 768w, http:\/\/nuevacordoba.net\/wp-content\/uploads\/2021\/05\/bancor-capacitara-a-emprendedores-en-educacion-financiera-3.jpg 150w, http:\/\/nuevacordoba.net\/wp-content\/uploads\/2021\/05\/bancor-capacitara-a-emprendedores-en-educacion-financiera-4.jpg 621w, http:\/\/nuevacordoba.net\/wp-content\/uploads\/2021\/05\/bancor-capacitara-a-emprendedores-en-educacion-financiera-5.jpg 1024w\" sizes=\"(max-width: 696px) 100vw, 696px\" alt title=\"Bancor\"><\/a><\/div>\n<p> <!-- content --><\/p>\n<div class=\"td-a-rec td-a-rec-id-content_top tdi_73_900 td_block_template_10\">\n<div class=\"g g-34\">\n<div class=\"g-single a-299\"><a class=\"gofollow\" data-track=\"Mjk5LDM0LDEsNjA=\" href=\"http:\/\/www.grupocanter.com.ar\/landing\/blanqueo\/pap\/?utm_source=Punto%20a%20Punto&amp;utm_medium=Banners&amp;utm_campaign=Blanqueo&amp;utm_term=950x187\"><img src=\"http:\/\/nuevacordoba.net\/wp-content\/uploads\/2021\/05\/bancor-capacitara-a-emprendedores-en-educacion-financiera.gif\"><\/a><\/div>\n<\/div>\n<\/div>\n<p>El presidente de Bancor, <a href=\"https:\/\/puntoapunto.com.ar\/tag\/daniel-tillard\/\" class=\"st_tag internal_tag\" rel=\"tag\" title=\"Posts tagged with Daniel Tillard\">Daniel Tillard<\/a>, y la ministra de Promoci\u00f3n del Empleo y de la Econom\u00eda Familiar de C\u00f3rdoba y presidenta de la Fundaci\u00f3n Banco de C\u00f3rdoba, Laura Jure, firmaron un convenio para capacitar en educaci\u00f3n financiera a emprendedores y trabajadores de la econom\u00eda popular.<\/p>\n<p>La formaci\u00f3n estar\u00e1 a cargo de profesionales de la entidad, que dictar\u00e1n <a href=\"https:\/\/puntoapunto.com.ar\/tag\/talleres\/\" class=\"st_tag internal_tag\" rel=\"tag\" title=\"Posts tagged with Talleres\">talleres<\/a> virtuales sobre nociones b\u00e1sicas de finanzas y claves para desarrollar un <a href=\"https:\/\/puntoapunto.com.ar\/tag\/emprendimiento\/\" class=\"st_tag internal_tag\" rel=\"tag\" title=\"Posts tagged with Emprendimiento\">emprendimiento<\/a>.<\/p>\n<p>Durante el encuentro <a href=\"https:\/\/puntoapunto.com.ar\/tag\/tillard\/\" class=\"st_tag internal_tag\" rel=\"tag\" title=\"Posts tagged with Tillard\">Tillard<\/a> manifest\u00f3 que \u201ceste convenio favorece la educaci\u00f3n e inclusi\u00f3n financiera de los emprendedores de nuestra provincia. En Bancor aspiramos a difundir las herramientas necesarias para que cada emprendedor pueda mejorar su tarea\u201d.<\/p>\n<p>Jure, por su <a href=\"https:\/\/puntoapunto.com.ar\/tag\/parte\/\" class=\"st_tag internal_tag\" rel=\"tag\" title=\"Posts tagged with parte\">parte<\/a>, expres\u00f3: \u201cLa educaci\u00f3n e inclusi\u00f3n financiera forma parte de la justicia social. Para nosotros es fundamental que todos los emprendedores puedan tener las herramientas para seguir creciendo\u201d.<\/p>\n<p>Las capacitaciones ofrecer\u00e1n herramientas a emprendedores y trabajadores de la econom\u00eda popular para optimizar sus econom\u00edas personales, fortalecer sus proyectos y avanzar hacia una planificaci\u00f3n estrat\u00e9gica. Adem\u00e1s, Bancor brindar\u00e1 informaci\u00f3n sobre <a href=\"https:\/\/puntoapunto.com.ar\/tag\/productos\/\" class=\"st_tag internal_tag\" rel=\"tag\" title=\"Posts tagged with Productos\">productos<\/a>, <a href=\"https:\/\/puntoapunto.com.ar\/tag\/servicios-2\/\" class=\"st_tag internal_tag\" rel=\"tag\" title=\"Posts tagged with Servicios\">servicios<\/a> y medidas de seguridad para operar con el banco.<\/p>\n<p>Los buenos h\u00e1bitos financieros son la base para el futuro de cualquier proyecto. El camino de emprender tiene muchos desaf\u00edos que conllevan la toma de decisiones correctas en el momento indicado y el entrenamiento adecuado.<\/p>\n<p> No tags for this post. <!-- A generated by theme --> <!-- end A --> <\/p>\n","protected":false},"excerpt":{"rendered":"<p>El presidente de Bancor, Daniel Tillard, y la ministra de Promoci\u00f3n del Empleo y de la Econom\u00eda Familiar de C\u00f3rdoba y presidenta de la Fundaci\u00f3n Banco de C\u00f3rdoba, Laura Jure, firmaron un convenio para capacitar en educaci\u00f3n financiera a emprendedores y trabajadores de la econom\u00eda popular. La formaci\u00f3n estar\u00e1 a cargo de profesionales de la [&hellip;]<\/p>\n","protected":false},"author":1,"featured_media":4375,"comment_status":"open","ping_status":"closed","sticky":false,"template":"","format":"standard","meta":[],"categories":[14],"tags":[],"_links":{"self":[{"href":"http:\/\/nuevacordoba.net\/index.php\/wp-json\/wp\/v2\/posts\/4374"}],"collection":[{"href":"http:\/\/nuevacordoba.net\/index.php\/wp-json\/wp\/v2\/posts"}],"about":[{"href":"http:\/\/nuevacordoba.net\/index.php\/wp-json\/wp\/v2\/types\/post"}],"author":[{"embeddable":true,"href":"http:\/\/nuevacordoba.net\/index.php\/wp-json\/wp\/v2\/users\/1"}],"replies":[{"embeddable":true,"href":"http:\/\/nuevacordoba.net\/index.php\/wp-json\/wp\/v2\/comments?post=4374"}],"version-history":[{"count":0,"href":"http:\/\/nuevacordoba.net\/index.php\/wp-json\/wp\/v2\/posts\/4374\/revisions"}],"wp:featuredmedia":[{"embeddable":true,"href":"http:\/\/nuevacordoba.net\/index.php\/wp-json\/wp\/v2\/media\/4375"}],"wp:attachment":[{"href":"http:\/\/nuevacordoba.net\/index.php\/wp-json\/wp\/v2\/media?parent=4374"}],"wp:term":[{"taxonomy":"category","embeddable":true,"href":"http:\/\/nuevacordoba.net\/index.php\/wp-json\/wp\/v2\/categories?post=4374"},{"taxonomy":"post_tag","embeddable":true,"href":"http:\/\/nuevacordoba.net\/index.php\/wp-json\/wp\/v2\/tags?post=4374"}],"curies":[{"name":"wp","href":"https:\/\/api.w.org\/{rel}","templated":true}]}}