{"id":438,"date":"2021-02-01T11:59:59","date_gmt":"2021-02-01T11:59:59","guid":{"rendered":"http:\/\/nuevacordoba.net\/index.php\/2021\/02\/01\/europa-europa-estrena-la-miniserie-volare-sobre-el-cantante-italiano-domenico-modugno\/"},"modified":"2021-02-01T11:59:59","modified_gmt":"2021-02-01T11:59:59","slug":"europa-europa-estrena-la-miniserie-volare-sobre-el-cantante-italiano-domenico-modugno","status":"publish","type":"post","link":"http:\/\/nuevacordoba.net\/index.php\/2021\/02\/01\/europa-europa-estrena-la-miniserie-volare-sobre-el-cantante-italiano-domenico-modugno\/","title":{"rendered":"Europa Europa estrena la miniserie \u00abVolare\u00bb, sobre el cantante italiano Domenico Modugno"},"content":{"rendered":"<div class=\"image\" id=\"image\" readability=\"8\"> <img src=\"http:\/\/nuevacordoba.net\/wp-content\/uploads\/2021\/02\/europa-europa-estrena-la-miniserie-volare-sobre-el-cantante-italiano-domenico-modugno.jpg\" alt=\"Giuseppe Fiorello como Modugno, en &quot;Volare&quot;\" title=\"Giuseppe Fiorello como Modugno, en &quot;Volare&quot;\"><\/p>\n<p>Giuseppe Fiorello como Modugno, en \u00abVolare\u00bb<\/p>\n<\/div>\n<p>La se\u00f1al de cable <strong>Europa Europa presentar\u00e1 el lunes 8 y 15 de febrero a las 22 \u201cVolare\u201d<\/strong>, una miniserie de dos partes que indaga en <strong>la carrera del cantante italiano Domenico Modugno (1928-1994), leyenda y emblema de la canci\u00f3n mel\u00f3dica de su pa\u00eds<\/strong>.<\/p>\n<p>Se trata de un recorrido que <strong>arranca en su Polignano natal y sigue en Roma, donde llega con el sue\u00f1o de convertirse en actor, hasta su consagraci\u00f3n como \u00abMr. Volare\u00bb<\/strong> con la legendaria canci\u00f3n, ganadora del Festival de San Remo en 1958, y tercera en Eurovisi\u00f3n el mismo a\u00f1o.<\/p>\n<p>Esta miniserie, en la que el actor <strong>Giuseppe Fiorello interpreta a Modugno<\/strong>, hace eje en sus amores, canciones -compuso 230 a lo largo de vida-, hasta su gran \u00e9xito \u201cVolare\u201d, y tambi\u00e9n en c\u00f3mo ese tema marc\u00f3 un antes y un despu\u00e9s en su vida y en la historia del g\u00e9nero mel\u00f3dico italiano.<\/p>\n<p><strong>Modugno particip\u00f3 en medio centenar de pel\u00edculas, producciones teatrales y series<\/strong>, y fue presentador de televisi\u00f3n; hasta que en 1984, con 57 a\u00f1os, sufri\u00f3 ante las c\u00e1maras un ictus que le puso al borde de la muerte.<\/p>\n<p>Pas\u00f3 el resto de sus d\u00edas en una silla de ruedas, lo que no le impidi\u00f3 ser dirigente y diputado del Partido Radical entre 1987 y 1992. Falleci\u00f3 en 1994 en la isla de Lampedusa. <\/p>\n","protected":false},"excerpt":{"rendered":"<p>Giuseppe Fiorello como Modugno, en \u00abVolare\u00bb La se\u00f1al de cable Europa Europa presentar\u00e1 el lunes 8 y 15 de febrero a las 22 \u201cVolare\u201d, una miniserie de dos partes que indaga en la carrera del cantante italiano Domenico Modugno (1928-1994), leyenda y emblema de la canci\u00f3n mel\u00f3dica de su pa\u00eds. Se trata de un recorrido [&hellip;]<\/p>\n","protected":false},"author":1,"featured_media":439,"comment_status":"closed","ping_status":"closed","sticky":false,"template":"","format":"standard","meta":[],"categories":[9],"tags":[],"_links":{"self":[{"href":"http:\/\/nuevacordoba.net\/index.php\/wp-json\/wp\/v2\/posts\/438"}],"collection":[{"href":"http:\/\/nuevacordoba.net\/index.php\/wp-json\/wp\/v2\/posts"}],"about":[{"href":"http:\/\/nuevacordoba.net\/index.php\/wp-json\/wp\/v2\/types\/post"}],"author":[{"embeddable":true,"href":"http:\/\/nuevacordoba.net\/index.php\/wp-json\/wp\/v2\/users\/1"}],"replies":[{"embeddable":true,"href":"http:\/\/nuevacordoba.net\/index.php\/wp-json\/wp\/v2\/comments?post=438"}],"version-history":[{"count":0,"href":"http:\/\/nuevacordoba.net\/index.php\/wp-json\/wp\/v2\/posts\/438\/revisions"}],"wp:featuredmedia":[{"embeddable":true,"href":"http:\/\/nuevacordoba.net\/index.php\/wp-json\/wp\/v2\/media\/439"}],"wp:attachment":[{"href":"http:\/\/nuevacordoba.net\/index.php\/wp-json\/wp\/v2\/media?parent=438"}],"wp:term":[{"taxonomy":"category","embeddable":true,"href":"http:\/\/nuevacordoba.net\/index.php\/wp-json\/wp\/v2\/categories?post=438"},{"taxonomy":"post_tag","embeddable":true,"href":"http:\/\/nuevacordoba.net\/index.php\/wp-json\/wp\/v2\/tags?post=438"}],"curies":[{"name":"wp","href":"https:\/\/api.w.org\/{rel}","templated":true}]}}