{"id":43812,"date":"2024-05-28T03:04:15","date_gmt":"2024-05-28T03:04:15","guid":{"rendered":"https:\/\/puntoapunto.com.ar\/?p=361167"},"modified":"2024-05-28T03:04:15","modified_gmt":"2024-05-28T03:04:15","slug":"encuesta-pese-a-la-imagen-positiva-de-milei-crece-el-rechazo-al-ajuste","status":"publish","type":"post","link":"http:\/\/nuevacordoba.net\/index.php\/2024\/05\/28\/encuesta-pese-a-la-imagen-positiva-de-milei-crece-el-rechazo-al-ajuste\/","title":{"rendered":"Encuesta: pese a la imagen positiva de Milei, crece el rechazo al ajuste"},"content":{"rendered":"<div class=\"g g-36\">\n<div class=\"g-dyn a-29 c-1\"><a class=\"gofollow\" data-track=\"MjksMzYsMSw2MA==\" href=\"https:\/\/www.harmoniechateau.com.ar\/\" target=\"_blank\" rel=\"noopener\"><img src=\"http:\/\/nuevacordoba.net\/wp-content\/uploads\/2024\/05\/encuesta-pese-a-la-imagen-positiva-de-milei-crece-el-rechazo-al-ajuste.jpg\" loading=\"lazy\"><\/a><\/div>\n<\/div>\n<p>&nbsp;\n<\/p>\n<p>La situaci\u00f3n econ\u00f3mica del pa\u00eds (con una ca\u00edda generalizada del consumo&nbsp;en todos los rubros), la baja de la inflaci\u00f3n, el rol del Estado, la pol\u00edtica internacional de&nbsp;<strong>Javier Milei&nbsp;<\/strong>y c\u00f3mo impacta el ajuste en los bolsillos de los argentinos. Esos son son algunos de los puntos m\u00e1s importantes de la nueva encuesta de opini\u00f3n realizada por la consultora<strong><a href=\"https:\/\/zubancordoba.com\/portfolio\/informe-nacional-mayo-2024\/\" target=\"_blank\" rel=\"noopener\"> Zuban C\u00f3rdoba y asociados<\/a>.<\/strong>\n<\/p>\n<p>Realizada entre el 17 y 19 de mayo 2024 con la t\u00e9cnica CAWI de recolecci\u00f3n de informaci\u00f3n, con un tama\u00f1o de muestra de 1400 casos y un error de muestreo de +\/-2,62%, el revelamiento hace eje en varios puntos. Uno de los datos m\u00e1s&nbsp; sobresalientes es que <strong>\u00abel 74% opina que \u201cel ajuste lo estamos pagando todos\u201d y el 65% est\u00e1 en desacuerdo con que \u201clos<a href=\"https:\/\/puntoapunto.com.ar\/recuperacion-del-salario-en-la-era-milei-que-factores-se-necesitan-para-comenzar-a-ganarle-a-la-inflacion\/\" target=\"_blank\" rel=\"noopener\"> salarios empezaron a ganarle a la inflaci\u00f3n<\/a>\u201d.<\/strong>\n<\/p>\n<p><img decoding=\"async\" src=\"http:\/\/nuevacordoba.net\/wp-content\/uploads\/2024\/05\/encuesta-pese-a-la-imagen-positiva-de-milei-crece-el-rechazo-al-ajuste-1.jpg\" alt=\"ENCUESTA 8 SALARIOS\" loading=\"lazy\">\n<\/p>\n<h5><strong>Pol\u00edtica internacional<\/strong><\/h5>\n<p>La <strong>pol\u00edtica internacional y las relaciones diplom\u00e1ticas<\/strong> que lleva adelante el gobierno de Milei tambi\u00e9n forman parte de la encuesta realizada por Zuban C\u00f3rdoba y asociados. \u00abLa pol\u00edtica internacional del gobierno de Javier Milei no hace m\u00e1s que sorprender por las afrentas a los pa\u00edses que son los principales socios comerciales de la Argentina. \u00bfPara qu\u00e9 sirve la pol\u00edtica internacional y la diplomacia si no es para establecer y reforzar lazos con la comunidad internacional? Hasta ahora el presidente ha proferido puros desplantes y cr\u00edticas a los presidentes de China, Brasil, M\u00e9xico y Espa\u00f1a, entre otros\u00bb, expresan desde la consultora.<\/p>\n<p>Y agregan: \u00ab<strong>Brasil ocup\u00f3 el segundo lugar con 72% de prestigio y el primer lugar (93.7%) como socio comercial y m\u00e1s importante para mantener relaciones diplom\u00e1ticas.<\/strong> China, en tercer lugar (82.6%) tambi\u00e9n es percibido como socio fundamental, mientras que la cercan\u00eda del presidente con EE. UU. e Israel es interpretada como irrelevante por el 52.9% y el apoyo a Israel por el 59.3%\u00bb.\n<\/p>\n<p><img decoding=\"async\" src=\"http:\/\/nuevacordoba.net\/wp-content\/uploads\/2024\/05\/encuesta-pese-a-la-imagen-positiva-de-milei-crece-el-rechazo-al-ajuste-2.jpg\" alt=\"ENCUESTA 2\" loading=\"lazy\">\n<\/p>\n<h5><strong>Islas Malvinas<\/strong><\/h5>\n<p>El 25 de mayo, adem\u00e1s de cumplirse 214 a\u00f1os de la Revoluci\u00f3n de Mayo, se cumplieron 214 a\u00f1os de la soberan\u00eda argentina en las Islas Malvinas. El 57% cree que el presidente <a href=\"https:\/\/puntoapunto.com.ar\/desde-cordoba-milei-anuncio-la-creacion-de-un-consejo-de-mayo-y-la-baja-de-impuestos\/\" target=\"_blank\" rel=\"noopener\">Milei<\/a> no le da prioridad al tema, el 91% cree que hay que seguir reclamando y el 55.2% cree que la posici\u00f3n del primer mandatario es muy favorable a Inglaterra.\n<\/p>\n<h5><strong>Esperanza, tristeza, verg\u00fcenza<\/strong><\/h5>\n<p>A pesar de que la realidad econ\u00f3mica es muy compleja, <strong>el 29% responde que siente esperanza, pero seguido de 22,3% tristeza y un 20,7% de verg\u00fcenza.<\/strong>\n<\/p>\n<p><img decoding=\"async\" src=\"http:\/\/nuevacordoba.net\/wp-content\/uploads\/2024\/05\/encuesta-pese-a-la-imagen-positiva-de-milei-crece-el-rechazo-al-ajuste-3.jpg\" alt=\"ENCUESTA 6 SENTIMIENTOS\" loading=\"lazy\">\n<\/p>\n<h5><strong>Niveles de aprobaci\u00f3n de la gesti\u00f3n<\/strong><\/h5>\n<p>El nivel de aprobaci\u00f3n de la gesti\u00f3n de Milei se mantiene en niveles altos: <strong>46.6% y un 47% que opina que el pa\u00eds va en la direcci\u00f3n correcta.<\/strong>\n<\/p>\n<p><img decoding=\"async\" src=\"http:\/\/nuevacordoba.net\/wp-content\/uploads\/2024\/05\/encuesta-pese-a-la-imagen-positiva-de-milei-crece-el-rechazo-al-ajuste-4.jpg\" alt=\"ENCUESTA 5 IMAGEN GOBIERNO\" loading=\"lazy\">\n<\/p>\n<h5><strong>El Estado<\/strong><\/h5>\n<p>Los principales elementos discursivos del gobierno logran acuerdos superiores al 40%, aunque inferiores al 56% que esgrime como principal argumento de gobernabilidad: \u201clas grandes empresas van a sacar adelante al pa\u00eds\u201d (42%), \u201cel Estado no sirve para resolver mis problemas\u201d (46.7%), aunque hay menos acuerdo en \u201cel Estado no est\u00e1 para ser manejado sino para ser desmantelado\u201d (32,8%).\n<\/p>\n<h5><strong>Imagen de Milei<\/strong><\/h5>\n<p>La imagen del presidente no ha sufrido grandes variaciones, baj\u00f3 casi 1 punto en imagen positiva 46,6 y mantiene una imagen negativa del 52%.\n<\/p>\n<div class=\"g g-38\">\n<div class=\"g-dyn a-12 c-1\"><a class=\"gofollow\" data-track=\"MTIsMzgsMSw2MA==\" href=\"https:\/\/form.jotform.com\/240784464263663\" target=\"_blank\" rel=\"noopener\"><img src=\"http:\/\/nuevacordoba.net\/wp-content\/uploads\/2024\/05\/encuesta-pese-a-la-imagen-positiva-de-milei-crece-el-rechazo-al-ajuste-5.jpg\" loading=\"lazy\"><\/a><\/div>\n<\/div>\n","protected":false},"excerpt":{"rendered":"<p>&nbsp; La situaci\u00f3n econ\u00f3mica del pa\u00eds (con una ca\u00edda generalizada del consumo&nbsp;en todos los rubros), la baja de la inflaci\u00f3n, el rol del Estado, la pol\u00edtica internacional de&nbsp;Javier Milei&nbsp;y c\u00f3mo impacta el ajuste en los bolsillos de los argentinos. Esos son son algunos de los puntos m\u00e1s importantes de la nueva encuesta de opini\u00f3n realizada [&hellip;]<\/p>\n","protected":false},"author":1,"featured_media":43813,"comment_status":"open","ping_status":"closed","sticky":false,"template":"","format":"standard","meta":[],"categories":[12,14],"tags":[],"_links":{"self":[{"href":"http:\/\/nuevacordoba.net\/index.php\/wp-json\/wp\/v2\/posts\/43812"}],"collection":[{"href":"http:\/\/nuevacordoba.net\/index.php\/wp-json\/wp\/v2\/posts"}],"about":[{"href":"http:\/\/nuevacordoba.net\/index.php\/wp-json\/wp\/v2\/types\/post"}],"author":[{"embeddable":true,"href":"http:\/\/nuevacordoba.net\/index.php\/wp-json\/wp\/v2\/users\/1"}],"replies":[{"embeddable":true,"href":"http:\/\/nuevacordoba.net\/index.php\/wp-json\/wp\/v2\/comments?post=43812"}],"version-history":[{"count":0,"href":"http:\/\/nuevacordoba.net\/index.php\/wp-json\/wp\/v2\/posts\/43812\/revisions"}],"wp:featuredmedia":[{"embeddable":true,"href":"http:\/\/nuevacordoba.net\/index.php\/wp-json\/wp\/v2\/media\/43813"}],"wp:attachment":[{"href":"http:\/\/nuevacordoba.net\/index.php\/wp-json\/wp\/v2\/media?parent=43812"}],"wp:term":[{"taxonomy":"category","embeddable":true,"href":"http:\/\/nuevacordoba.net\/index.php\/wp-json\/wp\/v2\/categories?post=43812"},{"taxonomy":"post_tag","embeddable":true,"href":"http:\/\/nuevacordoba.net\/index.php\/wp-json\/wp\/v2\/tags?post=43812"}],"curies":[{"name":"wp","href":"https:\/\/api.w.org\/{rel}","templated":true}]}}